{"id":15054,"date":"2024-07-30T17:35:57","date_gmt":"2024-07-30T15:35:57","guid":{"rendered":"https:\/\/www.lazioinnova.it\/laziointernational\/?p=15054"},"modified":"2025-08-08T15:07:52","modified_gmt":"2025-08-08T13:07:52","slug":"manifestazione-di-interesse-per-la-partecipazione-a-motori-capitale","status":"publish","type":"post","link":"https:\/\/www.lazioinnova.it\/laziointernational\/2024\/07\/30\/manifestazione-di-interesse-per-la-partecipazione-a-motori-capitale\/","title":{"rendered":"Manifestazione di interesse per la partecipazione a &#8220;Motori Capitale&#8221;"},"content":{"rendered":"\n<figure class=\"wp-block-image size-large\"><img loading=\"lazy\" decoding=\"async\" width=\"1024\" height=\"102\" src=\"https:\/\/www.lazioinnova.it\/laziointernational\/app\/uploads\/2024\/07\/Blocchetto-loghi-fiere-in-convenzione-2024_def2-1024x102.jpg\" alt=\"\" class=\"wp-image-15018\" srcset=\"https:\/\/www.lazioinnova.it\/laziointernational\/app\/uploads\/2024\/07\/Blocchetto-loghi-fiere-in-convenzione-2024_def2-1024x102.jpg 1024w, https:\/\/www.lazioinnova.it\/laziointernational\/app\/uploads\/2024\/07\/Blocchetto-loghi-fiere-in-convenzione-2024_def2-300x30.jpg 300w, https:\/\/www.lazioinnova.it\/laziointernational\/app\/uploads\/2024\/07\/Blocchetto-loghi-fiere-in-convenzione-2024_def2-768x77.jpg 768w, https:\/\/www.lazioinnova.it\/laziointernational\/app\/uploads\/2024\/07\/Blocchetto-loghi-fiere-in-convenzione-2024_def2-1536x154.jpg 1536w, https:\/\/www.lazioinnova.it\/laziointernational\/app\/uploads\/2024\/07\/Blocchetto-loghi-fiere-in-convenzione-2024_def2-2048x205.jpg 2048w\" sizes=\"auto, (max-width: 1024px) 100vw, 1024px\" \/><\/figure>\n\n\n\n<p>La <strong>Camera di Commercio<\/strong> di Roma, con il supporto dell\u2019<strong>Azienda Speciale Sviluppo e Territorio<\/strong>, e, nelle more della firma della Convenzione per la partecipazione congiunta a manifestazioni fieristiche \u2013 anno 2024, in collaborazione con la<strong> Regione Lazio <\/strong>per il tramite del soggetto attuatore<strong> Lazio Innova spa<\/strong>, intendono partecipare alla manifestazione fieristica \u201c<strong>Motori Capitale<\/strong>\u201d che si svolger\u00e0 dal 21 al 22 settembre 2024 presso la <strong>Fiera di Roma<\/strong>.<\/p>\n\n\n\n<p>La partecipazione prevede la realizzazione di una collettiva di <strong>n. 15 imprese&nbsp;<\/strong>del Lazio interessate a prendere parte alla manifestazione.<\/p>\n\n\n\n<p>L&#8217;iniziativa \u00e8 sostenuta con risorse del <strong>PR FESR Lazio 2021-2027<\/strong>.<\/p>\n\n\n\n<p><strong>Motori Capitale<\/strong> alla sua prima edizione \u00e8 un prestigioso&nbsp;<strong>salone dedicato al motorismo storico<\/strong>&nbsp;che richiama l&#8217;interesse e la passione per i veicoli motorizzati storici o d&#8217;epoca, tra cui automobili, motociclette, camion, pullman ed altre forme di trasporto che risalgono ad anni passati.<\/p>\n\n\n\n<p>Uno degli obiettivi principali di Motori Capitale, riportando l\u2019entusiasmo per i veicoli d\u2019epoca nella splendida citt\u00e0 di Roma, \u00e8&nbsp;<strong>promuovere e tutelare<\/strong>&nbsp;il motorismo storico attraverso la collaborazione con le istituzioni e le comunit\u00e0 centrali e territoriali, oltre alla conservazione delle competenze uniche possedute dai nostri artigiani, trasmesse alle nuove generazioni. I veicoli di interesse storico e collezionistico, inclusi quelli d&#8217;epoca, possono essere considerati beni culturali da tutelare, in quanto rappresentano un patrimonio storico e sociale di inestimabile valore, in grado di attrarre un vasto pubblico appassionato. &nbsp;Nei giorni della manifestazione, esperti del settore offriranno l\u2019opportunit\u00e0 di approfondire la conoscenza tecnica sugli aspetti storici e tecnologici dei veicoli: sar\u00e0 possibile ammirare una vasta gamma di veicoli, molti dei quali unici o rari avendo, cos\u00ec, l\u2019occasione di apprezzare da vicino il <em>design<\/em> e l\u2019artigianato di epoche passate.<\/p>\n\n\n\n<p>La manifestazione si svilupper\u00e0 su 3 padiglioni espositivi, con la partecipazione di ACI, di commercianti di auto classiche, di ASI \u2013 Registro Storico Italiano e di molti club; saranno sviluppate varie tematiche espositive dedicate ad alcuni modelli \u2013 in particolare quelli per cui ricorre un anniversario nell\u2019anno in corso e verr\u00e0 destinato uno spazio alla mostra scambio. Anche le aree esterne saranno pienamente coinvolte, con l\u2019organizzazione di raduni e dimostrazioni di regolarit\u00e0.<\/p>\n\n\n\n<p><strong>SPAZIO ESPOSITIVO<\/strong><\/p>\n\n\n\n<p>Ogni impresa ammessa alla collettiva regionale avr\u00e0 gratuitamente a disposizione uno spazio espositivo di mq. 20 (5&#215;4) che include: struttura portante con pannelli, rivestimento a terra con moquette ignifuga, ripostiglio completo di porta chiudibile, insegna con nome azienda, impianto elettrico e di illuminazione, 1 multipresa, pacchetto arredo comprendente: n. 1 scrivania, n. 3 sedie, n. 1 banco reception, n. 1 sgabello, n. 1 cestino gettacarte, n. 1 appendiabiti).<\/p>\n\n\n\n<p><strong>Servizi inclusi<\/strong><\/p>\n\n\n\n<ul class=\"wp-block-list\">\n<li>quota di iscrizione;<\/li>\n\n\n\n<li>diritti e servizi di segreteria;<\/li>\n\n\n\n<li>installazione della potenza elettrica fino a 2KW\/220, compreso quadro elettrico, allaccio e collaudo;<\/li>\n\n\n\n<li>estintore;<\/li>\n\n\n\n<li>assicurazione R.C.T. \u2013 R.C.O. e INCENDIO (quota base);<\/li>\n\n\n\n<li>connessione WIFi con massimo 2 accessi;<\/li>\n\n\n\n<li>n. 1 pass parcheggio auto all\u2019interno del Quartiere Fieristico;<\/li>\n\n\n\n<li>n. 3 Tessere Espositore;<\/li>\n\n\n\n<li>n. 10 inviti clientela;<\/li>\n\n\n\n<li>iscrizione nel catalogo ufficiale della manifestazione<\/li>\n<\/ul>\n\n\n\n<p>&nbsp;<strong>CATEGORIE MERCEOLOGICHE AMMESSE<\/strong><\/p>\n\n\n\n<p>Sono ammesse a partecipare le imprese che operano nelle seguenti categorie merceologiche necessariamente collegate <strong>al settore delle auto e moto storiche e d\u2019epoca<\/strong>:<\/p>\n\n\n\n<ul class=\"wp-block-list\">\n<li>Auto e moto;<\/li>\n\n\n\n<li>ricambi e accessori per auto e moto;<\/li>\n\n\n\n<li>abbigliamento tecnico per auto e moto;<\/li>\n\n\n\n<li>officine, carrozzerie e artigiani specializzati in restauro veicoli;<\/li>\n\n\n\n<li>automobilia, modellismo e abbigliamento vintage e sartoriale;<\/li>\n\n\n\n<li>organizzazione tour specializzati.<\/li>\n<\/ul>\n\n\n\n<p><strong>REQUISITI DI AMMISSIBILIT\u00c0 PER LE IMPRESE INVITATE A PARTECIPARE&nbsp;<\/strong><\/p>\n\n\n\n<p>L\u2019opportunit\u00e0 di prendere parte a Motori Capitale \u00e8 riservata alle imprese in possesso dei seguenti requisiti:<\/p>\n\n\n\n<ul class=\"wp-block-list\">\n<li>sede legale e\/o operativa nel Lazio;&nbsp;<\/li>\n\n\n\n<li>coerenza dell\u2019attivit\u00e0 dell\u2019azienda con il settore o i settori economici cui la manifestazione \u00e8 rivolta;<\/li>\n\n\n\n<li>essere MPMI, come classificate nell\u2019Allegato I del Regolamento (UE) n. 651\/2014, in forma singola o associata in Consorzi, Societ\u00e0 Consortili o Reti di imprese con personalit\u00e0 giuridica (Reti-soggetto), definite ai sensi dei commi 4-ter e 4-quater dell\u2019art. 3 del Decreto-legge n. 5 del 10 febbraio 2009, convertito, con modificazioni, nella Legge n. 33 del 09 Aprile 2009 e ss.mm.ii., al momento della presentazione della manifestazione di interesse;<\/li>\n\n\n\n<li>essere regolarmente iscritte nel Registro delle Imprese della C.C.I.A.A. competente per territorio e in regola, al momento della presentazione della manifestazione di interesse o comunque entro i termini di chiusura di presentazione della stessa, con il pagamento del diritto annuale e con la dichiarazione dell\u2019attivit\u00e0 esercitata;<\/li>\n\n\n\n<li>esercitare, in relazione alla sede laziale, un\u2019attivit\u00e0 economica coerente con il settore;<\/li>\n\n\n\n<li>non essere beneficiarie di agevolazioni pubbliche relative alla partecipazione alla manifestazione fieristica in questione e non avere presentato domande di agevolazione per partecipare alla medesima manifestazione;&nbsp;<\/li>\n\n\n\n<li>essere nel pieno e libero esercizio dei propri diritti, attive e non siano sottoposte n\u00e9 siano state sottoposte, nei cinque anni precedenti, a procedure di liquidazione volontaria, liquidazione coatta, fallimento, concordato preventivo (ad eccezione del concordato preventivo con continuit\u00e0 aziendale) ed ogni altra procedura concorsuale n\u00e9 abbiano in corso un procedimento per la dichiarazione di una delle suddette situazioni;<\/li>\n\n\n\n<li>possedere capacit\u00e0 di contrarre ovvero non siano state oggetto di sanzione interdittiva o altra sanzione che comporti il divieto di contrarre con la Pubblica Amministrazione;<\/li>\n\n\n\n<li>non avere Amministratori e\/o Legali Rappresentanti che siano stati condannati con sentenza passata in giudicato ovvero nei cui confronti sia stato emesso decreto penale di condanna divenuto irrevocabile o sentenza di applicazione della pena su richiesta, ai sensi dell\u2019art. 444 c.p.p., per reati gravi in danno dello Stato o della Comunit\u00e0 che incidono sulla moralit\u00e0 professionale (\u00e8 comunque causa di esclusione la condanna, con sentenza passata in giudicato, per reati di partecipazione ad un\u2019organizzazione criminale, corruzione, frode, riciclaggio);<\/li>\n\n\n\n<li>non avere Amministratori e\/o Legali Rappresentanti che si siano resi colpevoli di false dichiarazioni nei rapporti con la Pubblica Amministrazione;<\/li>\n\n\n\n<li>essere in regola con il versamento dei contributi previdenziali e assistenziali, accertabile mediante acquisizione del DURC, ovvero:<\/li>\n\n\n\n<li>&nbsp;non essere soggetti agli obblighi in materia di regolarit\u00e0 contributiva e, quindi, non essere tenuti all\u2019iscrizione presso alcun Ente previdenziale o assistenziale.<\/li>\n<\/ul>\n\n\n\n<p>Il possesso dei succitati requisiti \u00e8 attestato mediante dichiarazioni rese attraverso il modulo di manifestazione di interesse.&nbsp;<\/p>\n\n\n\n<p><em>Tali dichiarazioni possono essere verificate cos\u00ec come stabilito dall\u2019art. 71 comma 1 del D.P.R. 445 del 28.12.2000, come modificato dall\u2019art. 264 del D.L. 19 maggio 2020 n. 34, con applicazione, nel caso di dichiarazioni mendaci, della decadenza dai benefici e delle sanzioni penali, rispettivamente previste dagli artt. 75 e 76 del medesimo D.P.R., come da ultimo rese pi\u00f9 severe per effetto del citato articolo 264.&nbsp;<\/em><\/p>\n\n\n\n<p>&nbsp;<br><strong>MODALIT\u00c0 DI PRESENTAZIONE DELLA DOMANDA DI PARTECIPAZIONE&nbsp;<\/strong><\/p>\n\n\n\n<p style=\"font-size:22px\"><strong>ISCRIZIONI CHIUSE<\/strong><br><\/p>\n\n\n\n<p><strong>CRITERI DI AMMISSIBILIT\u00c0 GENERALI&nbsp;<\/strong><\/p>\n\n\n\n<ul class=\"wp-block-list\">\n<li>Correttezza dell\u2019iter amministrativo di presentazione della domanda di partecipazione (rispetto delle modalit\u00e0 e dei tempi);&nbsp;<\/li>\n\n\n\n<li>Completezza della domanda di partecipazione.<\/li>\n<\/ul>\n\n\n\n<p><strong>CONDIZIONI DI ESCLUSIONE<\/strong><\/p>\n\n\n\n<p><strong>Sono escluse dalla partecipazione:<\/strong><\/p>\n\n\n\n<ul class=\"wp-block-list\">\n<li>le imprese gi\u00e0 presenti alla manifestazione con un proprio stand;<\/li>\n\n\n\n<li>le imprese morose nei confronti degli organizzatori per somme relative a precedenti manifestazioni, ovvero morose nei confronti di altri organismi in collaborazione con i quali gli organizzatori promuovono l\u2019iniziativa;<\/li>\n\n\n\n<li>le imprese che non abbiano sufficiente capienza del plafond \u201cde minimis\u201d di cui all\u2019art. 3, paragrafo 2 del Regolamento (UE) 1407\/2013.<\/li>\n<\/ul>\n\n\n\n<p>&nbsp;<strong>SELEZIONE&nbsp;<\/strong><\/p>\n\n\n\n<p>La selezione avverr\u00e0 a cura di un Nucleo di Valutazione composto da:&nbsp;<\/p>\n\n\n\n<ul class=\"wp-block-list\">\n<li>un rappresentante di Regione Lazio;<\/li>\n\n\n\n<li>un rappresentante del Sistema Camerale di Roma;<\/li>\n\n\n\n<li>un rappresentante di Lazio Innova.&nbsp;<\/li>\n<\/ul>\n\n\n\n<p><strong>CRITERI DI SELEZIONE E COMUNICAZIONE DI AMMISSIONE<\/strong>&nbsp;<\/p>\n\n\n\n<p>Gli spazi espositivi saranno assegnati a ciascuna impresa secondo l\u2019ordine cronologico di presentazione della Manifestazione di interesse, trattandosi di \u201cprocedura a sportello\u201d.<\/p>\n\n\n\n<p>Sar\u00e0 comunque predisposta una graduatoria delle domande ammesse alla quale si attinger\u00e0 qualora si dovessero registrare delle rinunce.<\/p>\n\n\n\n<p>Le imprese ammesse riceveranno apposita comunicazione via email riguardo alle modalit\u00e0 di organizzazione e gestione del proprio stand e saranno invitate a confermare la propria partecipazione secondo i termini e le modalit\u00e0 contenute nella stessa. Il mancato rispetto dei termini comporter\u00e0 l\u2019esclusione dell\u2019azienda. La mancata partecipazione senza giustificato motivo potrebbe essere causa di esclusione dell\u2019impresa ad iniziative future organizzate da Regione Lazio e Camera di Commercio di Roma.<\/p>\n\n\n\n<p>Si segnala, inoltre, che la suddetta manifestazione di interesse non vincola gli Enti promotori che si riservano, in qualsiasi momento, di poter annullare, qualora le circostanze lo richiedessero, l\u2019organizzazione della collettiva regionale alla Fiera in oggetto.<\/p>\n\n\n\n<p><br><strong>REGIME DI AIUTO&nbsp;<\/strong><\/p>\n\n\n\n<p>Considerata la volont\u00e0 degli Enti Promotori di venire incontro alle esigenze delle imprese selezionate, la partecipazione alla manifestazione \u00e8 gratuita, fermo restando che rimangono a carico delle stesse le spese relative ad ogni ulteriore servizio extra di personalizzazione richiesto dalle imprese medesime.<\/p>\n\n\n\n<p>I costi di partecipazione sono sostenuti dagli Enti promotori e tale sostegno alle imprese si configura quale aiuto indiretto, per la partecipazione alle iniziative e manifestazioni promosse dalla Regione Lazio e Camera di Commercio di Roma, e sar\u00e0 concesso nel rispetto delle disposizioni di cui al Regolamento (UE) n. 2831 del 13 dicembre 2023 relativo all\u2019applicazione degli articoli 107 e 108 del trattato sul funzionamento dell\u2019Unione Europea agli aiuti \u201cde minimis\u201d.<\/p>\n\n\n\n<p>A seguito dell\u2019obbligo di consultazione preventiva e di implementazione del Registro Nazionale degli Aiuti di Stato, di cui al Regolamento MISE n. 115 del 31 maggio 2017, gli importi relativi alle agevolazioni concesse verranno conseguentemente inseriti nel suddetto Registro, fino ad un importo di&nbsp;<strong>massimo \u20ac 2.500,00<\/strong>&nbsp;iva inclusa, per ogni impresa ammessa. Come previsto dall\u2019art. 3 par. 7 dello stesso Regolamento, qualora la concessione di nuovi aiuti \u201cde minimis\u201d comporti il superamento dei massimali previsti, nessuna delle nuove misure di aiuto pu\u00f2 beneficiare del Regolamento. L\u2019importo massimo delle agevolazioni in regime \u201cde minimis\u201d che possono essere concesse ad un\u2019unica impresa nell\u2019arco di tre anni, senza la preventiva notifica ed autorizzazione da parte della Commissione Europea e senza che ci\u00f2 possa incidere sugli scambi tra gli Stati membri e da non falsare o minacciare di falsare la concorrenza, \u00e8 pari a \u20ac 300.000,00.&nbsp;<\/p>\n\n\n\n<p><br>In caso di superamento delle soglie predette, l\u2019agevolazione suindicata non potr\u00e0 essere concessa, neppure per la parte che non superi detti massimali.<br>Si fa presente che ciascuna impresa pu\u00f2 monitorare l\u2019importo delle agevolazioni in regime \u201cde minimis\u201d di cui ha beneficiato a far data dal 12 agosto 2017, sul sito del Registro Nazionale degli Aiuti di Stato nella sezione Trasparenza al seguente Link: <a href=\"http:\/\/www.rna.gov.it\/RegistroNazionaleTrasparenza\/faces\/pages\/TrasparenzaAiuto.jspx\">https:\/\/www.rna.gov.it\/RegistroNazionaleTrasparenza\/faces\/pages\/TrasparenzaAiuto.jspx<\/a><\/p>\n\n\n\n<p><strong>PRIVACY<\/strong><\/p>\n\n\n\n<p>I dati forniti saranno trattati dagli organizzatori in osservanza di quanto disposto dal Regolamento UE 679\/2016 sulla protezione dei dati personali.<\/p>\n\n\n\n<p>Per informazioni rivolgersi a:<\/p>\n\n\n\n<div class=\"wp-block-group\"><div class=\"wp-block-group__inner-container is-layout-constrained wp-block-group-is-layout-constrained\">\n<ul class=\"wp-block-list\">\n<li>Regione Lazio \u2013 Lazio Innova S.p.A. \u2013 Area Internazionalizzazione &amp; Cluster<br>e-mail:&nbsp;<a href=\"mailto:internazionalizzazione@lazioinnova.it\">internazionalizzazione@lazioinnova.it<\/a>&nbsp;\u2013 Tel. 06.60.51.60<\/li>\n\n\n\n<li>Camera di Commercio di Roma: Area III Promozione e Sviluppo \u2013 Servizio Filiere produttive e Fiere: e- mail:<a href=\"mailto:attivita.promozionali@rm.camcom.it\">&nbsp;attivita.promozionali@rm.camcom.it<\/a>&nbsp;\u2013 Tel. 06.52082571 \u2013 2065<\/li>\n\n\n\n<li>Sviluppo e Territorio &#8211; Azienda Speciale della Camera di Commercio di Roma per lo sviluppo e la crescita di Roma e del Lazio: e-mail <a href=\"mailto:Sviluppo@sviluppoeterritorio.camcom.it\">Sviluppo@sviluppoeterritorio.camcom.it<\/a> Tel. 066787758 &#8211; 06 69797165<\/li>\n<\/ul>\n<\/div><\/div>\n\n\n\n<p>Tutta la modulistica \u00e8 consultabile e scaricabile sui seguenti siti Istituzionali:<\/p>\n\n\n\n<p><a href=\"http:\/\/www.lazioinnova.it\/laziointernational\">www.lazioinnova.it\/laziointernational<\/a>&nbsp;<\/p>\n\n\n\n<p><a href=\"http:\/\/www.rm.camcom.it\/\">www.rm.camcom.it<\/a><\/p>\n\n\n\n<p><a href=\"file:\/\/\/C:\/Users\/m.giustibelli\/AppData\/Local\/Microsoft\/Windows\/INetCache\/Content.Outlook\/IRCZKST6\/www.sviluppoeterritorio.camcom.it\">www.sviluppoeterritorio.camcom.it<\/a><\/p>\n","protected":false},"excerpt":{"rendered":"<p>Fiera di Roma, 21-22 settembre 2024 &#8211; Iscrizioni prorogate a luned\u00ec 9 settembre 2024 entro le ore 11.00<\/p>\n","protected":false},"author":15,"featured_media":15058,"comment_status":"closed","ping_status":"open","sticky":false,"template":"","format":"standard","meta":{"_acf_changed":false,"ghostkit_customizer_options":"","ghostkit_custom_css":"","ghostkit_custom_js_head":"","ghostkit_custom_js_foot":"","ghostkit_typography":"","footnotes":""},"categories":[45,2,269],"tags":[653,654,407],"class_list":["post-15054","post","type-post","status-publish","format-standard","has-post-thumbnail","hentry","category-bandi-e-finanziamenti","category-fiere-e-iniziative-internazionali","category-network","tag-auto","tag-modellismo","tag-moto"],"acf":{"homepage_image":""},"yoast_head":"<!-- This site is optimized with the Yoast SEO plugin v24.2 - https:\/\/yoast.com\/wordpress\/plugins\/seo\/ -->\n<title>Manifestazione di interesse per la partecipazione a &quot;Motori Capitale&quot; - Lazio International - Lazio Innova<\/title>\n<meta name=\"description\" content=\"Fiera di Roma, 21-22 settembre 2024 - Iscrizioni prorogate a luned\u00ec 9 settembre 2024 entro le ore 11.00\" \/>\n<meta name=\"robots\" content=\"index, follow, max-snippet:-1, max-image-preview:large, max-video-preview:-1\" \/>\n<link rel=\"canonical\" href=\"https:\/\/www.lazioinnova.it\/laziointernational\/2024\/07\/30\/manifestazione-di-interesse-per-la-partecipazione-a-motori-capitale\/\" \/>\n<meta property=\"og:locale\" content=\"it_IT\" \/>\n<meta property=\"og:type\" content=\"article\" \/>\n<meta property=\"og:title\" content=\"Manifestazione di interesse per la partecipazione a &quot;Motori Capitale&quot; - Lazio International - Lazio Innova\" \/>\n<meta property=\"og:description\" content=\"Fiera di Roma, 21-22 settembre 2024 - Iscrizioni prorogate a luned\u00ec 9 settembre 2024 entro le ore 11.00\" \/>\n<meta property=\"og:url\" content=\"https:\/\/www.lazioinnova.it\/laziointernational\/2024\/07\/30\/manifestazione-di-interesse-per-la-partecipazione-a-motori-capitale\/\" \/>\n<meta property=\"og:site_name\" content=\"Lazio International - Lazio Innova\" \/>\n<meta property=\"article:published_time\" content=\"2024-07-30T15:35:57+00:00\" \/>\n<meta property=\"article:modified_time\" content=\"2025-08-08T13:07:52+00:00\" \/>\n<meta property=\"og:image\" content=\"https:\/\/www.lazioinnova.it\/laziointernational\/app\/uploads\/2024\/07\/motori-capitale2.jpg\" \/>\n\t<meta property=\"og:image:width\" content=\"1555\" \/>\n\t<meta property=\"og:image:height\" content=\"874\" \/>\n\t<meta property=\"og:image:type\" content=\"image\/jpeg\" \/>\n<meta name=\"author\" content=\"Simona Saldi\" \/>\n<meta name=\"twitter:card\" content=\"summary_large_image\" \/>\n<meta name=\"twitter:label1\" content=\"Scritto da\" \/>\n\t<meta name=\"twitter:data1\" content=\"Simona Saldi\" \/>\n\t<meta name=\"twitter:label2\" content=\"Tempo di lettura stimato\" \/>\n\t<meta name=\"twitter:data2\" content=\"10 minuti\" \/>\n<script type=\"application\/ld+json\" class=\"yoast-schema-graph\">{\"@context\":\"https:\/\/schema.org\",\"@graph\":[{\"@type\":\"WebPage\",\"@id\":\"https:\/\/www.lazioinnova.it\/laziointernational\/2024\/07\/30\/manifestazione-di-interesse-per-la-partecipazione-a-motori-capitale\/\",\"url\":\"https:\/\/www.lazioinnova.it\/laziointernational\/2024\/07\/30\/manifestazione-di-interesse-per-la-partecipazione-a-motori-capitale\/\",\"name\":\"Manifestazione di interesse per la partecipazione a \\\"Motori Capitale\\\" - Lazio International - Lazio Innova\",\"isPartOf\":{\"@id\":\"https:\/\/www.lazioinnova.it\/laziointernational\/#website\"},\"primaryImageOfPage\":{\"@id\":\"https:\/\/www.lazioinnova.it\/laziointernational\/2024\/07\/30\/manifestazione-di-interesse-per-la-partecipazione-a-motori-capitale\/#primaryimage\"},\"image\":{\"@id\":\"https:\/\/www.lazioinnova.it\/laziointernational\/2024\/07\/30\/manifestazione-di-interesse-per-la-partecipazione-a-motori-capitale\/#primaryimage\"},\"thumbnailUrl\":\"https:\/\/www.lazioinnova.it\/laziointernational\/app\/uploads\/2024\/07\/motori-capitale2.jpg\",\"datePublished\":\"2024-07-30T15:35:57+00:00\",\"dateModified\":\"2025-08-08T13:07:52+00:00\",\"author\":{\"@id\":\"https:\/\/www.lazioinnova.it\/laziointernational\/#\/schema\/person\/7cbe2b01abf9e66e3c12dd6c1af34b4a\"},\"description\":\"Fiera di Roma, 21-22 settembre 2024 - Iscrizioni prorogate a luned\u00ec 9 settembre 2024 entro le ore 11.00\",\"breadcrumb\":{\"@id\":\"https:\/\/www.lazioinnova.it\/laziointernational\/2024\/07\/30\/manifestazione-di-interesse-per-la-partecipazione-a-motori-capitale\/#breadcrumb\"},\"inLanguage\":\"it-IT\",\"potentialAction\":[{\"@type\":\"ReadAction\",\"target\":[\"https:\/\/www.lazioinnova.it\/laziointernational\/2024\/07\/30\/manifestazione-di-interesse-per-la-partecipazione-a-motori-capitale\/\"]}]},{\"@type\":\"ImageObject\",\"inLanguage\":\"it-IT\",\"@id\":\"https:\/\/www.lazioinnova.it\/laziointernational\/2024\/07\/30\/manifestazione-di-interesse-per-la-partecipazione-a-motori-capitale\/#primaryimage\",\"url\":\"https:\/\/www.lazioinnova.it\/laziointernational\/app\/uploads\/2024\/07\/motori-capitale2.jpg\",\"contentUrl\":\"https:\/\/www.lazioinnova.it\/laziointernational\/app\/uploads\/2024\/07\/motori-capitale2.jpg\",\"width\":1555,\"height\":874,\"caption\":\"Locandina Expo Motori Capitale . Info nella pagina\"},{\"@type\":\"BreadcrumbList\",\"@id\":\"https:\/\/www.lazioinnova.it\/laziointernational\/2024\/07\/30\/manifestazione-di-interesse-per-la-partecipazione-a-motori-capitale\/#breadcrumb\",\"itemListElement\":[{\"@type\":\"ListItem\",\"position\":1,\"name\":\"Home\",\"item\":\"https:\/\/www.lazioinnova.it\/laziointernational\/\"},{\"@type\":\"ListItem\",\"position\":2,\"name\":\"Manifestazione di interesse per la partecipazione a &#8220;Motori Capitale&#8221;\"}]},{\"@type\":\"WebSite\",\"@id\":\"https:\/\/www.lazioinnova.it\/laziointernational\/#website\",\"url\":\"https:\/\/www.lazioinnova.it\/laziointernational\/\",\"name\":\"Lazio International - Lazio Innova\",\"description\":\"Lazio Innova\",\"potentialAction\":[{\"@type\":\"SearchAction\",\"target\":{\"@type\":\"EntryPoint\",\"urlTemplate\":\"https:\/\/www.lazioinnova.it\/laziointernational\/?s={search_term_string}\"},\"query-input\":{\"@type\":\"PropertyValueSpecification\",\"valueRequired\":true,\"valueName\":\"search_term_string\"}}],\"inLanguage\":\"it-IT\"},{\"@type\":\"Person\",\"@id\":\"https:\/\/www.lazioinnova.it\/laziointernational\/#\/schema\/person\/7cbe2b01abf9e66e3c12dd6c1af34b4a\",\"name\":\"Simona Saldi\",\"image\":{\"@type\":\"ImageObject\",\"inLanguage\":\"it-IT\",\"@id\":\"https:\/\/www.lazioinnova.it\/laziointernational\/#\/schema\/person\/image\/\",\"url\":\"https:\/\/secure.gravatar.com\/avatar\/728241e61a8018eb4202d98d81c7c91a?s=96&d=mm&r=g\",\"contentUrl\":\"https:\/\/secure.gravatar.com\/avatar\/728241e61a8018eb4202d98d81c7c91a?s=96&d=mm&r=g\",\"caption\":\"Simona Saldi\"},\"url\":\"https:\/\/www.lazioinnova.it\/laziointernational\/author\/s-saldi\/\"}]}<\/script>\n<!-- \/ Yoast SEO plugin. -->","yoast_head_json":{"title":"Manifestazione di interesse per la partecipazione a \"Motori Capitale\" - Lazio International - Lazio Innova","description":"Fiera di Roma, 21-22 settembre 2024 - Iscrizioni prorogate a luned\u00ec 9 settembre 2024 entro le ore 11.00","robots":{"index":"index","follow":"follow","max-snippet":"max-snippet:-1","max-image-preview":"max-image-preview:large","max-video-preview":"max-video-preview:-1"},"canonical":"https:\/\/www.lazioinnova.it\/laziointernational\/2024\/07\/30\/manifestazione-di-interesse-per-la-partecipazione-a-motori-capitale\/","og_locale":"it_IT","og_type":"article","og_title":"Manifestazione di interesse per la partecipazione a \"Motori Capitale\" - Lazio International - Lazio Innova","og_description":"Fiera di Roma, 21-22 settembre 2024 - Iscrizioni prorogate a luned\u00ec 9 settembre 2024 entro le ore 11.00","og_url":"https:\/\/www.lazioinnova.it\/laziointernational\/2024\/07\/30\/manifestazione-di-interesse-per-la-partecipazione-a-motori-capitale\/","og_site_name":"Lazio International - Lazio Innova","article_published_time":"2024-07-30T15:35:57+00:00","article_modified_time":"2025-08-08T13:07:52+00:00","og_image":[{"width":1555,"height":874,"url":"https:\/\/www.lazioinnova.it\/laziointernational\/app\/uploads\/2024\/07\/motori-capitale2.jpg","type":"image\/jpeg"}],"author":"Simona Saldi","twitter_card":"summary_large_image","twitter_misc":{"Scritto da":"Simona Saldi","Tempo di lettura stimato":"10 minuti"},"schema":{"@context":"https:\/\/schema.org","@graph":[{"@type":"WebPage","@id":"https:\/\/www.lazioinnova.it\/laziointernational\/2024\/07\/30\/manifestazione-di-interesse-per-la-partecipazione-a-motori-capitale\/","url":"https:\/\/www.lazioinnova.it\/laziointernational\/2024\/07\/30\/manifestazione-di-interesse-per-la-partecipazione-a-motori-capitale\/","name":"Manifestazione di interesse per la partecipazione a \"Motori Capitale\" - Lazio International - Lazio Innova","isPartOf":{"@id":"https:\/\/www.lazioinnova.it\/laziointernational\/#website"},"primaryImageOfPage":{"@id":"https:\/\/www.lazioinnova.it\/laziointernational\/2024\/07\/30\/manifestazione-di-interesse-per-la-partecipazione-a-motori-capitale\/#primaryimage"},"image":{"@id":"https:\/\/www.lazioinnova.it\/laziointernational\/2024\/07\/30\/manifestazione-di-interesse-per-la-partecipazione-a-motori-capitale\/#primaryimage"},"thumbnailUrl":"https:\/\/www.lazioinnova.it\/laziointernational\/app\/uploads\/2024\/07\/motori-capitale2.jpg","datePublished":"2024-07-30T15:35:57+00:00","dateModified":"2025-08-08T13:07:52+00:00","author":{"@id":"https:\/\/www.lazioinnova.it\/laziointernational\/#\/schema\/person\/7cbe2b01abf9e66e3c12dd6c1af34b4a"},"description":"Fiera di Roma, 21-22 settembre 2024 - Iscrizioni prorogate a luned\u00ec 9 settembre 2024 entro le ore 11.00","breadcrumb":{"@id":"https:\/\/www.lazioinnova.it\/laziointernational\/2024\/07\/30\/manifestazione-di-interesse-per-la-partecipazione-a-motori-capitale\/#breadcrumb"},"inLanguage":"it-IT","potentialAction":[{"@type":"ReadAction","target":["https:\/\/www.lazioinnova.it\/laziointernational\/2024\/07\/30\/manifestazione-di-interesse-per-la-partecipazione-a-motori-capitale\/"]}]},{"@type":"ImageObject","inLanguage":"it-IT","@id":"https:\/\/www.lazioinnova.it\/laziointernational\/2024\/07\/30\/manifestazione-di-interesse-per-la-partecipazione-a-motori-capitale\/#primaryimage","url":"https:\/\/www.lazioinnova.it\/laziointernational\/app\/uploads\/2024\/07\/motori-capitale2.jpg","contentUrl":"https:\/\/www.lazioinnova.it\/laziointernational\/app\/uploads\/2024\/07\/motori-capitale2.jpg","width":1555,"height":874,"caption":"Locandina Expo Motori Capitale . Info nella pagina"},{"@type":"BreadcrumbList","@id":"https:\/\/www.lazioinnova.it\/laziointernational\/2024\/07\/30\/manifestazione-di-interesse-per-la-partecipazione-a-motori-capitale\/#breadcrumb","itemListElement":[{"@type":"ListItem","position":1,"name":"Home","item":"https:\/\/www.lazioinnova.it\/laziointernational\/"},{"@type":"ListItem","position":2,"name":"Manifestazione di interesse per la partecipazione a &#8220;Motori Capitale&#8221;"}]},{"@type":"WebSite","@id":"https:\/\/www.lazioinnova.it\/laziointernational\/#website","url":"https:\/\/www.lazioinnova.it\/laziointernational\/","name":"Lazio International - Lazio Innova","description":"Lazio Innova","potentialAction":[{"@type":"SearchAction","target":{"@type":"EntryPoint","urlTemplate":"https:\/\/www.lazioinnova.it\/laziointernational\/?s={search_term_string}"},"query-input":{"@type":"PropertyValueSpecification","valueRequired":true,"valueName":"search_term_string"}}],"inLanguage":"it-IT"},{"@type":"Person","@id":"https:\/\/www.lazioinnova.it\/laziointernational\/#\/schema\/person\/7cbe2b01abf9e66e3c12dd6c1af34b4a","name":"Simona Saldi","image":{"@type":"ImageObject","inLanguage":"it-IT","@id":"https:\/\/www.lazioinnova.it\/laziointernational\/#\/schema\/person\/image\/","url":"https:\/\/secure.gravatar.com\/avatar\/728241e61a8018eb4202d98d81c7c91a?s=96&d=mm&r=g","contentUrl":"https:\/\/secure.gravatar.com\/avatar\/728241e61a8018eb4202d98d81c7c91a?s=96&d=mm&r=g","caption":"Simona Saldi"},"url":"https:\/\/www.lazioinnova.it\/laziointernational\/author\/s-saldi\/"}]}},"featured_image_src":"https:\/\/www.lazioinnova.it\/laziointernational\/app\/uploads\/2024\/07\/motori-capitale2-600x400.jpg","featured_image_src_square":"https:\/\/www.lazioinnova.it\/laziointernational\/app\/uploads\/2024\/07\/motori-capitale2-600x600.jpg","author_info":{"display_name":"Simona Saldi","author_link":"https:\/\/www.lazioinnova.it\/laziointernational\/author\/s-saldi\/"},"homepage_image":"","_links":{"self":[{"href":"https:\/\/www.lazioinnova.it\/laziointernational\/wp-json\/wp\/v2\/posts\/15054","targetHints":{"allow":["GET"]}}],"collection":[{"href":"https:\/\/www.lazioinnova.it\/laziointernational\/wp-json\/wp\/v2\/posts"}],"about":[{"href":"https:\/\/www.lazioinnova.it\/laziointernational\/wp-json\/wp\/v2\/types\/post"}],"author":[{"embeddable":true,"href":"https:\/\/www.lazioinnova.it\/laziointernational\/wp-json\/wp\/v2\/users\/15"}],"replies":[{"embeddable":true,"href":"https:\/\/www.lazioinnova.it\/laziointernational\/wp-json\/wp\/v2\/comments?post=15054"}],"version-history":[{"count":12,"href":"https:\/\/www.lazioinnova.it\/laziointernational\/wp-json\/wp\/v2\/posts\/15054\/revisions"}],"predecessor-version":[{"id":20119,"href":"https:\/\/www.lazioinnova.it\/laziointernational\/wp-json\/wp\/v2\/posts\/15054\/revisions\/20119"}],"wp:featuredmedia":[{"embeddable":true,"href":"https:\/\/www.lazioinnova.it\/laziointernational\/wp-json\/wp\/v2\/media\/15058"}],"wp:attachment":[{"href":"https:\/\/www.lazioinnova.it\/laziointernational\/wp-json\/wp\/v2\/media?parent=15054"}],"wp:term":[{"taxonomy":"category","embeddable":true,"href":"https:\/\/www.lazioinnova.it\/laziointernational\/wp-json\/wp\/v2\/categories?post=15054"},{"taxonomy":"post_tag","embeddable":true,"href":"https:\/\/www.lazioinnova.it\/laziointernational\/wp-json\/wp\/v2\/tags?post=15054"}],"curies":[{"name":"wp","href":"https:\/\/api.w.org\/{rel}","templated":true}]}}