{"id":15878,"date":"2024-09-23T10:52:55","date_gmt":"2024-09-23T08:52:55","guid":{"rendered":"https:\/\/www.lazioinnova.it\/laziointernational\/?p=15878"},"modified":"2024-10-04T10:51:58","modified_gmt":"2024-10-04T08:51:58","slug":"manifestazione-di-interesse-per-mia-mercato-internazionale-audiovisivo","status":"publish","type":"post","link":"https:\/\/www.lazioinnova.it\/laziointernational\/2024\/09\/23\/manifestazione-di-interesse-per-mia-mercato-internazionale-audiovisivo\/","title":{"rendered":"Manifestazione di interesse per MIA &#8211; Mercato Internazionale Audiovisivo"},"content":{"rendered":"\n<figure class=\"wp-block-image size-large\"><img loading=\"lazy\" decoding=\"async\" width=\"1024\" height=\"102\" src=\"https:\/\/www.lazioinnova.it\/laziointernational\/app\/uploads\/2024\/07\/Blocchetto-loghi-fiere-in-convenzione-2024_def2-1024x102.jpg\" alt=\"\" class=\"wp-image-15018\" srcset=\"https:\/\/www.lazioinnova.it\/laziointernational\/app\/uploads\/2024\/07\/Blocchetto-loghi-fiere-in-convenzione-2024_def2-1024x102.jpg 1024w, https:\/\/www.lazioinnova.it\/laziointernational\/app\/uploads\/2024\/07\/Blocchetto-loghi-fiere-in-convenzione-2024_def2-300x30.jpg 300w, https:\/\/www.lazioinnova.it\/laziointernational\/app\/uploads\/2024\/07\/Blocchetto-loghi-fiere-in-convenzione-2024_def2-768x77.jpg 768w, https:\/\/www.lazioinnova.it\/laziointernational\/app\/uploads\/2024\/07\/Blocchetto-loghi-fiere-in-convenzione-2024_def2-1536x154.jpg 1536w, https:\/\/www.lazioinnova.it\/laziointernational\/app\/uploads\/2024\/07\/Blocchetto-loghi-fiere-in-convenzione-2024_def2-2048x205.jpg 2048w\" sizes=\"auto, (max-width: 1024px) 100vw, 1024px\" \/><\/figure>\n\n\n\n<p>La<strong> Regione Lazio<\/strong>, attraverso il soggetto attuatore<strong> Lazio Innova<\/strong>, e la<strong> Camera di Commercio di Roma<\/strong>, con il supporto dell\u2019<strong>Azienda Speciale Sviluppo e Territorio<\/strong>, nell\u2019ambito della Convenzione per la partecipazione congiunta a manifestazioni fieristiche finalizzata a sostenere l\u2019internazionalizzazione delle imprese, <strong>promuovono la partecipazione di 12 PMI del Lazio <\/strong>che abbiano in sviluppo opere audiovisive da presentare alla X^ edizione del <strong><a href=\"https:\/\/www.miamarket.it\/it\/\">MIA | Mercato Internazionale Audiovisivo.<\/a> <\/strong><br>L\u2019iniziativa si svolger\u00e0 a Roma, <strong>dal 14 al 18 ottobre 2024<\/strong>, presso il Palazzo Barberini e i locali del Cinema Barberini.<\/p>\n\n\n\n<p>La partecipazione di <strong>8 aziende<\/strong> \u00e8 sostenuta con il contributo del <strong>PR FESR Lazio 2021-2027<\/strong>, le restanti <strong>4 <\/strong>saranno a carico del sistema camerale.<\/p>\n\n\n\n<p>Il <strong><a href=\"https:\/\/www.miamarket.it\/it\/\">MIA | Mercato Internazionale dell&#8217;Audiovisivo<\/a><\/strong> \u00e8 un marchio e un progetto promosso da <strong>ANICA <\/strong>(Associazione Nazionale Industrie Cinematografiche, Audiovisive e Digitali) e <strong>APA<\/strong> (Associazione Produttori Audiovisivi). L\u2019edizione 2024 \u00e8 organizzata da APA Service e ANICA attraverso un Raggruppamento Temporaneo di Imprese, con il supporto del <strong>Ministero degli Affari Esteri e della Cooperazione Internazionale <\/strong>&#8211; <strong>Agenzia ICE<\/strong>, co-finanziato da <strong>Europa Creativa MEDIA<\/strong>, con il contributo del <strong>Ministero per i Beni e le Attivit\u00e0 Culturali<\/strong>, del <strong>Ministero delle Imprese e del Made in Italy<\/strong>, della <strong>Regione Lazio<\/strong>, e sostenuto da prestigiosi sponsor privati tra cui <strong>UniCredit<\/strong>, partner ufficiale della manifestazione.<\/p>\n\n\n\n<p>Il MIA \u00e8 considerato uno dei principali appuntamenti di mercato internazionali dedicato all\u2019industria audiovisiva; saranno oltre 2600 i professionisti dell\u2019industria globale che si incontreranno a Roma nel corso delle cinque giornate di lavoro all\u2019insegna di un ricco <strong>programma<\/strong> articolato in attivit\u00e0 di <strong>pitching forum, showcase, eventi di networking, conferenze, workshop e incontri<\/strong> volti a rafforzare le <strong>relazioni <\/strong>tra i professionisti del settore e promuovere <strong>nuovi accordi di collaborazione<\/strong>.<\/p>\n\n\n\n<p>Le aziende che manifesteranno interesse alla partecipazione dovranno presentare ciascuna un <strong><u>progetto audiovisivo in fase di sviluppo<\/u>, <\/strong>finalizzato alla ricerca di co-produttori, di finanziatori e buyer.<\/p>\n\n\n\n<p><strong>Le 12 aziende selezionate avranno l\u2019opportunit\u00e0 di presentare a <em>buyer <\/em>e <em>commissioner <\/em>nazionali e internazionali i propri progetti attraverso sessioni di pitching in lingua inglese.<\/strong> <\/p>\n\n\n\n<p><strong>In sintesi i servizi offerti:<\/strong><\/p>\n\n\n\n<ul class=\"wp-block-list\">\n<li>N. 2 <strong>Accrediti Industry Full<\/strong> validi per due persone, che permetteranno l\u2019ingresso al MIA per tutta la durata della manifestazione;<\/li>\n\n\n\n<li><strong>Masterclass<\/strong> dedicata con Coach internazionale in inglese;<\/li>\n\n\n\n<li>Evento di <strong>Matchmaking e incontri b2b<\/strong> organizzati con professionisti internazionali per i 12 progetti ammessi;<\/li>\n\n\n\n<li><strong>Tavoli <\/strong>a disposizione a rotazione in Sala Pietro da Cortona \u2013 Palazzo Barberini;<\/li>\n\n\n\n<li>Organizzazione <strong>Pitching Session<\/strong> di 90\u2019 al Cinema Barberini;<\/li>\n\n\n\n<li><em><strong>Evento Networking<\/strong><\/em> per i progetti selezionati;<\/li>\n\n\n\n<li>Inserimento delle <em>schede dei Progetti di Sviluppo<\/em> sulla <strong>piattaforma Digital<\/strong> nell\u2019area Hosted Projects.<\/li>\n<\/ul>\n\n\n\n<p><br><strong>CRITERI DI ELEGGIBILIT\u00c0<\/strong><\/p>\n\n\n\n<p>Sono eleggibili <strong>progetti di lungometraggio cinematografico narrativo o di serialit\u00e0 scripted<\/strong>, con le seguenti caratteristiche:<\/p>\n\n\n\n<ul class=\"wp-block-list\">\n<li>film di finzione di durata non inferiore ai 70\u2019, intesi per la tradizionale uscita sala e\/o per la release su piattaforme streaming, idonei alla co-produzione e al mercato internazionale e di ampio respiro. I progetti devono essere in fase di sviluppo, avere un regista italiano e un produttore principale gi\u00e0 <em>attached<\/em>, avere un soggetto e\/o trattamento, nonch\u00e9 un budget previsionale (topsheet) e un piano finanziario previsionale, il tutto disponibile in inglese;<\/li>\n\n\n\n<li>serie di finzione in cui il tema, la <em>storyline<\/em>, i personaggi principali siano presentati sotto lo stesso titolo, suddivisa in episodi di durata non inferiore ai 20\u2019.<\/li>\n<\/ul>\n\n\n\n<p>Non \u00e8 obbligatorio avere una specifica percentuale di finanziamento gi\u00e0 confermata per i progetti in fase di sviluppo.<\/p>\n\n\n\n<p>Non possono essere considerati eleggibili i progetti di natura meramente pornografica o che incitano alla violenza e alla discriminazione o alla violazione dei diritti umani.<\/p>\n\n\n\n<p><strong>La presentazione dei Progetti in fase di sviluppo dovr\u00e0 prevedere l\u2019invio di:<\/strong><\/p>\n\n\n\n<ol class=\"wp-block-list\" style=\"list-style-type:lower-alpha\">\n<li>Sinossi dettagliata del progetto presentato;<\/li>\n\n\n\n<li>Soggetto o trattamento per i film e Bibbia per la serie;<\/li>\n\n\n\n<li>Biografia e filmografia completa del regista del progetto;<\/li>\n\n\n\n<li>Profilo e filmografia della societ\u00e0 di produzione principale del progetto;<\/li>\n\n\n\n<li>Budget previsionale (topsheet);<\/li>\n\n\n\n<li>Piano finanziario previsionale.<\/li>\n<\/ol>\n\n\n\n<p>Tutti i materiali sopra menzionati dovranno essere presentati in <strong>lingua inglese<\/strong>. <br>Le aziende che non presenteranno la documentazione completa non saranno ammesse alla selezione.&nbsp;<\/p>\n\n\n\n<p>Tutti i materiali di iscrizione saranno utilizzati esclusivamente ai fini della selezione. <br>In caso di selezione del progetto, tali materiali verranno utilizzati (previa ulteriore verifica e approvazione con gli aventi diritto) per le pubblicazioni del MIA, la piattaforma digitale, il sito e i materiali promozionali relativi all\u2019edizione 2024.<\/p>\n\n\n\n<p><strong>Con la manifestazione di interesse alla partecipazione l\u2019azienda si impegna formalmente, in caso di selezione del progetto, a presentare il progetto di sviluppo al MIA 2024.<\/strong> Inoltre:<\/p>\n\n\n\n<ul class=\"wp-block-list\">\n<li>si dichiara il solo ed esclusivo titolare dei diritti relativi al progetto (e dunque titolato alla iscrizione di quest\u2019ultimo al MIA 2024), o garantisce che il pieno permesso di partecipazione al MIA \u00e8 stato concesso da tutti i detentori dei diritti;<\/li>\n\n\n\n<li>garantisce che il progetto selezionato non viola i diritti di alcuna parte terza.<\/li>\n<\/ul>\n\n\n\n<p>In caso di selezione, i materiali e le informazioni saranno utilizzati per aggiornare il sito del MIA, la MIA Digital Platform, e a fini promozionali. <br>I materiali dovranno essere inviati nei seguenti formati: DOC &#8211; DOCX &#8211; PDF &#8211; JPG &#8211; GIF (massimo 10MB per file) via <strong>we transfer<\/strong> ai seguenti indirizzi e-mail: <a href=\"mailto:internazionalizzazione@lazioinnova.it\">internazionalizzazione@lazioinnova.it<\/a> \u2013 <a href=\"mailto:partnership@miamarket.it\">partnership@miamarket.it<\/a>.<\/p>\n\n\n\n<p>In caso di selezione, almeno un rappresentante del progetto dovr\u00e0 garantire la propria partecipazione alle attivit\u00e0 organizzate \u2013 siano esse fisiche, online o miste tra le due soluzioni \u2013 tra il 14 e il 18 ottobre 2024. Qualora tale partecipazione non possa essere garantita, il progetto sar\u00e0 da intendersi ritirato.<\/p>\n\n\n\n<p><br><strong>REQUISITI DI AMMISSIBILIT\u00c0 PER LE IMPRESE INVITATE A PARTECIPARE<\/strong><\/p>\n\n\n\n<p>L\u2019opportunit\u00e0 di prendere parte al MIA 2024 \u00e8 riservata a PMI in possesso dei seguenti requisiti:<\/p>\n\n\n\n<ul class=\"wp-block-list\">\n<li>sede legale e\/o operativa nella Regione Lazio;<\/li>\n\n\n\n<li>coerenza dell\u2019attivit\u00e0 dell\u2019azienda con il settore o i settori economici cui la manifestazione \u00e8 rivolta;<\/li>\n\n\n\n<li>essere MPMI, come classificate nell&#8217;Allegato I del Regolamento (UE) n. 651\/2014, in forma singola o associata in Consorzi, Societ\u00e0 Consortili o Reti di imprese con personalit\u00e0 giuridica (Reti-soggetto), definite ai sensi dei commi 4-ter e 4-quater dell&#8217;art. 3 del Decreto-legge n. 5 del 10 febbraio 2009, convertito, con modificazioni, nella Legge n. 33 del 09 Aprile 2009 e ss.mm.ii., al momento della presentazione della manifestazione di interesse;<\/li>\n\n\n\n<li>essere regolarmente iscritte nel Registro delle Imprese della C.C.I.A.A. competente per territorio e in regola, al momento della presentazione della manifestazione di interesse o comunque entro i termini di chiusura di presentazione della stessa, con il pagamento del diritto annuale e con la dichiarazione dell\u2019attivit\u00e0 esercitata;<\/li>\n\n\n\n<li>esercitare, in relazione alla sede laziale, un\u2019attivit\u00e0 economica coerente con il settore<\/li>\n\n\n\n<li>non essere beneficiarie di agevolazioni pubbliche relative alla partecipazione alla manifestazione fieristica in questione n\u00e9 aver presentato domande di agevolazione per partecipare alla medesima manifestazione;<\/li>\n\n\n\n<li>non aver superato, negli ultimi tre anni, l\u2019importo massimo di \u20ac 300.000,00 delle agevolazioni in regime \u201cde minimis\u201d ai sensi del Regolamento (UE) n. 2831 del 13 dicembre 2023 relativo all\u2019applicazione degli articoli 107 e 108 del trattato sul funzionamento dell\u2019Unione Europea agli aiuti \u201cde minimis\u201d;<\/li>\n\n\n\n<li>essere nel pieno e libero esercizio dei propri diritti, attive e non essere sottoposte n\u00e9 essere state sottoposte, nei cinque anni precedenti, a procedure di liquidazione volontaria, liquidazione coatta, fallimento, concordato preventivo (ad eccezione del concordato preventivo con continuit\u00e0 aziendale) e ogni altra procedura concorsuale, n\u00e9 avere in corso un procedimento per la dichiarazione di una delle suddette situazioni;<\/li>\n\n\n\n<li>possedere capacit\u00e0 di contrarre ovvero non essere state oggetto di sanzione interdittiva o altra sanzione che comporti il divieto di contrarre con la Pubblica Amministrazione;<\/li>\n\n\n\n<li>non avere Amministratori e\/o Legali Rappresentanti che siano stati condannati con sentenza passata in giudicato ovvero nei cui confronti sia stato emesso decreto penale di condanna divenuto irrevocabile o sentenza di applicazione della pena su richiesta, ai sensi dell\u2019art. 444 c.p.p., per reati gravi in danno dello Stato o della Comunit\u00e0 che incidono sulla moralit\u00e0 professionale (\u00e8 comunque causa di esclusione la condanna, con sentenza passata in giudicato, per reati di partecipazione ad un&#8217;organizzazione criminale, corruzione, frode, riciclaggio);<\/li>\n\n\n\n<li>non avere Amministratori e\/o Legali Rappresentanti che si siano resi colpevoli di false dichiarazioni nei rapporti con la Pubblica Amministrazione;<\/li>\n\n\n\n<li>essere in regola con il versamento dei contributi previdenziali e assistenziali, accertabile mediante acquisizione del DURC, <br>ovvero<\/li>\n\n\n\n<li>non essere soggetti agli obblighi in materia di regolarit\u00e0 contributiva e, quindi, non essere tenuti all\u2019iscrizione presso alcun Ente previdenziale o assistenziale.<\/li>\n<\/ul>\n\n\n\n<p>Il possesso dei requisiti \u00e8 attestato mediante dichiarazioni rese al momento della partecipazione attraverso il modulo di manifestazione di interesse.<\/p>\n\n\n\n<p>Tali dichiarazioni potranno essere verificate, cos\u00ec come stabilito dall\u2019art. 71 comma 1 del D.P.R. 445 del 28.12.2000, come modificato dall\u2019art. 264 del D.L. 19 maggio 2020 n. 34, con applicazione, nel caso di dichiarazioni mendaci, della decadenza dai benefici e delle sanzioni penali, rispettivamente previste dagli artt. 75 e 76 del medesimo D.P.R., come da ultimo rese pi\u00f9 severe per effetto del citato articolo 264<\/p>\n\n\n\n<p><br><strong>MODALIT\u00c0 DI PRESENTAZIONE DELLA DOMANDA DI PARTECIPAZIONE<\/strong>: <\/p>\n\n\n\n<p><strong>LE ISCRIZIONI SI SONO CHIUSE<\/strong> <strong>marted\u00ec 1\u00b0 ottobre alle ore 12.00<\/strong><\/p>\n\n\n\n<p><br><strong>CRITERI DI AMMISSIBILIT\u00c0 GENERALI<\/strong><\/p>\n\n\n\n<ul class=\"wp-block-list\">\n<li>Correttezza dell&#8217;iter amministrativo di presentazione della manifestazione di interesse (rispetto delle modalit\u00e0 e dei tempi);<\/li>\n\n\n\n<li>Completezza della domanda di partecipazione.<\/li>\n<\/ul>\n\n\n\n<p><br><strong>SELEZIONE<\/strong><\/p>\n\n\n\n<p>La selezione avverr\u00e0 a cura di un <strong>Nucleo di Valutazione <\/strong>composto da:<\/p>\n\n\n\n<ol class=\"wp-block-list\">\n<li>un rappresentante di Regione Lazio<\/li>\n\n\n\n<li>un rappresentante di Lazio Innova<\/li>\n\n\n\n<li>un rappresentante del Sistema Camerale di Roma<\/li>\n\n\n\n<li>due esperti nel settore audiovisivo del MIA<\/li>\n<\/ol>\n\n\n\n<p><br><strong>CRITERI DI SELEZIONE E COMUNICAZIONE DI AMMISSIONE<\/strong><\/p>\n\n\n\n<p>Le imprese ammesse alla partecipazione saranno selezionate sulla base dei seguenti&nbsp;<strong>criteri di valutazione<\/strong>&nbsp;(tra parentesi indicato il punteggio massimo di ciascun criterio):<\/p>\n\n\n\n<ol class=\"wp-block-list\">\n<li>Concetto originale e innovativo (max 30 punti)<\/li>\n\n\n\n<li>Potenziale per la co-produzione internazionale (max 20 punti)<\/li>\n\n\n\n<li>Potenziale distributivo (max 20 punti)<\/li>\n\n\n\n<li>Esperienza della societ\u00e0 di produzione (max 10 punti)<\/li>\n\n\n\n<li>Potenziale di diversit\u00e0 e inclusione (trama) (max 5 punti)<\/li>\n<\/ol>\n\n\n\n<p>Fermo il possesso dei requisiti indicati, saranno oggetto di selezione solo le prime 12 imprese che risulteranno aver ottenuto il maggiore punteggio in ragione della valutazione svolta secondo i criteri indicati nella presente manifestazione di interesse. <br>In caso di parit\u00e0 di posizionamento, si dar\u00e0 priorit\u00e0 all\u2019ordine di arrivo delle domande.<\/p>\n\n\n\n<p>Sar\u00e0 comunque predisposta una graduatoria delle domande ammesse alla quale si attinger\u00e0 qualora si dovessero registrare delle rinunce.<\/p>\n\n\n\n<p>A seguito dello svolgimento del processo di selezione, tutti i soggetti che hanno sottoposto la candidatura:<\/p>\n\n\n\n<ul class=\"wp-block-list\" start=\"1\">\n<li>riceveranno una comunicazione all\u2019indirizzo e-mail indicato in sede di presentazione della manifestazione di interesse circa l\u2019ammissione o meno all\u2019iniziativa in oggetto;<\/li>\n\n\n\n<li>i soggetti ammessi dovranno, entro il termine indicato nella suddetta comunicazione, provvedere a comunicare via e-mail la loro adesione definitiva ovvero la loro rinuncia; il mancato rispetto dei termini per l\u2019accettazione della proposta di partecipazione comporter\u00e0 l\u2019esclusione dell\u2019azienda. A seguito dell\u2019accettazione, l\u2019azienda sar\u00e0 tenuta a partecipare alla manifestazione in oggetto;<\/li>\n\n\n\n<li>in caso di rinuncia di uno o pi\u00f9 dei soggetti ammessi, si proceder\u00e0 a selezionare gli ulteriori soggetti risultati idonei, nel rispetto della graduatoria redatta dal Nucleo di Valutazione.<\/li>\n<\/ul>\n\n\n\n<p>Il mancato rispetto dei termini comporter\u00e0 l\u2019esclusione dell\u2019azienda. <br>La mancata partecipazione senza giustificato motivo potrebbe essere causa di esclusione dell\u2019impresa da iniziative future organizzate da Regione Lazio.<\/p>\n\n\n\n<p>Si segnala, infine, che la suddetta manifestazione di interesse non vincola gli Enti promotori che si riservano, in qualsiasi momento, di poter annullare, qualora le circostanze lo richiedessero, l\u2019organizzazione della collettiva regionale alla Fiera in oggetto.<\/p>\n\n\n\n<p><br><strong>CONDIZIONI DI ESCLUSIONE<\/strong><\/p>\n\n\n\n<p>Sono&nbsp;escluse&nbsp;dalla partecipazione le imprese gi\u00e0 presenti alla manifestazione con un proprio stand e le imprese morose nei confronti degli organizzatori per somme relative a precedenti manifestazioni, ovvero morose nei confronti di altri organismi in collaborazione con i quali gli organizzatori promuovono le iniziative.<\/p>\n\n\n\n<p>La&nbsp;<strong>mancata partecipazione<\/strong>&nbsp;o mancato presidio dello stand potr\u00e0&nbsp;essere <strong>causa di esclusione<\/strong>,&nbsp;ad insindacabile giudizio del Nucleo di Valutazione, dalle future&nbsp;iniziative organizzate da Regione Lazio e Camera di Commercio di Roma nell\u2019ambito della Convenzione.<\/p>\n\n\n\n<p><br><strong>REGIME DI AIUTO<\/strong><\/p>\n\n\n\n<p>Considerata la volont\u00e0 degli Enti Promotori di venire incontro alle esigenze delle imprese selezionate, la partecipazione alla manifestazione \u00e8 gratuita, fermo restando che rimangono a carico delle stesse le spese relative a ogni ulteriore servizio extra di personalizzazione richiesto dalle imprese medesime.<\/p>\n\n\n\n<p>I costi di partecipazione sono sostenuti dagli Enti promotori e tale sostegno alle imprese si configura quale aiuto indiretto, per la partecipazione alle iniziative e manifestazioni promosse dalla Regione Lazio e Camera di Commercio di Roma, e sar\u00e0 concesso nel rispetto delle disposizioni di cui al Regolamento (UE) n. 2831 del 13 dicembre 2023 relativo all\u2019applicazione degli articoli 107 e 108 del trattato sul funzionamento dell\u2019Unione Europea agli aiuti \u201cde minimis\u201d.<\/p>\n\n\n\n<p>A seguito dell\u2019obbligo di consultazione preventiva e di implementazione del Registro Nazionale degli Aiuti di Stato, di cui al Regolamento MISE n. 115 del 31 maggio 2017, gli importi relativi alle agevolazioni concesse verranno conseguentemente inseriti nel suddetto Registro, <strong>fino a un importo di massimo di&nbsp;   \u20ac 4.850,00&nbsp;(quattromilaottocentocinquanta\/00) IVA inclusa<\/strong>, per ogni impresa ammessa. <br>Come previsto dall\u2019art. 3 par. 7 dello stesso Regolamento, qualora la concessione di nuovi aiuti \u201cde minimis\u201d comporti il superamento dei massimali previsti, nessuna delle nuove misure di aiuto pu\u00f2 beneficiare del Regolamento. L\u2019importo massimo delle agevolazioni in regime \u201cde minimis\u201d che possono essere concesse ad un\u2019unica impresa nell\u2019arco di tre anni, senza la preventiva notifica ed autorizzazione da parte della Commissione Europea e senza che ci\u00f2 possa incidere sugli scambi tra gli Stati membri e da non falsare o minacciare di falsare la concorrenza, \u00e8 pari a \u20ac 300.000,00.<\/p>\n\n\n\n<p>In caso di superamento delle soglie predette, l\u2019agevolazione suindicata non potr\u00e0 essere concessa, neppure per la parte che non superi detti massimali.<\/p>\n\n\n\n<p>Si fa presente che ciascuna impresa pu\u00f2 monitorare l\u2019importo delle agevolazioni in regime \u201cde minimis\u201d di cui ha beneficiato a far data dal 12 agosto 2017, sul sito del Registro Nazionale degli Aiuti di Stato nella sezione Trasparenza al seguente Link: https:\/\/www.rna.gov.it\/RegistroNazionaleTrasparenza\/faces\/pages\/TrasparenzaAiuto.jspx<\/p>\n\n\n\n<p><br><strong>PRIVACY<\/strong><\/p>\n\n\n\n<p>I dati forniti saranno trattati dagli organizzatori in osservanza di quanto disposto dal Regolamento UE 679\/2016 sulla protezione dei dati personali.<\/p>\n\n\n\n<p>Per informazioni rivolgersi a:<\/p>\n\n\n\n<ul class=\"wp-block-list\">\n<li>Regione Lazio \u2013 Lazio Innova S.p.A. \u2013 Area Internazionalizzazione &amp; Cluster<br>e-mail: internazionalizzazione@lazioinnova.it<br>Tel. 06.60.51.60<\/li>\n\n\n\n<li>Camera di Commercio di Roma<br>Area III Promozione e Sviluppo \u2013 Servizio Filiere produttive e Fiere:<br>e- mail:<a href=\"mailto:attivita.promozionali@rm.camcom.it\">&nbsp;attivita.promozionali@rm.camcom.it<\/a><br>Tel. 06.52082065 \u2013 2759 \u2013 2571<\/li>\n\n\n\n<li>Sviluppo e Territorio \u2013 Azienda Speciale della Camera di Commercio di Roma per lo sviluppo e la crescita di Roma e del Lazio:<br>e-mail:&nbsp;<a href=\"mailto:sviluppo@sviluppoeterritorio.camcom.it\">sviluppo@sviluppoeterritorio.camcom.it<\/a>&nbsp;<br>Tel. 066787758 \u2013 06 69797165<\/li>\n<\/ul>\n\n\n\n<p>Tutta la modulistica \u00e8 consultabile e scaricabile sui seguenti siti Istituzionali:<\/p>\n\n\n\n<p><a href=\"http:\/\/www.lazioinnova.it\/laziointernational\">www.lazioinnova.it\/laziointernational<\/a><br><a href=\"https:\/\/www.lazioeuropa.it\/\">www.lazioeuropa.it&nbsp;<\/a><br><a href=\"http:\/\/www.rm.camcom.it\/\">www.rm.camcom.it<\/a><br><a href=\"file:\/\/\/C:\/Users\/piccioned\/AppData\/Local\/Microsoft\/Windows\/INetCache\/Content.Outlook\/3R2Z0L7M\/www.sviluppoeterritorio.camcom.it\">www.sviluppoeterritorio.camcom.it<\/a><br><br><br><\/p>\n","protected":false},"excerpt":{"rendered":"<p>Partecipazione collettiva gratuita al MIA &#8211; Mercato Internazionale Audiovisivo &#8211; Roma, 14-18 ottobre 2024. Candidature entro il 1\u00b0 ottobre ore 12.00<\/p>\n","protected":false},"author":14,"featured_media":15895,"comment_status":"closed","ping_status":"open","sticky":false,"template":"","format":"standard","meta":{"_acf_changed":false,"ghostkit_customizer_options":"","ghostkit_custom_css":"","ghostkit_custom_js_head":"","ghostkit_custom_js_foot":"","ghostkit_typography":"","footnotes":""},"categories":[45,2,269],"tags":[665,666,664,211,663,67,61,77,72,667],"class_list":["post-15878","post","type-post","status-publish","format-standard","has-post-thumbnail","hentry","category-bandi-e-finanziamenti","category-fiere-e-iniziative-internazionali","category-network","tag-anica","tag-apa","tag-ccia-roma","tag-cinema","tag-co-produzioni-in-ternazionali","tag-ice","tag-industria-culturale-e-audiovisivo","tag-lazio-innova","tag-regione-lazio","tag-sviluppo-opere-av"],"acf":{"homepage_image":""},"yoast_head":"<!-- This site is optimized with the Yoast SEO plugin v24.2 - https:\/\/yoast.com\/wordpress\/plugins\/seo\/ -->\n<title>Manifestazione di interesse per MIA - Mercato Internazionale Audiovisivo - Lazio International - Lazio Innova<\/title>\n<meta name=\"description\" content=\"Partecipazione collettiva gratuita al MIA - Mercato Internazionale Audiovisivo - Roma, 14-18 ottobre 2024. Candidature entro il 1\u00b0 ottobre ore 12.00\" \/>\n<meta name=\"robots\" content=\"index, follow, max-snippet:-1, max-image-preview:large, max-video-preview:-1\" \/>\n<link rel=\"canonical\" href=\"https:\/\/www.lazioinnova.it\/laziointernational\/2024\/09\/23\/manifestazione-di-interesse-per-mia-mercato-internazionale-audiovisivo\/\" \/>\n<meta property=\"og:locale\" content=\"it_IT\" \/>\n<meta property=\"og:type\" content=\"article\" \/>\n<meta property=\"og:title\" content=\"Manifestazione di interesse per MIA - Mercato Internazionale Audiovisivo - Lazio International - Lazio Innova\" \/>\n<meta property=\"og:description\" content=\"Partecipazione collettiva gratuita al MIA - Mercato Internazionale Audiovisivo - Roma, 14-18 ottobre 2024. Candidature entro il 1\u00b0 ottobre ore 12.00\" \/>\n<meta property=\"og:url\" content=\"https:\/\/www.lazioinnova.it\/laziointernational\/2024\/09\/23\/manifestazione-di-interesse-per-mia-mercato-internazionale-audiovisivo\/\" \/>\n<meta property=\"og:site_name\" content=\"Lazio International - Lazio Innova\" \/>\n<meta property=\"article:published_time\" content=\"2024-09-23T08:52:55+00:00\" \/>\n<meta property=\"article:modified_time\" content=\"2024-10-04T08:51:58+00:00\" \/>\n<meta property=\"og:image\" content=\"https:\/\/www.lazioinnova.it\/laziointernational\/app\/uploads\/2024\/09\/MIA-MARKET-2024-ROMA-CALL.png\" \/>\n\t<meta property=\"og:image:width\" content=\"1544\" \/>\n\t<meta property=\"og:image:height\" content=\"874\" \/>\n\t<meta property=\"og:image:type\" content=\"image\/png\" \/>\n<meta name=\"author\" content=\"Federica San\u00f2\" \/>\n<meta name=\"twitter:card\" content=\"summary_large_image\" \/>\n<meta name=\"twitter:label1\" content=\"Scritto da\" \/>\n\t<meta name=\"twitter:data1\" content=\"Federica San\u00f2\" \/>\n\t<meta name=\"twitter:label2\" content=\"Tempo di lettura stimato\" \/>\n\t<meta name=\"twitter:data2\" content=\"13 minuti\" \/>\n<script type=\"application\/ld+json\" class=\"yoast-schema-graph\">{\"@context\":\"https:\/\/schema.org\",\"@graph\":[{\"@type\":\"WebPage\",\"@id\":\"https:\/\/www.lazioinnova.it\/laziointernational\/2024\/09\/23\/manifestazione-di-interesse-per-mia-mercato-internazionale-audiovisivo\/\",\"url\":\"https:\/\/www.lazioinnova.it\/laziointernational\/2024\/09\/23\/manifestazione-di-interesse-per-mia-mercato-internazionale-audiovisivo\/\",\"name\":\"Manifestazione di interesse per MIA - Mercato Internazionale Audiovisivo - Lazio International - Lazio Innova\",\"isPartOf\":{\"@id\":\"https:\/\/www.lazioinnova.it\/laziointernational\/#website\"},\"primaryImageOfPage\":{\"@id\":\"https:\/\/www.lazioinnova.it\/laziointernational\/2024\/09\/23\/manifestazione-di-interesse-per-mia-mercato-internazionale-audiovisivo\/#primaryimage\"},\"image\":{\"@id\":\"https:\/\/www.lazioinnova.it\/laziointernational\/2024\/09\/23\/manifestazione-di-interesse-per-mia-mercato-internazionale-audiovisivo\/#primaryimage\"},\"thumbnailUrl\":\"https:\/\/www.lazioinnova.it\/laziointernational\/app\/uploads\/2024\/09\/MIA-MARKET-2024-ROMA-CALL.png\",\"datePublished\":\"2024-09-23T08:52:55+00:00\",\"dateModified\":\"2024-10-04T08:51:58+00:00\",\"author\":{\"@id\":\"https:\/\/www.lazioinnova.it\/laziointernational\/#\/schema\/person\/5d1178a88b916d4e208c2f7f7880adb7\"},\"description\":\"Partecipazione collettiva gratuita al MIA - Mercato Internazionale Audiovisivo - Roma, 14-18 ottobre 2024. Candidature entro il 1\u00b0 ottobre ore 12.00\",\"breadcrumb\":{\"@id\":\"https:\/\/www.lazioinnova.it\/laziointernational\/2024\/09\/23\/manifestazione-di-interesse-per-mia-mercato-internazionale-audiovisivo\/#breadcrumb\"},\"inLanguage\":\"it-IT\",\"potentialAction\":[{\"@type\":\"ReadAction\",\"target\":[\"https:\/\/www.lazioinnova.it\/laziointernational\/2024\/09\/23\/manifestazione-di-interesse-per-mia-mercato-internazionale-audiovisivo\/\"]}]},{\"@type\":\"ImageObject\",\"inLanguage\":\"it-IT\",\"@id\":\"https:\/\/www.lazioinnova.it\/laziointernational\/2024\/09\/23\/manifestazione-di-interesse-per-mia-mercato-internazionale-audiovisivo\/#primaryimage\",\"url\":\"https:\/\/www.lazioinnova.it\/laziointernational\/app\/uploads\/2024\/09\/MIA-MARKET-2024-ROMA-CALL.png\",\"contentUrl\":\"https:\/\/www.lazioinnova.it\/laziointernational\/app\/uploads\/2024\/09\/MIA-MARKET-2024-ROMA-CALL.png\",\"width\":1544,\"height\":874,\"caption\":\"Mia Market 2024 Info nella pagina\"},{\"@type\":\"BreadcrumbList\",\"@id\":\"https:\/\/www.lazioinnova.it\/laziointernational\/2024\/09\/23\/manifestazione-di-interesse-per-mia-mercato-internazionale-audiovisivo\/#breadcrumb\",\"itemListElement\":[{\"@type\":\"ListItem\",\"position\":1,\"name\":\"Home\",\"item\":\"https:\/\/www.lazioinnova.it\/laziointernational\/\"},{\"@type\":\"ListItem\",\"position\":2,\"name\":\"Manifestazione di interesse per MIA &#8211; Mercato Internazionale Audiovisivo\"}]},{\"@type\":\"WebSite\",\"@id\":\"https:\/\/www.lazioinnova.it\/laziointernational\/#website\",\"url\":\"https:\/\/www.lazioinnova.it\/laziointernational\/\",\"name\":\"Lazio International - Lazio Innova\",\"description\":\"Lazio Innova\",\"potentialAction\":[{\"@type\":\"SearchAction\",\"target\":{\"@type\":\"EntryPoint\",\"urlTemplate\":\"https:\/\/www.lazioinnova.it\/laziointernational\/?s={search_term_string}\"},\"query-input\":{\"@type\":\"PropertyValueSpecification\",\"valueRequired\":true,\"valueName\":\"search_term_string\"}}],\"inLanguage\":\"it-IT\"},{\"@type\":\"Person\",\"@id\":\"https:\/\/www.lazioinnova.it\/laziointernational\/#\/schema\/person\/5d1178a88b916d4e208c2f7f7880adb7\",\"name\":\"Federica San\u00f2\",\"image\":{\"@type\":\"ImageObject\",\"inLanguage\":\"it-IT\",\"@id\":\"https:\/\/www.lazioinnova.it\/laziointernational\/#\/schema\/person\/image\/\",\"url\":\"https:\/\/secure.gravatar.com\/avatar\/624dba46808c88848f4bb830d970515c?s=96&d=mm&r=g\",\"contentUrl\":\"https:\/\/secure.gravatar.com\/avatar\/624dba46808c88848f4bb830d970515c?s=96&d=mm&r=g\",\"caption\":\"Federica San\u00f2\"},\"url\":\"https:\/\/www.lazioinnova.it\/laziointernational\/author\/f-sano\/\"}]}<\/script>\n<!-- \/ Yoast SEO plugin. -->","yoast_head_json":{"title":"Manifestazione di interesse per MIA - Mercato Internazionale Audiovisivo - Lazio International - Lazio Innova","description":"Partecipazione collettiva gratuita al MIA - Mercato Internazionale Audiovisivo - Roma, 14-18 ottobre 2024. Candidature entro il 1\u00b0 ottobre ore 12.00","robots":{"index":"index","follow":"follow","max-snippet":"max-snippet:-1","max-image-preview":"max-image-preview:large","max-video-preview":"max-video-preview:-1"},"canonical":"https:\/\/www.lazioinnova.it\/laziointernational\/2024\/09\/23\/manifestazione-di-interesse-per-mia-mercato-internazionale-audiovisivo\/","og_locale":"it_IT","og_type":"article","og_title":"Manifestazione di interesse per MIA - Mercato Internazionale Audiovisivo - Lazio International - Lazio Innova","og_description":"Partecipazione collettiva gratuita al MIA - Mercato Internazionale Audiovisivo - Roma, 14-18 ottobre 2024. Candidature entro il 1\u00b0 ottobre ore 12.00","og_url":"https:\/\/www.lazioinnova.it\/laziointernational\/2024\/09\/23\/manifestazione-di-interesse-per-mia-mercato-internazionale-audiovisivo\/","og_site_name":"Lazio International - Lazio Innova","article_published_time":"2024-09-23T08:52:55+00:00","article_modified_time":"2024-10-04T08:51:58+00:00","og_image":[{"width":1544,"height":874,"url":"https:\/\/www.lazioinnova.it\/laziointernational\/app\/uploads\/2024\/09\/MIA-MARKET-2024-ROMA-CALL.png","type":"image\/png"}],"author":"Federica San\u00f2","twitter_card":"summary_large_image","twitter_misc":{"Scritto da":"Federica San\u00f2","Tempo di lettura stimato":"13 minuti"},"schema":{"@context":"https:\/\/schema.org","@graph":[{"@type":"WebPage","@id":"https:\/\/www.lazioinnova.it\/laziointernational\/2024\/09\/23\/manifestazione-di-interesse-per-mia-mercato-internazionale-audiovisivo\/","url":"https:\/\/www.lazioinnova.it\/laziointernational\/2024\/09\/23\/manifestazione-di-interesse-per-mia-mercato-internazionale-audiovisivo\/","name":"Manifestazione di interesse per MIA - Mercato Internazionale Audiovisivo - Lazio International - Lazio Innova","isPartOf":{"@id":"https:\/\/www.lazioinnova.it\/laziointernational\/#website"},"primaryImageOfPage":{"@id":"https:\/\/www.lazioinnova.it\/laziointernational\/2024\/09\/23\/manifestazione-di-interesse-per-mia-mercato-internazionale-audiovisivo\/#primaryimage"},"image":{"@id":"https:\/\/www.lazioinnova.it\/laziointernational\/2024\/09\/23\/manifestazione-di-interesse-per-mia-mercato-internazionale-audiovisivo\/#primaryimage"},"thumbnailUrl":"https:\/\/www.lazioinnova.it\/laziointernational\/app\/uploads\/2024\/09\/MIA-MARKET-2024-ROMA-CALL.png","datePublished":"2024-09-23T08:52:55+00:00","dateModified":"2024-10-04T08:51:58+00:00","author":{"@id":"https:\/\/www.lazioinnova.it\/laziointernational\/#\/schema\/person\/5d1178a88b916d4e208c2f7f7880adb7"},"description":"Partecipazione collettiva gratuita al MIA - Mercato Internazionale Audiovisivo - Roma, 14-18 ottobre 2024. Candidature entro il 1\u00b0 ottobre ore 12.00","breadcrumb":{"@id":"https:\/\/www.lazioinnova.it\/laziointernational\/2024\/09\/23\/manifestazione-di-interesse-per-mia-mercato-internazionale-audiovisivo\/#breadcrumb"},"inLanguage":"it-IT","potentialAction":[{"@type":"ReadAction","target":["https:\/\/www.lazioinnova.it\/laziointernational\/2024\/09\/23\/manifestazione-di-interesse-per-mia-mercato-internazionale-audiovisivo\/"]}]},{"@type":"ImageObject","inLanguage":"it-IT","@id":"https:\/\/www.lazioinnova.it\/laziointernational\/2024\/09\/23\/manifestazione-di-interesse-per-mia-mercato-internazionale-audiovisivo\/#primaryimage","url":"https:\/\/www.lazioinnova.it\/laziointernational\/app\/uploads\/2024\/09\/MIA-MARKET-2024-ROMA-CALL.png","contentUrl":"https:\/\/www.lazioinnova.it\/laziointernational\/app\/uploads\/2024\/09\/MIA-MARKET-2024-ROMA-CALL.png","width":1544,"height":874,"caption":"Mia Market 2024 Info nella pagina"},{"@type":"BreadcrumbList","@id":"https:\/\/www.lazioinnova.it\/laziointernational\/2024\/09\/23\/manifestazione-di-interesse-per-mia-mercato-internazionale-audiovisivo\/#breadcrumb","itemListElement":[{"@type":"ListItem","position":1,"name":"Home","item":"https:\/\/www.lazioinnova.it\/laziointernational\/"},{"@type":"ListItem","position":2,"name":"Manifestazione di interesse per MIA &#8211; Mercato Internazionale Audiovisivo"}]},{"@type":"WebSite","@id":"https:\/\/www.lazioinnova.it\/laziointernational\/#website","url":"https:\/\/www.lazioinnova.it\/laziointernational\/","name":"Lazio International - Lazio Innova","description":"Lazio Innova","potentialAction":[{"@type":"SearchAction","target":{"@type":"EntryPoint","urlTemplate":"https:\/\/www.lazioinnova.it\/laziointernational\/?s={search_term_string}"},"query-input":{"@type":"PropertyValueSpecification","valueRequired":true,"valueName":"search_term_string"}}],"inLanguage":"it-IT"},{"@type":"Person","@id":"https:\/\/www.lazioinnova.it\/laziointernational\/#\/schema\/person\/5d1178a88b916d4e208c2f7f7880adb7","name":"Federica San\u00f2","image":{"@type":"ImageObject","inLanguage":"it-IT","@id":"https:\/\/www.lazioinnova.it\/laziointernational\/#\/schema\/person\/image\/","url":"https:\/\/secure.gravatar.com\/avatar\/624dba46808c88848f4bb830d970515c?s=96&d=mm&r=g","contentUrl":"https:\/\/secure.gravatar.com\/avatar\/624dba46808c88848f4bb830d970515c?s=96&d=mm&r=g","caption":"Federica San\u00f2"},"url":"https:\/\/www.lazioinnova.it\/laziointernational\/author\/f-sano\/"}]}},"featured_image_src":"https:\/\/www.lazioinnova.it\/laziointernational\/app\/uploads\/2024\/09\/MIA-MARKET-2024-ROMA-CALL-600x400.png","featured_image_src_square":"https:\/\/www.lazioinnova.it\/laziointernational\/app\/uploads\/2024\/09\/MIA-MARKET-2024-ROMA-CALL-600x600.png","author_info":{"display_name":"Federica San\u00f2","author_link":"https:\/\/www.lazioinnova.it\/laziointernational\/author\/f-sano\/"},"homepage_image":"","_links":{"self":[{"href":"https:\/\/www.lazioinnova.it\/laziointernational\/wp-json\/wp\/v2\/posts\/15878","targetHints":{"allow":["GET"]}}],"collection":[{"href":"https:\/\/www.lazioinnova.it\/laziointernational\/wp-json\/wp\/v2\/posts"}],"about":[{"href":"https:\/\/www.lazioinnova.it\/laziointernational\/wp-json\/wp\/v2\/types\/post"}],"author":[{"embeddable":true,"href":"https:\/\/www.lazioinnova.it\/laziointernational\/wp-json\/wp\/v2\/users\/14"}],"replies":[{"embeddable":true,"href":"https:\/\/www.lazioinnova.it\/laziointernational\/wp-json\/wp\/v2\/comments?post=15878"}],"version-history":[{"count":12,"href":"https:\/\/www.lazioinnova.it\/laziointernational\/wp-json\/wp\/v2\/posts\/15878\/revisions"}],"predecessor-version":[{"id":16178,"href":"https:\/\/www.lazioinnova.it\/laziointernational\/wp-json\/wp\/v2\/posts\/15878\/revisions\/16178"}],"wp:featuredmedia":[{"embeddable":true,"href":"https:\/\/www.lazioinnova.it\/laziointernational\/wp-json\/wp\/v2\/media\/15895"}],"wp:attachment":[{"href":"https:\/\/www.lazioinnova.it\/laziointernational\/wp-json\/wp\/v2\/media?parent=15878"}],"wp:term":[{"taxonomy":"category","embeddable":true,"href":"https:\/\/www.lazioinnova.it\/laziointernational\/wp-json\/wp\/v2\/categories?post=15878"},{"taxonomy":"post_tag","embeddable":true,"href":"https:\/\/www.lazioinnova.it\/laziointernational\/wp-json\/wp\/v2\/tags?post=15878"}],"curies":[{"name":"wp","href":"https:\/\/api.w.org\/{rel}","templated":true}]}}