{"id":16285,"date":"2024-10-17T14:44:00","date_gmt":"2024-10-17T12:44:00","guid":{"rendered":"https:\/\/www.lazioinnova.it\/laziointernational\/?p=16285"},"modified":"2024-10-28T09:18:40","modified_gmt":"2024-10-28T08:18:40","slug":"manifestazione-di-interesse-per-welfair-la-fiera-del-fare-sanita","status":"publish","type":"post","link":"https:\/\/www.lazioinnova.it\/laziointernational\/2024\/10\/17\/manifestazione-di-interesse-per-welfair-la-fiera-del-fare-sanita\/","title":{"rendered":"Manifestazione di interesse per WelFair \u2013 La Fiera del Fare Sanit\u00e0"},"content":{"rendered":"\n<figure class=\"wp-block-image size-large\"><img loading=\"lazy\" decoding=\"async\" width=\"1024\" height=\"102\" src=\"https:\/\/www.lazioinnova.it\/laziointernational\/app\/uploads\/2024\/07\/Blocchetto-loghi-fiere-in-convenzione-2024_def2-1024x102.jpg\" alt=\"\" class=\"wp-image-15018\" srcset=\"https:\/\/www.lazioinnova.it\/laziointernational\/app\/uploads\/2024\/07\/Blocchetto-loghi-fiere-in-convenzione-2024_def2-1024x102.jpg 1024w, https:\/\/www.lazioinnova.it\/laziointernational\/app\/uploads\/2024\/07\/Blocchetto-loghi-fiere-in-convenzione-2024_def2-300x30.jpg 300w, https:\/\/www.lazioinnova.it\/laziointernational\/app\/uploads\/2024\/07\/Blocchetto-loghi-fiere-in-convenzione-2024_def2-768x77.jpg 768w, https:\/\/www.lazioinnova.it\/laziointernational\/app\/uploads\/2024\/07\/Blocchetto-loghi-fiere-in-convenzione-2024_def2-1536x154.jpg 1536w, https:\/\/www.lazioinnova.it\/laziointernational\/app\/uploads\/2024\/07\/Blocchetto-loghi-fiere-in-convenzione-2024_def2-2048x205.jpg 2048w\" sizes=\"auto, (max-width: 1024px) 100vw, 1024px\" \/><\/figure>\n\n\n\n<p>La <strong>Regione Lazio<\/strong>, attraverso il soggetto attuatore <strong>Lazio Innova<\/strong>, e la <strong>Camera di Commercio di Roma<\/strong>, con il supporto dell\u2019<strong>Azienda Speciale Sviluppo e Territorio<\/strong>, nell\u2019ambito della Convenzione per la partecipazione congiunta a iniziative e manifestazioni fieristiche, allo scopo di sostenere il tessuto economico regionale, promuovono la partecipazione a &nbsp;<strong>WelFair \u2013 La fiera del fare Sanit\u00e0<\/strong>, iniziativa aperta al pubblico e agli operatori del settore, che si svolger\u00e0 dal&nbsp; <strong>5 \u2013 7 novembre 2024<\/strong>&nbsp;presso <strong>Fiera di Roma<\/strong>.<br>\u00c8 intenzione degli gli Enti promotori organizzare uno spazio espositivo per ospitare fino a un massimo di&nbsp;<strong>36 imprese del Lazio<\/strong>&nbsp;che operano nel <strong>settore Life Science<\/strong> e rappresentative delle migliori realt\u00e0 imprenditoriali regionali.<\/p>\n\n\n\n<p>La&nbsp;<strong>partecipazione di n. 10 di queste<\/strong>&nbsp;\u00e8 sostenuta con il contributo del&nbsp;<strong>PR FESR Lazio 2021-2027<\/strong>.<\/p>\n\n\n\n<p>Nelle more dell\u2019approvazione del completamento dell\u2019iter amministrativo di approvazione dell\u2019intervento, il presente Avviso per manifestazione di interesse si intende <strong>NON VINCOLANTE<\/strong> per la Regione Lazio e per gli altri Enti promotori, che si riservano, in qualsiasi momento, di poter annullare, qualora le circostanze lo richiedessero, l\u2019organizzazione della collettiva regionale alla Fiera in oggetto e\/o di modificarne le caratteristiche e i servizi offerti.<\/p>\n\n\n\n<p>Gli Enti promotori, Lazio Innova e Sviluppo e Territorio daranno opportuna diffusione sui rispettivi siti istituzionali e su tutti i canali di comunicazione utilizzati per promuovere le iniziative.<\/p>\n\n\n\n<p><strong>WelFair<\/strong>&nbsp;\u00e8 la fiera che considera la Sanit\u00e0 un progetto di intelligenza collettiva e nasce dalla consapevolezza che l\u2019innovazione in questo campo \u00e8 divenuta complessa coinvolgendo diversi ambiti: ricerca medica, sviluppo tecnologico e regolamentazione che hanno bisogno di procedere in maniera coordinata. Per questo il nuovo format riunir\u00e0 tutti gli attori coinvolti nei diversi stadi della filiera sanitaria: medici, societ\u00e0 scientifiche, governance e istituzioni socio-sanitarie lavoreranno a stretto contatto con i leader di mercato nell\u2019High Tech, IT, biomedicale e farmaceutico per trovare soluzioni sui singoli processi sanitari e sui grandi assi di sviluppo del SSN e dell\u2019intero ecosistema sanitario. In quest\u2019ottica Welfair \u00e8 il luogo dove si inizia a fare la sanit\u00e0 del futuro, stabilendo quei primi contatti e quei confronti dai quali nasceranno nuovi protocolli assistenziali.<\/p>\n\n\n\n<p>&nbsp;A WelFair funzionari pubblici, medici, scienziati e manager pianteranno i semi di una migliore e pi\u00f9 proficua collaborazione per la pianificazione e lo sviluppo dei processi sanitari, rafforzando la comprensione delle reciproche esigenze e priorit\u00e0. A beneficiare di questo processo, saranno i cittadini, per i quali l\u2019accesso ai device, alle terapie e alle tecnologie mediche di ultima generazione diventer\u00e0 pi\u00f9 facile.<\/p>\n\n\n\n<p>PNRR, telemedicina, industria 4.0, longevit\u00e0 e invecchiamento in salute, autonomia differenziata, investimento in sicurezza e risk management, digitalizzazione e cyber risk, uso dell\u2019intelligenza artificiale e futuro dell\u2019assistenza domiciliare e territoriale: questi i principali temi di approfondimento e confronto per tutto gli stakeholder, con l\u2019obiettivo comune di proporre e trovare soluzioni sui singoli processi sanitari e sui grandi assi di sviluppo del servizio sanitario nazionale, per contribuire e tracciare il futuro della sanit\u00e0.<\/p>\n\n\n\n<p>Nell\u2019edizione 2024 saranno ulteriormente ampliate le importanti tematiche relative all\u2019interoperabilit\u00e0 dei dati sanitari, alla medicina territoriale, all\u2019innovazione sanitaria e alla sanit\u00e0, oltre alla telemedicina e all\u2019assistenza alle cronicit\u00e0 e alla cybersecurity.<\/p>\n\n\n\n<p><br><strong>WelFair 2024 prevede<\/strong>:<\/p>\n\n\n\n<ul class=\"wp-block-list\">\n<li><strong>Area espositiva<\/strong>&nbsp;per aziende, start up e professionisti che operano nei settori: healthcare, med tech, IT Insurance e finance, Sociosanitario, assistenza care giving ed enti locali. Associazionismo, cooperative e terzo settore e management sanitario.<\/li>\n\n\n\n<li><strong>Area convegnistica<\/strong>, di divulgazione medico-scientifica riservata agli operatori del settore, ma anche di informazione e aggiornamento con workshop e roundtable rivolti a stakeholder, che tratteranno temi relativi a: Analisi Dati e Cybersecurity, Prospettive dei servizi sanitari, monitoraggio e telemedicina, assistenza alle cronicit\u00e0 e care giving.<\/li>\n<\/ul>\n\n\n\n<p><br><strong>CATEGORIE AMMESSE ALLA PARTECIPAZIONE DELLA MANIFESTAZIONE<\/strong><\/p>\n\n\n\n<ul class=\"wp-block-list\">\n<li>Medico &nbsp; &nbsp; &nbsp; &nbsp; &nbsp;&nbsp;<\/li>\n\n\n\n<li>Farmaceutico<\/li>\n\n\n\n<li>Parafarmaceutico<\/li>\n\n\n\n<li>Sociosanitario &nbsp; &nbsp;<\/li>\n\n\n\n<li>Nutrizionistico, Nutraceutico, Nutrigenomico<\/li>\n\n\n\n<li>Dermocosmetico&nbsp;<\/li>\n\n\n\n<li>Omeopatico &nbsp;<\/li>\n\n\n\n<li>Medtech e Biomedicale &nbsp; &nbsp; &nbsp; &nbsp; &nbsp; &nbsp;<\/li>\n\n\n\n<li>Domotica e Robotica &nbsp; &nbsp; &nbsp; &nbsp; &nbsp;<\/li>\n\n\n\n<li>Cybersecurity &nbsp;<\/li>\n\n\n\n<li>Apparecchiature elettromedicali &nbsp;&nbsp;<\/li>\n\n\n\n<li>Telemedicina e digital health &nbsp;<\/li>\n\n\n\n<li>Ausili e Medical device &nbsp; &nbsp;&nbsp;<\/li>\n\n\n\n<li>Health care &nbsp; &nbsp;&nbsp;<\/li>\n\n\n\n<li>Turismo accessibile &nbsp; &nbsp; &nbsp; &nbsp; &nbsp; &nbsp; &nbsp; &nbsp; &nbsp; &nbsp; &nbsp; &nbsp; &nbsp; &nbsp; &nbsp; &nbsp; &nbsp; &nbsp; &nbsp; &nbsp; &nbsp; &nbsp; &nbsp; &nbsp; &nbsp; &nbsp; &nbsp; &nbsp;<\/li>\n\n\n\n<li>Veterinario<\/li>\n\n\n\n<li>Terme e centri benessere<\/li>\n\n\n\n<li>Assistenza, care giving<\/li>\n\n\n\n<li>IT Insurance e finance<\/li>\n\n\n\n<li>Servizi e attivit\u00e0 terziarie&nbsp;<\/li>\n\n\n\n<li>Stampa Specializzata<\/li>\n<\/ul>\n\n\n\n<p><br><strong>SPAZIO ESPOSITIVO<\/strong>&nbsp;<\/p>\n\n\n\n<p>&nbsp;A&nbsp;ciascuna azienda ammessa a partecipare verr\u00e0 riservato:<\/p>\n\n\n\n<ul class=\"wp-block-list\">\n<li><strong>STAND di mq 12<\/strong>, allestito e arredato con:<\/li>\n\n\n\n<li>pannelli perimetrali e divisori h. 3<\/li>\n\n\n\n<li>moquette<\/li>\n\n\n\n<li>insegna per ogni lato libero con ragione sociale e loghi partner<\/li>\n\n\n\n<li>impianto elettrico con 1 multipresa<\/li>\n\n\n\n<li>1 ripostiglio 1\u00d71,<\/li>\n\n\n\n<li>arredi (1 scrivania e 3 sedie, 1 appendiabiti, 1 cestino, 1 desk graficizzato, 1 sgabello),<\/li>\n\n\n\n<li>1 pannello 1,5\u00d71 graficizzato,<\/li>\n\n\n\n<li>quota di iscrizione, pulizia stand giornaliera.<\/li>\n<\/ul>\n\n\n\n<p>La <strong>QUOTA DI ISCRIZIONE<\/strong>&nbsp;\u00e8 comprensiva di iscrizione nel catalogo Ufficiale di manifestazione, assicurazione R.C.T. \u2013 R.C.O. e Incendio (quota base), installazione della potenza elettrica di 2 kw\/220, compreso il quadro elettrico, allaccio e collaudo; n. 1 parcheggio auto interno al quartiere fieristico; biglietti invito per operatore; tessere di servizio per Espositori e loro personale (n. 2 ogni 8 mq) fino a un max di 20 tessere; assistenza tecnica all\u2019Espositore nel periodo di svolgimento della manifestazione e durante le fasi di allestimento e smobilitazione degli stand; estintore; sorveglianza generale dei padiglioni e prevenzione generale antincendio<\/p>\n\n\n\n<p><br><strong>ACCESSO AL PROGRAMMA DI NETWORKING INTERNAZIONALE<\/strong><\/p>\n\n\n\n<p>A Welfair le aziende partecipanti avranno l\u2019opportunit\u00e0 di prendere parte a programmi di networking, con operatori e imprese dei settori coinvolti,&nbsp;sia nazionali sia internazionali, finalizzati alla realizzazione di accordi commerciali, partnership e azioni di promozione verso nuovi mercati.&nbsp;<\/p>\n\n\n\n<p><br><strong>REQUISITI DI AMMISSIBILIT\u00c0 PER LE IMPRESE INVITATE A PARTECIPARE<\/strong><\/p>\n\n\n\n<p>L\u2019opportunit\u00e0 di prendere parte a&nbsp;<strong>WelFair <\/strong>\u00e8 riservata ad imprese in possesso dei seguenti requisiti:<\/p>\n\n\n\n<ul class=\"wp-block-list\">\n<li>sede legale e\/o operativa nella Regione Lazio;<\/li>\n\n\n\n<li>coerenza dell\u2019attivit\u00e0 dell\u2019azienda con il settore o i settori economici cui la manifestazione \u00e8 rivolta;<\/li>\n\n\n\n<li>essere MPMI, come classificate nell&#8217;Allegato I del Regolamento (UE) n. 651\/2014, in forma singola o associata in Consorzi, Societ\u00e0 Consortili o Reti di imprese con personalit\u00e0 giuridica (Reti-soggetto), definite ai sensi dei commi 4-ter e 4-quater dell&#8217;art. 3 del Decreto-legge n. 5 del 10 febbraio 2009, convertito, con modificazioni, nella Legge n. 33 del 09 Aprile 2009 e ss.mm.ii., al momento della presentazione della manifestazione di interesse;<\/li>\n\n\n\n<li>essere regolarmente iscritte nel Registro delle Imprese della C.C.I.A.A. competente per territorio e in regola, al momento della presentazione della manifestazione di interesse o comunque entro i termini di chiusura di presentazione della stessa, con il pagamento del diritto annuale e con la dichiarazione dell\u2019attivit\u00e0 esercitata;<\/li>\n\n\n\n<li>esercitare, in relazione alla sede laziale, un\u2019attivit\u00e0 economica coerente con il settore<\/li>\n\n\n\n<li>non essere beneficiarie di agevolazioni pubbliche relative alla partecipazione alla manifestazione fieristica in questione n\u00e9 aver presentato domande di agevolazione per partecipare alla medesima manifestazione;<\/li>\n\n\n\n<li>non aver superato, negli ultimi tre anni, l\u2019importo massimo di \u20ac 300.000,00 delle agevolazioni in regime \u201cde minimis\u201d ai sensi del Regolamento (UE) n. 2831 del 13 dicembre 2023 relativo all\u2019applicazione degli articoli 107 e 108 del trattato sul funzionamento dell\u2019Unione Europea agli aiuti \u201cde minimis\u201d;<\/li>\n\n\n\n<li>essere nel pieno e libero esercizio dei propri diritti, attive e non essere sottoposte n\u00e9 essere state sottoposte, nei cinque anni precedenti, a procedure di liquidazione volontaria, liquidazione coatta, fallimento, concordato preventivo (ad eccezione del concordato preventivo con continuit\u00e0 aziendale) ed ogni altra procedura concorsuale n\u00e9 avere in corso un procedimento per la dichiarazione di una delle suddette situazioni;<\/li>\n\n\n\n<li>possedere capacit\u00e0 di contrarre ovvero non essere state oggetto di sanzione interdittiva o altra sanzione che comporti il divieto di contrarre con la Pubblica Amministrazione;<\/li>\n\n\n\n<li>non avere Amministratori e\/o Legali Rappresentanti che siano stati condannati con sentenza passata in giudicato ovvero nei cui confronti sia stato emesso decreto penale di condanna divenuto irrevocabile o sentenza di applicazione della pena su richiesta, ai sensi dell\u2019art. 444 c.p.p., per reati gravi in danno dello Stato o della Comunit\u00e0 che incidono sulla moralit\u00e0 professionale (\u00e8 comunque causa di esclusione la condanna, con sentenza passata in giudicato, per reati di partecipazione ad un&#8217;organizzazione criminale, corruzione, frode, riciclaggio);<\/li>\n\n\n\n<li>non avere Amministratori e\/o Legali Rappresentanti che si siano resi colpevoli di false dichiarazioni nei rapporti con la Pubblica Amministrazione;<\/li>\n\n\n\n<li>essere in regola con il versamento dei contributi previdenziali e assistenziali, accertabile mediante acquisizione del DURC, <br>ovvero<\/li>\n\n\n\n<li>non essere soggetti agli obblighi in materia di regolarit\u00e0 contributiva e, quindi, non essere tenuti all\u2019iscrizione presso alcun Ente previdenziale o assistenziale.<\/li>\n<\/ul>\n\n\n\n<p>Il possesso dei requisiti \u00e8 attestato mediante dichiarazioni rese al momento della partecipazione attraverso il modulo di manifestazione di interesse.<\/p>\n\n\n\n<p><em>Tali dichiarazioni potranno essere verificate, cos\u00ec come stabilito dall\u2019art. 71 comma 1 del D.P.R. 445 del 28.12.2000, come modificato dall\u2019art. 264 del D.L. 19 maggio 2020 n. 34, con applicazione, nel caso di dichiarazioni mendaci, della decadenza dai benefici e delle sanzioni penali, rispettivamente previste dagli artt. 75 e 76 del medesimo D.P.R., come da ultimo rese pi\u00f9 severe per effetto del citato articolo 264.<\/em><\/p>\n\n\n\n<p><br><strong>MODALIT\u00c0 DI PRESENTAZIONE DELLA DOMANDA DI PARTECIPAZIONE<\/strong>:<\/p>\n\n\n\n<p style=\"font-size:22px\"><strong>ISCRIZIONI CHIUSE<\/strong><\/p>\n\n\n\n<p><br><strong>CRITERI DI AMMISSIBILIT\u00c0 GENERALI<\/strong><\/p>\n\n\n\n<ul class=\"wp-block-list\">\n<li>correttezza dell\u2019iter amministrativo di presentazione della manifestazione d\u2019interesse (rispetto delle modalit\u00e0 e dei tempi);<\/li>\n\n\n\n<li>completezza della domanda di partecipazione e invio della PEC entro la data e l\u2019orario stabilito nelle modalit\u00e0 di presentazione della domanda.<\/li>\n<\/ul>\n\n\n\n<p><br><strong>SELEZIONE<\/strong><\/p>\n\n\n\n<p>La selezione avverr\u00e0 a cura di un Nucleo di Valutazione composto da:<\/p>\n\n\n\n<ol class=\"wp-block-list\">\n<li>un rappresentante di Regione Lazio;<\/li>\n\n\n\n<li>un rappresentante di Lazio Innova;<\/li>\n\n\n\n<li>un rappresentante del Sistema Camerale di Roma.<\/li>\n<\/ol>\n\n\n\n<p><br><strong>CRITERI DI SELEZIONE E COMUNICAZIONE DI AMMISSIONE<\/strong><\/p>\n\n\n\n<p>Gli spazi espositivi saranno assegnati a ciascuna impresa secondo l\u2019ordine cronologico di presentazione della Manifestazione di interesse, trattandosi di \u201cprocedura a sportello\u201d.<\/p>\n\n\n\n<p>Sar\u00e0 comunque predisposta una graduatoria delle domande ammesse alla quale si attinger\u00e0 qualora si dovessero registrare delle rinunce.<\/p>\n\n\n\n<p>Le imprese ammesse riceveranno apposita comunicazione via e-mail riguardo alle modalit\u00e0 di organizzazione e gestione del proprio stand e saranno invitate a confermare la propria partecipazione secondo i termini e le modalit\u00e0 contenute nella stessa. Il mancato rispetto dei termini comporter\u00e0 l\u2019esclusione dell\u2019azienda. La mancata partecipazione senza giustificato motivo potrebbe essere causa di esclusione dell\u2019impresa da iniziative future organizzate da Regione Lazio e Camera di Commercio di Roma.<\/p>\n\n\n\n<p>Si segnala, inoltre, che la suddetta manifestazione di interesse non vincola gli Enti promotori che si riservano, in qualsiasi momento, di poter annullare, qualora le circostanze lo richiedessero, l\u2019organizzazione della collettiva regionale alla Fiera in oggetto.<\/p>\n\n\n\n<p><br><strong>CONDIZIONI DI ESCLUSIONE<\/strong><\/p>\n\n\n\n<p>Sono escluse dalla partecipazione le imprese gi\u00e0 presenti alla manifestazione con un proprio stand e le imprese morose nei confronti degli organizzatori per somme relative a precedenti manifestazioni, ovvero morose nei confronti di altri organismi in collaborazione con i quali gli organizzatori promuovono le iniziative.<br>La mancata partecipazione o mancato presidio dello stand potr\u00e0 essere causa di esclusione, ad insindacabile giudizio del Nucleo di Valutazione, alle future iniziative organizzate da Regione Lazio e Camera di Commercio di Roma nell\u2019ambito della Convenzione.<\/p>\n\n\n\n<p><br><strong>REGIME DI AIUTO<\/strong><\/p>\n\n\n\n<p>Considerata la volont\u00e0 degli Enti Promotori di venire incontro alle esigenze delle imprese selezionate, la partecipazione alla manifestazione \u00e8 gratuita, fermo restando che rimangono a carico delle stesse le spese relative ad ogni ulteriore servizio extra di personalizzazione richiesto dalle imprese medesime.<br>I costi di partecipazione sono sostenuti dagli Enti promotori e tale sostegno alle imprese si configura quale aiuto indiretto, per la partecipazione alle iniziative e manifestazioni promosse dalla Regione Lazio e Camera di Commercio di Roma, e sar\u00e0 concesso nel rispetto delle disposizioni di cui al Regolamento (UE) n. 2831 del 13 dicembre 2023&nbsp;relativo all\u2019applicazione degli articoli 107 e 108 del trattato sul funzionamento dell\u2019Unione Europea agli aiuti \u201cde minimis\u201d.&nbsp;<\/p>\n\n\n\n<p>A seguito dell\u2019obbligo di consultazione preventiva e di implementazione del Registro Nazionale degli Aiuti di Stato, di cui al Regolamento MISE n. 115 del 31 maggio 2017, gli importi relativi alle agevolazioni concesse verranno conseguentemente inseriti nel suddetto Registro, fino ad un importo di massimo&nbsp;<strong>\u20ac 5.700,00 IVA COMPRESA<\/strong>&nbsp;da calcolare per ogni impresa ammessa.<\/p>\n\n\n\n<p>Come previsto dall\u2019art. 3 par. 7 dello stesso Regolamento, qualora la concessione di nuovi aiuti \u201cde minimis\u201d comporti il superamento dei massimali previsti, nessuna delle nuove misure di aiuto pu\u00f2 beneficiare del Regolamento. L\u2019importo massimo delle agevolazioni in regime \u201cde minimis\u201d che possono essere concesse ad un\u2019unica impresa nell\u2019arco di tre anni e senza che ci\u00f2 possa incidere sugli scambi tra gli Stati membri e da non falsare o minacciare di falsare la concorrenza,&nbsp;\u00e8 pari a \u20ac 300.000,00.&nbsp;<\/p>\n\n\n\n<p>In caso di superamento delle soglie predette, l\u2019agevolazione suindicata non potr\u00e0 essere concessa, neppure per la parte che non superi detti massimali.<br>Si fa presente che ciascuna impresa pu\u00f2 monitorare l\u2019importo delle agevolazioni in regime \u201cde minimis\u201d di cui ha beneficiato a far data dal 12 agosto 2017, sul sito del Registro Nazionale degli Aiuti di Stato nella sezione Trasparenza al seguente link:<a href=\"https:\/\/www.rna.gov.it\/RegistroNazionaleTrasparenza\/faces\/pages\/TrasparenzaAiuto.jspx\"><strong>https:\/\/www.rna.gov.it\/RegistroNazionaleTrasparenza\/faces\/pages\/TrasparenzaAiuto.jspx<\/strong><\/a><strong>.<\/strong><\/p>\n\n\n\n<p>&nbsp;<br><strong>PRIVACY<\/strong><\/p>\n\n\n\n<p>I dati forniti saranno trattati dagli organizzatori in osservanza di quanto disposto dal Regolamento UE 679\/2016 sulla protezione dei dati personali.&nbsp;<\/p>\n\n\n\n<p>Per informazioni rivolgersi a:&nbsp;<\/p>\n\n\n\n<ul class=\"wp-block-list\">\n<li>Regione Lazio<br>Lazio Innova S.p.A. \u2013 Area Internazionalizzazione &amp; Cluster&nbsp;                                                                  e-mail: internazionalizzazione@lazioinnova.it<br>Tel. 06.60.51.60<\/li>\n\n\n\n<li>Camera di Commercio di Roma:&nbsp;<br>Area III Promozione e Sviluppo \u2013 Servizio Filiere produttive e Fiere:<br>e- mail:<a href=\"mailto:attivita.promozionali@rm.camcom.it\">&nbsp;attivita.promozionali@rm.camcom.it<\/a>&nbsp;<br>Tel. 06.52082571 \u2013 2065<\/li>\n\n\n\n<li>Sviluppo e Territorio<br>Azienda Speciale della Camera di Commercio di Roma per lo sviluppo e la crescita di Roma e del Lazio:<br>e-mail&nbsp;<a href=\"mailto:Sviluppo@sviluppoeterritorio.camcom.it\">Sviluppo@sviluppoeterritorio.camcom.it<\/a><br>Tel. 066787758 \u2013 06 69797165<\/li>\n<\/ul>\n\n\n\n<p>Tutta la modulistica \u00e8 consultabile e scaricabile sui seguenti siti Istituzionali:<\/p>\n\n\n\n<p><a href=\"http:\/\/www.lazioinnova.it\/laziointernational\" target=\"_blank\" rel=\"noreferrer noopener\">www.lazioinnova.it\/laziointernational<\/a>&nbsp;<br><a href=\"https:\/\/www.lazioeuropa.it\/\" target=\"_blank\" rel=\"noreferrer noopener\">www.lazioeuropa.it<\/a><br><a href=\"http:\/\/www.rm.camcom.it\/\" target=\"_blank\" rel=\"noreferrer noopener\">www.rm.camcom.it<\/a><br><a href=\"https:\/\/sviluppoeterritorio.camcom.it\/\" target=\"_blank\" rel=\"noreferrer noopener\">www.sviluppoeterritorio.camcom.it<\/a><br><br><br><br><\/p>\n","protected":false},"excerpt":{"rendered":"<p>Selezione di 36 imprese del Lazio per la collettiva regionale a Welfair 2024. Candidature fino alle ore 9.00 di luned\u00ec 28\u00a0ottobre 2024.<\/p>\n","protected":false},"author":15,"featured_media":16282,"comment_status":"closed","ping_status":"closed","sticky":false,"template":"","format":"standard","meta":{"_acf_changed":false,"ghostkit_customizer_options":"","ghostkit_custom_css":"","ghostkit_custom_js_head":"","ghostkit_custom_js_foot":"","ghostkit_typography":"","footnotes":""},"categories":[45,2,269],"tags":[295,434,334,167,77,156,689,688,72,122,370],"class_list":["post-16285","post","type-post","status-publish","format-standard","has-post-thumbnail","hentry","category-bandi-e-finanziamenti","category-fiere-e-iniziative-internazionali","category-network","tag-biomedicale","tag-cciaa-roma","tag-farmaceutico","tag-healthcare","tag-lazio-innova","tag-lifesciences","tag-management-sanitario","tag-med-2","tag-regione-lazio","tag-salute","tag-sanita"],"acf":{"homepage_image":""},"yoast_head":"<!-- This site is optimized with the Yoast SEO plugin v24.2 - https:\/\/yoast.com\/wordpress\/plugins\/seo\/ -->\n<title>Manifestazione di interesse per WelFair \u2013 La Fiera del Fare Sanit\u00e0 - Lazio International - Lazio Innova<\/title>\n<meta name=\"description\" content=\"Selezione di 36 imprese del Lazio per la collettiva regionale a Welfair 2024. Candidature fino alle ore 9.00 di luned\u00ec 28\u00a0ottobre 2024\" \/>\n<meta name=\"robots\" content=\"index, follow, max-snippet:-1, max-image-preview:large, max-video-preview:-1\" \/>\n<link rel=\"canonical\" href=\"https:\/\/www.lazioinnova.it\/laziointernational\/2024\/10\/17\/manifestazione-di-interesse-per-welfair-la-fiera-del-fare-sanita\/\" \/>\n<meta property=\"og:locale\" content=\"it_IT\" \/>\n<meta property=\"og:type\" content=\"article\" \/>\n<meta property=\"og:title\" content=\"Manifestazione di interesse per WelFair \u2013 La Fiera del Fare Sanit\u00e0 - Lazio International - Lazio Innova\" \/>\n<meta property=\"og:description\" content=\"Selezione di 36 imprese del Lazio per la collettiva regionale a Welfair 2024. Candidature fino alle ore 9.00 di luned\u00ec 28\u00a0ottobre 2024\" \/>\n<meta property=\"og:url\" content=\"https:\/\/www.lazioinnova.it\/laziointernational\/2024\/10\/17\/manifestazione-di-interesse-per-welfair-la-fiera-del-fare-sanita\/\" \/>\n<meta property=\"og:site_name\" content=\"Lazio International - Lazio Innova\" \/>\n<meta property=\"article:published_time\" content=\"2024-10-17T12:44:00+00:00\" \/>\n<meta property=\"article:modified_time\" content=\"2024-10-28T08:18:40+00:00\" \/>\n<meta property=\"og:image\" content=\"https:\/\/www.lazioinnova.it\/laziointernational\/app\/uploads\/2024\/10\/Logo-Welfair-2024.jpg\" \/>\n\t<meta property=\"og:image:width\" content=\"631\" \/>\n\t<meta property=\"og:image:height\" content=\"355\" \/>\n\t<meta property=\"og:image:type\" content=\"image\/jpeg\" \/>\n<meta name=\"author\" content=\"Simona Saldi\" \/>\n<meta name=\"twitter:card\" content=\"summary_large_image\" \/>\n<meta name=\"twitter:label1\" content=\"Scritto da\" \/>\n\t<meta name=\"twitter:data1\" content=\"Simona Saldi\" \/>\n\t<meta name=\"twitter:label2\" content=\"Tempo di lettura stimato\" \/>\n\t<meta name=\"twitter:data2\" content=\"12 minuti\" \/>\n<script type=\"application\/ld+json\" class=\"yoast-schema-graph\">{\"@context\":\"https:\/\/schema.org\",\"@graph\":[{\"@type\":\"WebPage\",\"@id\":\"https:\/\/www.lazioinnova.it\/laziointernational\/2024\/10\/17\/manifestazione-di-interesse-per-welfair-la-fiera-del-fare-sanita\/\",\"url\":\"https:\/\/www.lazioinnova.it\/laziointernational\/2024\/10\/17\/manifestazione-di-interesse-per-welfair-la-fiera-del-fare-sanita\/\",\"name\":\"Manifestazione di interesse per WelFair \u2013 La Fiera del Fare Sanit\u00e0 - Lazio International - Lazio Innova\",\"isPartOf\":{\"@id\":\"https:\/\/www.lazioinnova.it\/laziointernational\/#website\"},\"primaryImageOfPage\":{\"@id\":\"https:\/\/www.lazioinnova.it\/laziointernational\/2024\/10\/17\/manifestazione-di-interesse-per-welfair-la-fiera-del-fare-sanita\/#primaryimage\"},\"image\":{\"@id\":\"https:\/\/www.lazioinnova.it\/laziointernational\/2024\/10\/17\/manifestazione-di-interesse-per-welfair-la-fiera-del-fare-sanita\/#primaryimage\"},\"thumbnailUrl\":\"https:\/\/www.lazioinnova.it\/laziointernational\/app\/uploads\/2024\/10\/Logo-Welfair-2024.jpg\",\"datePublished\":\"2024-10-17T12:44:00+00:00\",\"dateModified\":\"2024-10-28T08:18:40+00:00\",\"author\":{\"@id\":\"https:\/\/www.lazioinnova.it\/laziointernational\/#\/schema\/person\/7cbe2b01abf9e66e3c12dd6c1af34b4a\"},\"description\":\"Selezione di 36 imprese del Lazio per la collettiva regionale a Welfair 2024. Candidature fino alle ore 9.00 di luned\u00ec 28\u00a0ottobre 2024\",\"breadcrumb\":{\"@id\":\"https:\/\/www.lazioinnova.it\/laziointernational\/2024\/10\/17\/manifestazione-di-interesse-per-welfair-la-fiera-del-fare-sanita\/#breadcrumb\"},\"inLanguage\":\"it-IT\",\"potentialAction\":[{\"@type\":\"ReadAction\",\"target\":[\"https:\/\/www.lazioinnova.it\/laziointernational\/2024\/10\/17\/manifestazione-di-interesse-per-welfair-la-fiera-del-fare-sanita\/\"]}]},{\"@type\":\"ImageObject\",\"inLanguage\":\"it-IT\",\"@id\":\"https:\/\/www.lazioinnova.it\/laziointernational\/2024\/10\/17\/manifestazione-di-interesse-per-welfair-la-fiera-del-fare-sanita\/#primaryimage\",\"url\":\"https:\/\/www.lazioinnova.it\/laziointernational\/app\/uploads\/2024\/10\/Logo-Welfair-2024.jpg\",\"contentUrl\":\"https:\/\/www.lazioinnova.it\/laziointernational\/app\/uploads\/2024\/10\/Logo-Welfair-2024.jpg\",\"width\":631,\"height\":355,\"caption\":\"Locandina Welfair 2024. Info nella pagina\"},{\"@type\":\"BreadcrumbList\",\"@id\":\"https:\/\/www.lazioinnova.it\/laziointernational\/2024\/10\/17\/manifestazione-di-interesse-per-welfair-la-fiera-del-fare-sanita\/#breadcrumb\",\"itemListElement\":[{\"@type\":\"ListItem\",\"position\":1,\"name\":\"Home\",\"item\":\"https:\/\/www.lazioinnova.it\/laziointernational\/\"},{\"@type\":\"ListItem\",\"position\":2,\"name\":\"Manifestazione di interesse per WelFair \u2013 La Fiera del Fare Sanit\u00e0\"}]},{\"@type\":\"WebSite\",\"@id\":\"https:\/\/www.lazioinnova.it\/laziointernational\/#website\",\"url\":\"https:\/\/www.lazioinnova.it\/laziointernational\/\",\"name\":\"Lazio International - Lazio Innova\",\"description\":\"Lazio Innova\",\"potentialAction\":[{\"@type\":\"SearchAction\",\"target\":{\"@type\":\"EntryPoint\",\"urlTemplate\":\"https:\/\/www.lazioinnova.it\/laziointernational\/?s={search_term_string}\"},\"query-input\":{\"@type\":\"PropertyValueSpecification\",\"valueRequired\":true,\"valueName\":\"search_term_string\"}}],\"inLanguage\":\"it-IT\"},{\"@type\":\"Person\",\"@id\":\"https:\/\/www.lazioinnova.it\/laziointernational\/#\/schema\/person\/7cbe2b01abf9e66e3c12dd6c1af34b4a\",\"name\":\"Simona Saldi\",\"image\":{\"@type\":\"ImageObject\",\"inLanguage\":\"it-IT\",\"@id\":\"https:\/\/www.lazioinnova.it\/laziointernational\/#\/schema\/person\/image\/\",\"url\":\"https:\/\/secure.gravatar.com\/avatar\/728241e61a8018eb4202d98d81c7c91a?s=96&d=mm&r=g\",\"contentUrl\":\"https:\/\/secure.gravatar.com\/avatar\/728241e61a8018eb4202d98d81c7c91a?s=96&d=mm&r=g\",\"caption\":\"Simona Saldi\"},\"url\":\"https:\/\/www.lazioinnova.it\/laziointernational\/author\/s-saldi\/\"}]}<\/script>\n<!-- \/ Yoast SEO plugin. -->","yoast_head_json":{"title":"Manifestazione di interesse per WelFair \u2013 La Fiera del Fare Sanit\u00e0 - Lazio International - Lazio Innova","description":"Selezione di 36 imprese del Lazio per la collettiva regionale a Welfair 2024. Candidature fino alle ore 9.00 di luned\u00ec 28\u00a0ottobre 2024","robots":{"index":"index","follow":"follow","max-snippet":"max-snippet:-1","max-image-preview":"max-image-preview:large","max-video-preview":"max-video-preview:-1"},"canonical":"https:\/\/www.lazioinnova.it\/laziointernational\/2024\/10\/17\/manifestazione-di-interesse-per-welfair-la-fiera-del-fare-sanita\/","og_locale":"it_IT","og_type":"article","og_title":"Manifestazione di interesse per WelFair \u2013 La Fiera del Fare Sanit\u00e0 - Lazio International - Lazio Innova","og_description":"Selezione di 36 imprese del Lazio per la collettiva regionale a Welfair 2024. Candidature fino alle ore 9.00 di luned\u00ec 28\u00a0ottobre 2024","og_url":"https:\/\/www.lazioinnova.it\/laziointernational\/2024\/10\/17\/manifestazione-di-interesse-per-welfair-la-fiera-del-fare-sanita\/","og_site_name":"Lazio International - Lazio Innova","article_published_time":"2024-10-17T12:44:00+00:00","article_modified_time":"2024-10-28T08:18:40+00:00","og_image":[{"width":631,"height":355,"url":"https:\/\/www.lazioinnova.it\/laziointernational\/app\/uploads\/2024\/10\/Logo-Welfair-2024.jpg","type":"image\/jpeg"}],"author":"Simona Saldi","twitter_card":"summary_large_image","twitter_misc":{"Scritto da":"Simona Saldi","Tempo di lettura stimato":"12 minuti"},"schema":{"@context":"https:\/\/schema.org","@graph":[{"@type":"WebPage","@id":"https:\/\/www.lazioinnova.it\/laziointernational\/2024\/10\/17\/manifestazione-di-interesse-per-welfair-la-fiera-del-fare-sanita\/","url":"https:\/\/www.lazioinnova.it\/laziointernational\/2024\/10\/17\/manifestazione-di-interesse-per-welfair-la-fiera-del-fare-sanita\/","name":"Manifestazione di interesse per WelFair \u2013 La Fiera del Fare Sanit\u00e0 - Lazio International - Lazio Innova","isPartOf":{"@id":"https:\/\/www.lazioinnova.it\/laziointernational\/#website"},"primaryImageOfPage":{"@id":"https:\/\/www.lazioinnova.it\/laziointernational\/2024\/10\/17\/manifestazione-di-interesse-per-welfair-la-fiera-del-fare-sanita\/#primaryimage"},"image":{"@id":"https:\/\/www.lazioinnova.it\/laziointernational\/2024\/10\/17\/manifestazione-di-interesse-per-welfair-la-fiera-del-fare-sanita\/#primaryimage"},"thumbnailUrl":"https:\/\/www.lazioinnova.it\/laziointernational\/app\/uploads\/2024\/10\/Logo-Welfair-2024.jpg","datePublished":"2024-10-17T12:44:00+00:00","dateModified":"2024-10-28T08:18:40+00:00","author":{"@id":"https:\/\/www.lazioinnova.it\/laziointernational\/#\/schema\/person\/7cbe2b01abf9e66e3c12dd6c1af34b4a"},"description":"Selezione di 36 imprese del Lazio per la collettiva regionale a Welfair 2024. Candidature fino alle ore 9.00 di luned\u00ec 28\u00a0ottobre 2024","breadcrumb":{"@id":"https:\/\/www.lazioinnova.it\/laziointernational\/2024\/10\/17\/manifestazione-di-interesse-per-welfair-la-fiera-del-fare-sanita\/#breadcrumb"},"inLanguage":"it-IT","potentialAction":[{"@type":"ReadAction","target":["https:\/\/www.lazioinnova.it\/laziointernational\/2024\/10\/17\/manifestazione-di-interesse-per-welfair-la-fiera-del-fare-sanita\/"]}]},{"@type":"ImageObject","inLanguage":"it-IT","@id":"https:\/\/www.lazioinnova.it\/laziointernational\/2024\/10\/17\/manifestazione-di-interesse-per-welfair-la-fiera-del-fare-sanita\/#primaryimage","url":"https:\/\/www.lazioinnova.it\/laziointernational\/app\/uploads\/2024\/10\/Logo-Welfair-2024.jpg","contentUrl":"https:\/\/www.lazioinnova.it\/laziointernational\/app\/uploads\/2024\/10\/Logo-Welfair-2024.jpg","width":631,"height":355,"caption":"Locandina Welfair 2024. Info nella pagina"},{"@type":"BreadcrumbList","@id":"https:\/\/www.lazioinnova.it\/laziointernational\/2024\/10\/17\/manifestazione-di-interesse-per-welfair-la-fiera-del-fare-sanita\/#breadcrumb","itemListElement":[{"@type":"ListItem","position":1,"name":"Home","item":"https:\/\/www.lazioinnova.it\/laziointernational\/"},{"@type":"ListItem","position":2,"name":"Manifestazione di interesse per WelFair \u2013 La Fiera del Fare Sanit\u00e0"}]},{"@type":"WebSite","@id":"https:\/\/www.lazioinnova.it\/laziointernational\/#website","url":"https:\/\/www.lazioinnova.it\/laziointernational\/","name":"Lazio International - Lazio Innova","description":"Lazio Innova","potentialAction":[{"@type":"SearchAction","target":{"@type":"EntryPoint","urlTemplate":"https:\/\/www.lazioinnova.it\/laziointernational\/?s={search_term_string}"},"query-input":{"@type":"PropertyValueSpecification","valueRequired":true,"valueName":"search_term_string"}}],"inLanguage":"it-IT"},{"@type":"Person","@id":"https:\/\/www.lazioinnova.it\/laziointernational\/#\/schema\/person\/7cbe2b01abf9e66e3c12dd6c1af34b4a","name":"Simona Saldi","image":{"@type":"ImageObject","inLanguage":"it-IT","@id":"https:\/\/www.lazioinnova.it\/laziointernational\/#\/schema\/person\/image\/","url":"https:\/\/secure.gravatar.com\/avatar\/728241e61a8018eb4202d98d81c7c91a?s=96&d=mm&r=g","contentUrl":"https:\/\/secure.gravatar.com\/avatar\/728241e61a8018eb4202d98d81c7c91a?s=96&d=mm&r=g","caption":"Simona Saldi"},"url":"https:\/\/www.lazioinnova.it\/laziointernational\/author\/s-saldi\/"}]}},"featured_image_src":"https:\/\/www.lazioinnova.it\/laziointernational\/app\/uploads\/2024\/10\/Logo-Welfair-2024-600x355.jpg","featured_image_src_square":"https:\/\/www.lazioinnova.it\/laziointernational\/app\/uploads\/2024\/10\/Logo-Welfair-2024-600x355.jpg","author_info":{"display_name":"Simona Saldi","author_link":"https:\/\/www.lazioinnova.it\/laziointernational\/author\/s-saldi\/"},"homepage_image":"","_links":{"self":[{"href":"https:\/\/www.lazioinnova.it\/laziointernational\/wp-json\/wp\/v2\/posts\/16285","targetHints":{"allow":["GET"]}}],"collection":[{"href":"https:\/\/www.lazioinnova.it\/laziointernational\/wp-json\/wp\/v2\/posts"}],"about":[{"href":"https:\/\/www.lazioinnova.it\/laziointernational\/wp-json\/wp\/v2\/types\/post"}],"author":[{"embeddable":true,"href":"https:\/\/www.lazioinnova.it\/laziointernational\/wp-json\/wp\/v2\/users\/15"}],"replies":[{"embeddable":true,"href":"https:\/\/www.lazioinnova.it\/laziointernational\/wp-json\/wp\/v2\/comments?post=16285"}],"version-history":[{"count":10,"href":"https:\/\/www.lazioinnova.it\/laziointernational\/wp-json\/wp\/v2\/posts\/16285\/revisions"}],"predecessor-version":[{"id":16503,"href":"https:\/\/www.lazioinnova.it\/laziointernational\/wp-json\/wp\/v2\/posts\/16285\/revisions\/16503"}],"wp:featuredmedia":[{"embeddable":true,"href":"https:\/\/www.lazioinnova.it\/laziointernational\/wp-json\/wp\/v2\/media\/16282"}],"wp:attachment":[{"href":"https:\/\/www.lazioinnova.it\/laziointernational\/wp-json\/wp\/v2\/media?parent=16285"}],"wp:term":[{"taxonomy":"category","embeddable":true,"href":"https:\/\/www.lazioinnova.it\/laziointernational\/wp-json\/wp\/v2\/categories?post=16285"},{"taxonomy":"post_tag","embeddable":true,"href":"https:\/\/www.lazioinnova.it\/laziointernational\/wp-json\/wp\/v2\/tags?post=16285"}],"curies":[{"name":"wp","href":"https:\/\/api.w.org\/{rel}","templated":true}]}}