{"id":18007,"date":"2025-02-20T09:57:12","date_gmt":"2025-02-20T08:57:12","guid":{"rendered":"https:\/\/www.lazioinnova.it\/laziointernational\/?p=18007"},"modified":"2025-03-14T17:05:46","modified_gmt":"2025-03-14T16:05:46","slug":"manifestazione-di-interesse-per-la-partecipazione-al-business-forum-italo-americano","status":"publish","type":"post","link":"https:\/\/www.lazioinnova.it\/laziointernational\/2025\/02\/20\/manifestazione-di-interesse-per-la-partecipazione-al-business-forum-italo-americano\/","title":{"rendered":"Manifestazione di interesse per la partecipazione al Business Forum Italo-Americano"},"content":{"rendered":"<div class=\"wp-block-image\">\n<figure class=\"aligncenter size-full is-resized\"><img loading=\"lazy\" decoding=\"async\" width=\"800\" height=\"117\" src=\"https:\/\/www.lazioinnova.it\/laziointernational\/app\/uploads\/2024\/12\/Blocco-loghi-POS-fondo-Transp.png\" alt=\"\" class=\"wp-image-17041\" style=\"width:636px;height:auto\" srcset=\"https:\/\/www.lazioinnova.it\/laziointernational\/app\/uploads\/2024\/12\/Blocco-loghi-POS-fondo-Transp.png 800w, https:\/\/www.lazioinnova.it\/laziointernational\/app\/uploads\/2024\/12\/Blocco-loghi-POS-fondo-Transp-300x44.png 300w, https:\/\/www.lazioinnova.it\/laziointernational\/app\/uploads\/2024\/12\/Blocco-loghi-POS-fondo-Transp-768x112.png 768w\" sizes=\"auto, (max-width: 800px) 100vw, 800px\" \/><\/figure><\/div>\n\n\n<p><strong>La Regione Lazio<\/strong>, per il tramite del soggetto attuatore Lazio Innova, al fine di rafforzare le relazioni economiche tra Lazio e Stati Uniti, seleziona <strong>n. 20 Startup e PMI innovative del Lazio<\/strong> interessate a prendere parte al<em> <strong>Business Forum Italo-Americano<\/strong><\/em><strong> che si svolger\u00e0 a New York<\/strong> <strong>nelle giornate dell\u20198, 9 e 10 aprile 2025<\/strong>. Il Forum si inserisce nell\u2019ambito delle iniziative avviate in occasione di <em>\u201cLazio, Regione d\u2019Onore 2025 della National Italian American Foundation&nbsp;\u2013&nbsp;NIAF\u201d<\/em>.<\/p>\n\n\n\n<p>La partecipazione delle 20 imprese sar\u00e0 sostenuta con i <strong>Fondi PR FESR Lazio 2021-2027<\/strong>.<\/p>\n\n\n\n<p>Nelle more dell\u2019approvazione del Programma delle Attivit\u00e0 di Internazionalizzazione 2025, il presente Avviso per manifestazione di interesse si intende&nbsp;NON VINCOLANTE&nbsp;per la Regione Lazio, che si riserva, in qualsiasi momento, di poter annullare, qualora le circostanze lo richiedessero, l\u2019organizzazione dell\u2019iniziativa di internazionalizzazione in oggetto e\/o di modificarne le caratteristiche e i servizi offerti.&nbsp;<\/p>\n\n\n\n<p><br><br><strong>PERCH\u00c9 PARTECIPARE<\/strong><\/p>\n\n\n\n<p>Il Forum rappresenta una <strong>piattaforma <\/strong>di scambio di <strong>informazioni, collaborazioni e opportunit\u00e0 di crescita <\/strong>nei <strong>settori innovativi<\/strong> e mira a <strong>consolidare i rapporti economici con gli Stati Uniti<\/strong>, valorizzando il ruolo della Regione Lazio come Regione d\u2019Onore 2025 della National Italian American Foundation (NIAF).<\/p>\n\n\n\n<p>L\u2019iniziativa \u00e8 organizzata in collaborazione con <strong>MAECI<\/strong>, <strong>MIMIT <\/strong>e <strong>TIC <\/strong>(Transatlantic Investment Committee) con l\u2019obiettivo di promuovere l\u2019export regionale, favorire il radicamento delle aziende nel mercato statunitense, supportare la competitivit\u00e0 delle Startup e PMI.<\/p>\n\n\n\n<p>Nel corso delle due giornate le Startup e PMI laziali avranno l\u2019opportunit\u00e0 unica di presentare le proprie eccellenze, creare <strong>partnership strategiche<\/strong> e <strong>attrarre investimenti<\/strong>.&nbsp;<\/p>\n\n\n\n<p>In particolare, il <strong>programma prevede<\/strong>:<\/p>\n\n\n\n<ul class=\"wp-block-list\">\n<li><strong>8 aprile<\/strong> \u2013 <em>study visit<\/em> a Tech Hubs locali<\/li>\n\n\n\n<li><strong>9 aprile<\/strong> &#8211; organizzazione di Tavole Rotonde dedicate all\u2019Open Innovation Internazionale dei settori strategici del Lazio, <em>Aerospace, Life Sciences, Energy, FinTech e Artificial Intelligence<\/em> (AI), e cena di networking<\/li>\n\n\n\n<li><strong>10 aprile<\/strong> &#8211; Business Forum Italo-Americano e networking.<\/li>\n<\/ul>\n\n\n\n<p><br><strong>Obiettivi specifici<\/strong> della partecipazione:<\/p>\n\n\n\n<ol class=\"wp-block-list\">\n<li>Promuovere l\u2019eccellenza regionale sul mercato statunitense:\n<ul class=\"wp-block-list\">\n<li><span style=\"color: initial;\">Presentare le opportunit\u00e0 di collaborazione con le imprese del Lazio, valorizzando settori ad alto potenziale di crescita e tradizionali, in linea con le priorit\u00e0 economiche regionali.<\/span><\/li>\n\n\n\n<li><span style=\"color: initial;\">Favorire il radicamento delle aziende del Lazio nel mercato americano e l\u2019espansione dell\u2019export regionale.<\/span><\/li>\n<\/ul>\n<\/li>\n\n\n\n<li>Stimolare partnership e attrazione di investimenti:\n<ul class=\"wp-block-list\">\n<li><span style=\"color: initial;\">Creare una piattaforma di dialogo e networking tra aziende del Lazio e controparti statunitensi, con focus su settori innovativi come Aerospace, Life Sciences, Energy, FinTech e Artificial Intelligence (AI).<\/span><\/li>\n\n\n\n<li>Facilitare il contatto diretto tra le imprese regionali e i principali attori economici americani, tra cui fondi di investimento, industrie e grandi studi legali.<\/li>\n<\/ul>\n<\/li>\n\n\n\n<li>Supportare la crescita competitiva delle Startup e PMI del Lazio:\n<ul class=\"wp-block-list\">\n<li>Rafforzare le competenze e la competitivit\u00e0 delle aziende partecipanti nel mercato globale attraverso lo scambio di informazioni su tassazione, incentivi, programmi e opportunit\u00e0 di business negli USA.<\/li>\n<\/ul>\n<\/li>\n\n\n\n<li>Valorizzare l\u2019immagine del Made in Lazio e del Made in Italy:\n<ul class=\"wp-block-list\">\n<li><span style=\"color: initial;\">Promuovere i sistemi produttivi e culturali della Regione Lazio come esempio di eccellenza italiana a New York, una delle citt\u00e0 pi\u00f9 influenti per il commercio internazionale.<\/span><\/li>\n\n\n\n<li>Creare sinergie tra eventi istituzionali e le attivit\u00e0 economiche per massimizzare l\u2019impatto promozionale e di visibilit\u00e0 della Regione.&nbsp;<\/li>\n<\/ul>\n<\/li>\n<\/ol>\n\n\n\n<p><br><strong>SETTORI<\/strong><\/p>\n\n\n\n<p>Saranno ammessi alla partecipazione <strong>Startup e PMI innovative con linee tecnologiche<\/strong> di sviluppo coerenti con i settori della S3 della Regione Lazio e con le tematiche legate all\u2019innovazione, in una prospettiva di <em>Open Innovation Internazionale<\/em> ed operative nei seguenti ambiti:<\/p>\n\n\n\n<ul class=\"wp-block-list\">\n<li>Aerospace<\/li>\n\n\n\n<li>Life Sciences<\/li>\n\n\n\n<li>Energy<\/li>\n\n\n\n<li>FinTech<\/li>\n\n\n\n<li>Artificial Intelligence (AI).<\/li>\n<\/ul>\n\n\n\n<p><br><strong>SERVIZI OFFERTI e ATTIVIT\u00c0 DI NETWORKING E BROKERAGGIO INTERNAZIONALE<\/strong><\/p>\n\n\n\n<p>Alle Startup e PMI innovative selezionate saranno offerti servizi di internazionalizzazione attraverso l\u2019organizzazione di attivit\u00e0 e appuntamenti di networking che si svolgeranno durante gli eventi del Business Forum per stimolare l\u2019incontro con potenziali clienti, partner e investitori americani.<\/p>\n\n\n\n<p>Alle imprese selezionate sar\u00e0 offerta la copertura del volo e alloggio per n. 4 giorni per 1 rappresentante ad azienda che dovr\u00e0 essere dipendente dell\u2019impresa beneficiaria o, come da Registro delle Imprese, suoi legali rappresentanti o componenti dell\u2019organo amministrativo.<\/p>\n\n\n\n<p>Nel dettaglio:<\/p>\n\n\n\n<ul class=\"wp-block-list\">\n<li><strong>n. 2 incontri on line <\/strong>progettati per preparare la conferenza e organizzati con esperti<\/li>\n\n\n\n<li><strong>n. 3 giornate in presenza a new York con la partecipazione a tavole rotonde<\/strong>, workshop, incontri di networking e B2B, visite ai luoghi dell\u2019innovazione e networking<\/li>\n\n\n\n<li>Organizzazione di<strong> incontri B2B con contatti business e\/o investitori americani<\/strong><\/li>\n\n\n\n<li>Incontri di<strong> Networking<\/strong><\/li>\n\n\n\n<li><strong>Assistenza in loco <\/strong>di funzionari di Lazio Innova<\/li>\n\n\n\n<li><strong>Copertura dei costi di volo e hotel <\/strong>(formula pernottamento e prima colazione) per 1 rappresentante ad azienda.<\/li>\n<\/ul>\n\n\n\n<p><br><strong>REQUISITI GENERALI DI AMMISSIBILIT\u00c0 PER LE IMPRESE INVITATE A PARTECIPARE:<\/strong><\/p>\n\n\n\n<ul class=\"wp-block-list\">\n<li>Sede legale e\/o operativa nella Regione Lazio<\/li>\n\n\n\n<li>Essere Startup e\/o PMI, come classificate nell\u2019Allegato I del Regolamento (UE) n. 651\/2014, in forma singola o associata in Consorzi, Societ\u00e0 Consortili o Reti di imprese con personalit\u00e0 giuridica (Reti-soggetto), definite ai sensi dei commi 4-ter e 4-quater dell\u2019art. 3 del Decreto-legge n. 5 del 10 Febbraio 2009, convertito, con modificazioni, nella Legge n. 33 del 09 Aprile 2009 e ss.mm.ii., al momento della presentazione della manifestazione di interesse<\/li>\n\n\n\n<li>Esercitare, in relazione alla sede laziale, un\u2019attivit\u00e0 economica coerente con il settore<\/li>\n\n\n\n<li>Non essere beneficiarie di agevolazioni pubbliche relative alla partecipazione alla manifestazione in questione n\u00e9 aver presentato domande di agevolazione per partecipare alla medesima manifestazione<\/li>\n\n\n\n<li>Essere nel pieno e libero esercizio dei propri diritti, attive e non essere sottoposte n\u00e9 essere state sottoposte, nei cinque anni precedenti, a procedure di liquidazione volontaria, liquidazione coatta, fallimento, concordato preventivo (ad eccezione del concordato preventivo con continuit\u00e0 aziendale) ed ogni altra procedura concorsuale n\u00e9 avere in corso un procedimento per la dichiarazione di una delle suddette situazioni<\/li>\n\n\n\n<li>Possedere capacit\u00e0 di contrarre ovvero non essere state oggetto di sanzione interdittiva o altra sanzione che comporti il divieto di contrarre con la Pubblica Amministrazione<\/li>\n\n\n\n<li>Non avere Amministratori e\/o Legali Rappresentanti che siano stati condannati con sentenza passata in giudicato ovvero nei cui confronti sia stato emesso decreto penale di condanna divenuto irrevocabile o sentenza di applicazione della pena su richiesta, ai sensi dell\u2019art. 444 c.p.p., per reati gravi in danno dello Stato o della Comunit\u00e0 che incidono sulla moralit\u00e0 professionale (\u00e8 comunque causa di esclusione la condanna, con sentenza passata in giudicato, per reati di partecipazione ad un\u2019organizzazione criminale, corruzione, frode, riciclaggio)<\/li>\n\n\n\n<li>Non avere Amministratori e\/o Legali Rappresentanti che si siano resi colpevoli di false dichiarazioni nei rapporti con la Pubblica Amministrazione<\/li>\n\n\n\n<li>Essere in regola con il versamento dei contributi previdenziali e assistenziali ovvero non essere soggetti agli obblighi in materia di regolarit\u00e0 contributiva e, quindi, non essere tenuti all\u2019iscrizione presso alcun Ente previdenziale o assistenziale<\/li>\n<\/ul>\n\n\n\n<p>Il possesso dei requisiti \u00e8 attestato mediante dichiarazioni rese al momento della partecipazione attraverso il modulo di manifestazione di interesse<\/p>\n\n\n\n<p>Tali dichiarazioni possono essere verificate cos\u00ec come stabilito dall\u2019art. 71 comma 1 del D.P.R. 445 del 28.12.2000, come modificato dall\u2019art. 264 del D.L. 19 maggio 2020 n. 34, con applicazione, nel caso di dichiarazioni mendaci, della decadenza dai benefici e delle sanzioni penali, rispettivamente previste dagli artt. 75 e 76 del medesimo D.P.R., come da ultimo rese pi\u00f9 severe per effetto del citato articolo 264.&nbsp;<\/p>\n\n\n\n<p><br><strong>MODALIT\u00c0 DI PRESENTAZIONE DELLA DOMANDA DI PARTECIPAZIONE&nbsp;<\/strong><\/p>\n\n\n\n<p style=\"font-size:22px\"><strong>ISCRIZIONI CHIUSE<\/strong><\/p>\n\n\n\n<p>alle<strong> ore 17.00 di venerd\u00ec 14 marzo 2025<\/strong>.<br><br><\/p>\n\n\n\n<p><br><strong>CRITERI DI AMMISSIBILIT\u00c0 GENERALI&nbsp;<\/strong><\/p>\n\n\n\n<ul class=\"wp-block-list\">\n<li>correttezza dell&#8217;iter amministrativo di presentazione della manifestazione di interesse (rispetto delle modalit\u00e0 e dei tempi)<\/li>\n\n\n\n<li>completezza della domanda di partecipazione.&nbsp;<\/li>\n<\/ul>\n\n\n\n<p><br><strong>CRITERI DI SELEZIONE<\/strong><\/p>\n\n\n\n<p>Fermo il possesso dei requisiti indicati, saranno oggetto di selezione le prime <strong>20 Startup e PMI innovative <\/strong>che risulteranno aver ottenuto il&nbsp;<strong>maggiore punteggio<\/strong>&nbsp;in ragione della valutazione svolta&nbsp;<strong>secondo i seguenti criteri&nbsp;<\/strong>(tra parentesi indicato il punteggio massimo di ciascun criterio):<\/p>\n\n\n\n<ol class=\"wp-block-list\">\n<li>Contenuto innovativo del prodotto o servizio (<strong>max 30 punti<\/strong>)<\/li>\n\n\n\n<li>Prodotto o servizio b2b o, se b2c, con interesse a partnership industriali e\/o finanziarie (<strong>max 20 punti<\/strong>)<\/li>\n\n\n\n<li>Disponibilit\u00e0 di referenze (clienti o PoC gi\u00e0 realizzati) o, in alternativa, avere nella compagine sociale un\u2019impresa gi\u00e0 consolidata o in alternativa essere stati oggetto di un investimento (<strong>max 30 punti<\/strong>)<\/li>\n\n\n\n<li>Prodotto o servizio gi\u00e0 industrializzato e pronto per il mercato, con interesse a sviluppo internazionale; linee tecnologiche di sviluppo coerenti con uno o pi\u00f9 dei seguenti ambiti: Aerospace, Life Sciences, Energy, FinTech e Artificial Intelligence (AI) (<strong>max 20 punti<\/strong>)<\/li>\n<\/ol>\n\n\n\n<p><br><strong>NUCLEO DI VALUTAZIONE<\/strong><\/p>\n\n\n\n<p>La selezione avverr\u00e0 a cura di un Nucleo di Valutazione composto da:<\/p>\n\n\n\n<ul class=\"wp-block-list\">\n<li>un rappresentante di Regione Lazio<\/li>\n\n\n\n<li>un rappresentante di Lazio Innova \u2013 <em>Direzione Internazionalizzazione e Cluster<\/em><\/li>\n\n\n\n<li>un esperto di processo di Internazionalizzazione.<\/li>\n<\/ul>\n\n\n\n<p><br><strong>SELEZIONE E COMUNICAZIONE DI AMMISSIONE<\/strong><\/p>\n\n\n\n<p>A seguito dello svolgimento del processo di selezione, tutti i soggetti che hanno sottoposto la candidatura:<\/p>\n\n\n\n<ol class=\"wp-block-list\">\n<li>riceveranno una comunicazione all\u2019indirizzo PEC indicato in sede di presentazione della manifestazione di interesse circa l\u2019ammissione o meno all\u2019iniziativa in oggetto<\/li>\n\n\n\n<li>i soggetti ammessi dovranno, entro il termine indicato nella suddetta comunicazione, provvedere a comunicare <strong>via PEC all\u2019indirizzo <\/strong><a href=\"mailto:internazionalizzazione@pec.lazioinnova.it\"><strong>internazionalizzazione@pec.lazioinnova.it<\/strong><\/a> la loro adesione definitiva ovvero la loro rinuncia; il mancato rispetto dei termini per l\u2019accettazione della proposta di partecipazione comporter\u00e0 l\u2019esclusione dell\u2019azienda. A seguito dell\u2019accettazione, l\u2019azienda sar\u00e0 tenuta a partecipare alla manifestazione in oggetto<\/li>\n\n\n\n<li>in caso di rinuncia di uno o pi\u00f9 dei soggetti ammessi, si proceder\u00e0 a selezionare gli ulteriori soggetti risultati idonei, nel rispetto della graduatoria redatta dal Nucleo di Valutazione.<\/li>\n<\/ol>\n\n\n\n<p>Si segnala, infine, che la suddetta manifestazione di interesse dell\u2019impresa non vincola gli Enti promotori che si riservano, in qualsiasi momento, di poter annullare, qualora le circostanze lo richiedessero, l\u2019organizzazione dell\u2019iniziativa regionale alla Business Forum in oggetto.<\/p>\n\n\n\n<p><br><strong>CONDIZIONI DI ESCLUSIONE<\/strong><\/p>\n\n\n\n<p>Sono escluse dalla partecipazione le imprese presenti alla manifestazione con un proprio stand e le imprese morose nei confronti degli organizzatori per somme relative a precedenti manifestazioni, ovvero morose nei confronti di altri organismi in collaborazione con i quali gli organizzatori promuovono le iniziative.<\/p>\n\n\n\n<p>La mancata partecipazione, o mancato presidio dello stand, potr\u00e0 essere causa di esclusione, ad insindacabile giudizio del Nucleo di Valutazione, alle future iniziative organizzate da Regione Lazio.<\/p>\n\n\n\n<p><br><strong>REGIME DI AIUTO&nbsp;<\/strong><\/p>\n\n\n\n<p>Considerata la volont\u00e0 degli Enti Promotori di venire incontro alle esigenze delle imprese selezionate, la partecipazione alla manifestazione \u00e8 gratuita, fermo restando che rimangono a carico delle stesse le spese relative ad ogni ulteriore servizio extra di personalizzazione richiesto dalle imprese medesime.<\/p>\n\n\n\n<p>I costi di partecipazione sono sostenuti dagli Enti promotori e tale sostegno alle imprese si configura quale aiuto indiretto, per la partecipazione alle iniziative e manifestazioni promosse dalla Regione, e sar\u00e0 concesso nel rispetto delle disposizioni di cui al Regolamento (UE) n. 2831 del 13 dicembre 2023 relativo all\u2019applicazione degli articoli 107 e 108 del trattato sul funzionamento dell\u2019Unione Europea agli aiuti \u201cde minimis\u201d.<\/p>\n\n\n\n<p>A seguito dell\u2019obbligo di consultazione preventiva e di implementazione del Registro Nazionale degli Aiuti di Stato, di cui al Regolamento MISE n. 115 del 31 maggio 2017, gli importi relativi alle agevolazioni concesse verranno conseguentemente inseriti nel suddetto Registro, fino ad un importo massimo di \u20ac 4.900 (euro quattromilanovecento\/00) I.V.A. inclusa, per ogni impresa ammessa. Come previsto dall\u2019art. 3 par. 7 dello stesso Regolamento, qualora la concessione di nuovi aiuti \u201cde minimis\u201d comporti il superamento dei massimali previsti, nessuna delle nuove misure di aiuto pu\u00f2 beneficiare del Regolamento. L\u2019importo massimo delle agevolazioni in regime \u201cde minimis\u201d che possono essere concesse ad un\u2019unica impresa nell\u2019arco di tre anni, senza la preventiva notifica ed autorizzazione da parte della Commissione Europea e senza che ci\u00f2 possa incidere sugli scambi tra gli Stati membri e da non falsare o minacciare di falsare la concorrenza, \u00e8 pari a \u20ac 300.000,00.&nbsp;<\/p>\n\n\n\n<p>In caso di superamento delle soglie predette, l\u2019agevolazione suindicata non potr\u00e0 essere concessa, neppure per la parte che non superi detti massimali.<\/p>\n\n\n\n<p>Si fa presente che ciascuna impresa pu\u00f2 monitorare l\u2019importo delle agevolazioni in regime \u201cde minimis\u201d di cui ha beneficiato a far data dal 12 agosto 2017, sul sito del Registro Nazionale degli Aiuti di Stato nella sezione Trasparenza al seguente Link: https:\/\/www.rna.gov.it\/RegistroNazionaleTrasparenza\/faces\/pages\/TrasparenzaAiuto.jspx<\/p>\n\n\n\n<p><br><strong>PRIVACY&nbsp;<\/strong><\/p>\n\n\n\n<p>I dati forniti saranno trattati dagli organizzatori in osservanza di quanto disposto dal Regolamento UE 679\/2016 sulla protezione dei dati personali.&nbsp;<\/p>\n\n\n\n<p>Per informazioni rivolgersi a:&nbsp;<\/p>\n\n\n\n<ul class=\"wp-block-list\">\n<li>Regione Lazio<br>Lazio Innova S.p.A. \u2013 Direzione Internazionalizzazione &amp; Cluster <br>e-mail:\u202finternazionalizzazione@lazioinnova.it\u202f- Tel. 06.60.51.60&nbsp;<\/li>\n<\/ul>\n\n\n\n<p>Tutta la modulistica \u00e8 consultabile e scaricabile sul portale regionale per l\u2019Internazionalizzazione: <a href=\"http:\/\/www.lazioinnova.it\/laziointernational\">www.lazioinnova.it\/laziointernational<\/a> e su <a href=\"http:\/\/www.lazioeuropa.it\">www.lazioeuropa.it<\/a>.<\/p>\n","protected":false},"excerpt":{"rendered":"<p>Selezione di 20 imprese del Lazio per la partecipazione al Business Forum Italo-Americano &#8211; New York (USA), 8 &#8211; 9 &#8211; 10 aprile 2025. Iscrizioni aperte fino alle ore 17.00 del 14 marzo 2025.<\/p>\n","protected":false},"author":11,"featured_media":18022,"comment_status":"closed","ping_status":"open","sticky":false,"template":"","format":"standard","meta":{"_acf_changed":false,"ghostkit_customizer_options":"","ghostkit_custom_css":"","ghostkit_custom_js_head":"","ghostkit_custom_js_foot":"","ghostkit_typography":"","footnotes":""},"categories":[2],"tags":[32,158,435,149,507,844,843,216],"class_list":["post-18007","post","type-post","status-publish","format-standard","has-post-thumbnail","hentry","category-fiere-e-iniziative-internazionali","tag-aerospazio","tag-ai","tag-energy","tag-fintech","tag-life-science","tag-mpmi","tag-niaf","tag-start-up-2"],"acf":{"homepage_image":""},"yoast_head":"<!-- This site is optimized with the Yoast SEO plugin v24.2 - https:\/\/yoast.com\/wordpress\/plugins\/seo\/ -->\n<title>Manifestazione di interesse per la partecipazione al Business Forum Italo-Americano - Lazio International - Lazio Innova<\/title>\n<meta name=\"description\" content=\"Selezione di 20 imprese del Lazio per la partecipazione al Business Forum Italo-Americano - New York (USA), 9 - 10 aprile 2025. Iscrizioni aperte fino alle ore 17.00 del 14 marzo 2025\" \/>\n<meta name=\"robots\" content=\"index, follow, max-snippet:-1, max-image-preview:large, max-video-preview:-1\" \/>\n<link rel=\"canonical\" href=\"https:\/\/www.lazioinnova.it\/laziointernational\/2025\/02\/20\/manifestazione-di-interesse-per-la-partecipazione-al-business-forum-italo-americano\/\" \/>\n<meta property=\"og:locale\" content=\"it_IT\" \/>\n<meta property=\"og:type\" content=\"article\" \/>\n<meta property=\"og:title\" content=\"Manifestazione di interesse per la partecipazione al Business Forum Italo-Americano - Lazio International - Lazio Innova\" \/>\n<meta property=\"og:description\" content=\"Selezione di 20 imprese del Lazio per la partecipazione al Business Forum Italo-Americano - New York (USA), 9 - 10 aprile 2025. Iscrizioni aperte fino alle ore 17.00 del 14 marzo 2025\" \/>\n<meta property=\"og:url\" content=\"https:\/\/www.lazioinnova.it\/laziointernational\/2025\/02\/20\/manifestazione-di-interesse-per-la-partecipazione-al-business-forum-italo-americano\/\" \/>\n<meta property=\"og:site_name\" content=\"Lazio International - Lazio Innova\" \/>\n<meta property=\"article:published_time\" content=\"2025-02-20T08:57:12+00:00\" \/>\n<meta property=\"article:modified_time\" content=\"2025-03-14T16:05:46+00:00\" \/>\n<meta property=\"og:image\" content=\"https:\/\/www.lazioinnova.it\/laziointernational\/app\/uploads\/2025\/02\/5niaf2024.jpg\" \/>\n\t<meta property=\"og:image:width\" content=\"777\" \/>\n\t<meta property=\"og:image:height\" content=\"438\" \/>\n\t<meta property=\"og:image:type\" content=\"image\/jpeg\" \/>\n<meta name=\"author\" content=\"Patrizia De Vincenzi\" \/>\n<meta name=\"twitter:card\" content=\"summary_large_image\" \/>\n<meta name=\"twitter:label1\" content=\"Scritto da\" \/>\n\t<meta name=\"twitter:data1\" content=\"Patrizia De Vincenzi\" \/>\n\t<meta name=\"twitter:label2\" content=\"Tempo di lettura stimato\" \/>\n\t<meta name=\"twitter:data2\" content=\"11 minuti\" \/>\n<script type=\"application\/ld+json\" class=\"yoast-schema-graph\">{\"@context\":\"https:\/\/schema.org\",\"@graph\":[{\"@type\":\"WebPage\",\"@id\":\"https:\/\/www.lazioinnova.it\/laziointernational\/2025\/02\/20\/manifestazione-di-interesse-per-la-partecipazione-al-business-forum-italo-americano\/\",\"url\":\"https:\/\/www.lazioinnova.it\/laziointernational\/2025\/02\/20\/manifestazione-di-interesse-per-la-partecipazione-al-business-forum-italo-americano\/\",\"name\":\"Manifestazione di interesse per la partecipazione al Business Forum Italo-Americano - Lazio International - Lazio Innova\",\"isPartOf\":{\"@id\":\"https:\/\/www.lazioinnova.it\/laziointernational\/#website\"},\"primaryImageOfPage\":{\"@id\":\"https:\/\/www.lazioinnova.it\/laziointernational\/2025\/02\/20\/manifestazione-di-interesse-per-la-partecipazione-al-business-forum-italo-americano\/#primaryimage\"},\"image\":{\"@id\":\"https:\/\/www.lazioinnova.it\/laziointernational\/2025\/02\/20\/manifestazione-di-interesse-per-la-partecipazione-al-business-forum-italo-americano\/#primaryimage\"},\"thumbnailUrl\":\"https:\/\/www.lazioinnova.it\/laziointernational\/app\/uploads\/2025\/02\/5niaf2024.jpg\",\"datePublished\":\"2025-02-20T08:57:12+00:00\",\"dateModified\":\"2025-03-14T16:05:46+00:00\",\"author\":{\"@id\":\"https:\/\/www.lazioinnova.it\/laziointernational\/#\/schema\/person\/e10234da4fb4b74202a288833515d758\"},\"description\":\"Selezione di 20 imprese del Lazio per la partecipazione al Business Forum Italo-Americano - New York (USA), 9 - 10 aprile 2025. Iscrizioni aperte fino alle ore 17.00 del 14 marzo 2025\",\"breadcrumb\":{\"@id\":\"https:\/\/www.lazioinnova.it\/laziointernational\/2025\/02\/20\/manifestazione-di-interesse-per-la-partecipazione-al-business-forum-italo-americano\/#breadcrumb\"},\"inLanguage\":\"it-IT\",\"potentialAction\":[{\"@type\":\"ReadAction\",\"target\":[\"https:\/\/www.lazioinnova.it\/laziointernational\/2025\/02\/20\/manifestazione-di-interesse-per-la-partecipazione-al-business-forum-italo-americano\/\"]}]},{\"@type\":\"ImageObject\",\"inLanguage\":\"it-IT\",\"@id\":\"https:\/\/www.lazioinnova.it\/laziointernational\/2025\/02\/20\/manifestazione-di-interesse-per-la-partecipazione-al-business-forum-italo-americano\/#primaryimage\",\"url\":\"https:\/\/www.lazioinnova.it\/laziointernational\/app\/uploads\/2025\/02\/5niaf2024.jpg\",\"contentUrl\":\"https:\/\/www.lazioinnova.it\/laziointernational\/app\/uploads\/2025\/02\/5niaf2024.jpg\",\"width\":777,\"height\":438,\"caption\":\"Logo NIAF - National Italian American Foundation\"},{\"@type\":\"BreadcrumbList\",\"@id\":\"https:\/\/www.lazioinnova.it\/laziointernational\/2025\/02\/20\/manifestazione-di-interesse-per-la-partecipazione-al-business-forum-italo-americano\/#breadcrumb\",\"itemListElement\":[{\"@type\":\"ListItem\",\"position\":1,\"name\":\"Home\",\"item\":\"https:\/\/www.lazioinnova.it\/laziointernational\/\"},{\"@type\":\"ListItem\",\"position\":2,\"name\":\"Manifestazione di interesse per la partecipazione al Business Forum Italo-Americano\"}]},{\"@type\":\"WebSite\",\"@id\":\"https:\/\/www.lazioinnova.it\/laziointernational\/#website\",\"url\":\"https:\/\/www.lazioinnova.it\/laziointernational\/\",\"name\":\"Lazio International - Lazio Innova\",\"description\":\"Lazio Innova\",\"potentialAction\":[{\"@type\":\"SearchAction\",\"target\":{\"@type\":\"EntryPoint\",\"urlTemplate\":\"https:\/\/www.lazioinnova.it\/laziointernational\/?s={search_term_string}\"},\"query-input\":{\"@type\":\"PropertyValueSpecification\",\"valueRequired\":true,\"valueName\":\"search_term_string\"}}],\"inLanguage\":\"it-IT\"},{\"@type\":\"Person\",\"@id\":\"https:\/\/www.lazioinnova.it\/laziointernational\/#\/schema\/person\/e10234da4fb4b74202a288833515d758\",\"name\":\"Patrizia De Vincenzi\",\"image\":{\"@type\":\"ImageObject\",\"inLanguage\":\"it-IT\",\"@id\":\"https:\/\/www.lazioinnova.it\/laziointernational\/#\/schema\/person\/image\/\",\"url\":\"https:\/\/secure.gravatar.com\/avatar\/777ff3d0c0f2532b3bffb45cd4591008?s=96&d=mm&r=g\",\"contentUrl\":\"https:\/\/secure.gravatar.com\/avatar\/777ff3d0c0f2532b3bffb45cd4591008?s=96&d=mm&r=g\",\"caption\":\"Patrizia De Vincenzi\"},\"url\":\"https:\/\/www.lazioinnova.it\/laziointernational\/author\/p-devincenzi\/\"}]}<\/script>\n<!-- \/ Yoast SEO plugin. -->","yoast_head_json":{"title":"Manifestazione di interesse per la partecipazione al Business Forum Italo-Americano - Lazio International - Lazio Innova","description":"Selezione di 20 imprese del Lazio per la partecipazione al Business Forum Italo-Americano - New York (USA), 9 - 10 aprile 2025. Iscrizioni aperte fino alle ore 17.00 del 14 marzo 2025","robots":{"index":"index","follow":"follow","max-snippet":"max-snippet:-1","max-image-preview":"max-image-preview:large","max-video-preview":"max-video-preview:-1"},"canonical":"https:\/\/www.lazioinnova.it\/laziointernational\/2025\/02\/20\/manifestazione-di-interesse-per-la-partecipazione-al-business-forum-italo-americano\/","og_locale":"it_IT","og_type":"article","og_title":"Manifestazione di interesse per la partecipazione al Business Forum Italo-Americano - Lazio International - Lazio Innova","og_description":"Selezione di 20 imprese del Lazio per la partecipazione al Business Forum Italo-Americano - New York (USA), 9 - 10 aprile 2025. Iscrizioni aperte fino alle ore 17.00 del 14 marzo 2025","og_url":"https:\/\/www.lazioinnova.it\/laziointernational\/2025\/02\/20\/manifestazione-di-interesse-per-la-partecipazione-al-business-forum-italo-americano\/","og_site_name":"Lazio International - Lazio Innova","article_published_time":"2025-02-20T08:57:12+00:00","article_modified_time":"2025-03-14T16:05:46+00:00","og_image":[{"width":777,"height":438,"url":"https:\/\/www.lazioinnova.it\/laziointernational\/app\/uploads\/2025\/02\/5niaf2024.jpg","type":"image\/jpeg"}],"author":"Patrizia De Vincenzi","twitter_card":"summary_large_image","twitter_misc":{"Scritto da":"Patrizia De Vincenzi","Tempo di lettura stimato":"11 minuti"},"schema":{"@context":"https:\/\/schema.org","@graph":[{"@type":"WebPage","@id":"https:\/\/www.lazioinnova.it\/laziointernational\/2025\/02\/20\/manifestazione-di-interesse-per-la-partecipazione-al-business-forum-italo-americano\/","url":"https:\/\/www.lazioinnova.it\/laziointernational\/2025\/02\/20\/manifestazione-di-interesse-per-la-partecipazione-al-business-forum-italo-americano\/","name":"Manifestazione di interesse per la partecipazione al Business Forum Italo-Americano - Lazio International - Lazio Innova","isPartOf":{"@id":"https:\/\/www.lazioinnova.it\/laziointernational\/#website"},"primaryImageOfPage":{"@id":"https:\/\/www.lazioinnova.it\/laziointernational\/2025\/02\/20\/manifestazione-di-interesse-per-la-partecipazione-al-business-forum-italo-americano\/#primaryimage"},"image":{"@id":"https:\/\/www.lazioinnova.it\/laziointernational\/2025\/02\/20\/manifestazione-di-interesse-per-la-partecipazione-al-business-forum-italo-americano\/#primaryimage"},"thumbnailUrl":"https:\/\/www.lazioinnova.it\/laziointernational\/app\/uploads\/2025\/02\/5niaf2024.jpg","datePublished":"2025-02-20T08:57:12+00:00","dateModified":"2025-03-14T16:05:46+00:00","author":{"@id":"https:\/\/www.lazioinnova.it\/laziointernational\/#\/schema\/person\/e10234da4fb4b74202a288833515d758"},"description":"Selezione di 20 imprese del Lazio per la partecipazione al Business Forum Italo-Americano - New York (USA), 9 - 10 aprile 2025. Iscrizioni aperte fino alle ore 17.00 del 14 marzo 2025","breadcrumb":{"@id":"https:\/\/www.lazioinnova.it\/laziointernational\/2025\/02\/20\/manifestazione-di-interesse-per-la-partecipazione-al-business-forum-italo-americano\/#breadcrumb"},"inLanguage":"it-IT","potentialAction":[{"@type":"ReadAction","target":["https:\/\/www.lazioinnova.it\/laziointernational\/2025\/02\/20\/manifestazione-di-interesse-per-la-partecipazione-al-business-forum-italo-americano\/"]}]},{"@type":"ImageObject","inLanguage":"it-IT","@id":"https:\/\/www.lazioinnova.it\/laziointernational\/2025\/02\/20\/manifestazione-di-interesse-per-la-partecipazione-al-business-forum-italo-americano\/#primaryimage","url":"https:\/\/www.lazioinnova.it\/laziointernational\/app\/uploads\/2025\/02\/5niaf2024.jpg","contentUrl":"https:\/\/www.lazioinnova.it\/laziointernational\/app\/uploads\/2025\/02\/5niaf2024.jpg","width":777,"height":438,"caption":"Logo NIAF - National Italian American Foundation"},{"@type":"BreadcrumbList","@id":"https:\/\/www.lazioinnova.it\/laziointernational\/2025\/02\/20\/manifestazione-di-interesse-per-la-partecipazione-al-business-forum-italo-americano\/#breadcrumb","itemListElement":[{"@type":"ListItem","position":1,"name":"Home","item":"https:\/\/www.lazioinnova.it\/laziointernational\/"},{"@type":"ListItem","position":2,"name":"Manifestazione di interesse per la partecipazione al Business Forum Italo-Americano"}]},{"@type":"WebSite","@id":"https:\/\/www.lazioinnova.it\/laziointernational\/#website","url":"https:\/\/www.lazioinnova.it\/laziointernational\/","name":"Lazio International - Lazio Innova","description":"Lazio Innova","potentialAction":[{"@type":"SearchAction","target":{"@type":"EntryPoint","urlTemplate":"https:\/\/www.lazioinnova.it\/laziointernational\/?s={search_term_string}"},"query-input":{"@type":"PropertyValueSpecification","valueRequired":true,"valueName":"search_term_string"}}],"inLanguage":"it-IT"},{"@type":"Person","@id":"https:\/\/www.lazioinnova.it\/laziointernational\/#\/schema\/person\/e10234da4fb4b74202a288833515d758","name":"Patrizia De Vincenzi","image":{"@type":"ImageObject","inLanguage":"it-IT","@id":"https:\/\/www.lazioinnova.it\/laziointernational\/#\/schema\/person\/image\/","url":"https:\/\/secure.gravatar.com\/avatar\/777ff3d0c0f2532b3bffb45cd4591008?s=96&d=mm&r=g","contentUrl":"https:\/\/secure.gravatar.com\/avatar\/777ff3d0c0f2532b3bffb45cd4591008?s=96&d=mm&r=g","caption":"Patrizia De Vincenzi"},"url":"https:\/\/www.lazioinnova.it\/laziointernational\/author\/p-devincenzi\/"}]}},"featured_image_src":"https:\/\/www.lazioinnova.it\/laziointernational\/app\/uploads\/2025\/02\/5niaf2024-600x400.jpg","featured_image_src_square":"https:\/\/www.lazioinnova.it\/laziointernational\/app\/uploads\/2025\/02\/5niaf2024-600x438.jpg","author_info":{"display_name":"Patrizia De Vincenzi","author_link":"https:\/\/www.lazioinnova.it\/laziointernational\/author\/p-devincenzi\/"},"homepage_image":"","_links":{"self":[{"href":"https:\/\/www.lazioinnova.it\/laziointernational\/wp-json\/wp\/v2\/posts\/18007","targetHints":{"allow":["GET"]}}],"collection":[{"href":"https:\/\/www.lazioinnova.it\/laziointernational\/wp-json\/wp\/v2\/posts"}],"about":[{"href":"https:\/\/www.lazioinnova.it\/laziointernational\/wp-json\/wp\/v2\/types\/post"}],"author":[{"embeddable":true,"href":"https:\/\/www.lazioinnova.it\/laziointernational\/wp-json\/wp\/v2\/users\/11"}],"replies":[{"embeddable":true,"href":"https:\/\/www.lazioinnova.it\/laziointernational\/wp-json\/wp\/v2\/comments?post=18007"}],"version-history":[{"count":12,"href":"https:\/\/www.lazioinnova.it\/laziointernational\/wp-json\/wp\/v2\/posts\/18007\/revisions"}],"predecessor-version":[{"id":18394,"href":"https:\/\/www.lazioinnova.it\/laziointernational\/wp-json\/wp\/v2\/posts\/18007\/revisions\/18394"}],"wp:featuredmedia":[{"embeddable":true,"href":"https:\/\/www.lazioinnova.it\/laziointernational\/wp-json\/wp\/v2\/media\/18022"}],"wp:attachment":[{"href":"https:\/\/www.lazioinnova.it\/laziointernational\/wp-json\/wp\/v2\/media?parent=18007"}],"wp:term":[{"taxonomy":"category","embeddable":true,"href":"https:\/\/www.lazioinnova.it\/laziointernational\/wp-json\/wp\/v2\/categories?post=18007"},{"taxonomy":"post_tag","embeddable":true,"href":"https:\/\/www.lazioinnova.it\/laziointernational\/wp-json\/wp\/v2\/tags?post=18007"}],"curies":[{"name":"wp","href":"https:\/\/api.w.org\/{rel}","templated":true}]}}