{"id":18361,"date":"2025-03-14T11:34:58","date_gmt":"2025-03-14T10:34:58","guid":{"rendered":"https:\/\/www.lazioinnova.it\/laziointernational\/?p=18361"},"modified":"2025-04-10T12:16:48","modified_gmt":"2025-04-10T10:16:48","slug":"manifestazione-di-interesse-per-forum-pa-2025","status":"publish","type":"post","link":"https:\/\/www.lazioinnova.it\/laziointernational\/2025\/03\/14\/manifestazione-di-interesse-per-forum-pa-2025\/","title":{"rendered":"Manifestazione di interesse per Forum PA 2025"},"content":{"rendered":"<div class=\"wp-block-image\">\n<figure class=\"aligncenter size-large is-resized\"><img loading=\"lazy\" decoding=\"async\" width=\"1024\" height=\"123\" src=\"https:\/\/www.lazioinnova.it\/laziointernational\/app\/uploads\/2025\/02\/loghi-fiere-in-convenzione_SOLO-CCIAA-1024x123.png\" alt=\"Loghi Coesione 21-27, Unione europea, Repubblica Italiana, Regione Lazio, Lazio Innova, CCIAA Roma\" class=\"wp-image-17786\" style=\"width:683px;height:auto\" srcset=\"https:\/\/www.lazioinnova.it\/laziointernational\/app\/uploads\/2025\/02\/loghi-fiere-in-convenzione_SOLO-CCIAA-1024x123.png 1024w, https:\/\/www.lazioinnova.it\/laziointernational\/app\/uploads\/2025\/02\/loghi-fiere-in-convenzione_SOLO-CCIAA-300x36.png 300w, https:\/\/www.lazioinnova.it\/laziointernational\/app\/uploads\/2025\/02\/loghi-fiere-in-convenzione_SOLO-CCIAA-768x92.png 768w, https:\/\/www.lazioinnova.it\/laziointernational\/app\/uploads\/2025\/02\/loghi-fiere-in-convenzione_SOLO-CCIAA-1536x184.png 1536w, https:\/\/www.lazioinnova.it\/laziointernational\/app\/uploads\/2025\/02\/loghi-fiere-in-convenzione_SOLO-CCIAA-2048x246.png 2048w\" sizes=\"auto, (max-width: 1024px) 100vw, 1024px\" \/><\/figure><\/div>\n\n\n<p>La <strong>Camera di Commercio di Roma,<\/strong> con il supporto dell\u2019<strong>Azienda Speciale Sviluppo e Territorio<\/strong>, e in collaborazione con la <strong>Regione Lazio<\/strong>, attraverso il soggetto attuatore <strong>Lazio Innova<\/strong>, nelle more della firma della Convenzione per la partecipazione congiunta a iniziative e manifestazioni fieristiche &#8211; anno 2025, allo scopo di sostenere il tessuto economico regionale, promuove la partecipazione di&nbsp;massimo n.<strong> 12 M<\/strong><strong>PMI innovative<\/strong> del Lazio a \u201c<strong>FORUM PA 2025<\/strong>\u201d, che si terr\u00e0 dal <strong>19 al 21 maggio 2025<\/strong> presso il <strong>Palazzo dei Congressi di Roma<\/strong>.<\/p>\n\n\n\n<p>La partecipazione delle <strong>12<\/strong> imprese selezionate \u00e8 sostenuta con le risorse della Camera di Commercio di Roma.<\/p>\n\n\n\n<p><strong>FORUM PA<\/strong> \u00e8 il pi\u00f9 importante evento dedicato all\u2019innovazione nella Pubblica Amministrazione e nei sistemi territoriali. L\u2019edizione di quest\u2019anno mette al centro il cambiamento e le azioni delle Amministrazioni per la promozione di uno sviluppo digitale e sostenibile. In un contesto in cui il settore pubblico \u00e8 nuovamente centrale per l\u2019attuazione del PNRR e dei fondi europei, <strong>FORUM PA<\/strong> \u00e8 una rilevante occasione di incontro tra domanda e offerta di innovazione per costruire <em>partnership<\/em> tra settore pubblico e sistema delle imprese. Alla Manifestazione sono presenti:<\/p>\n\n\n\n<ul class=\"wp-block-list\">\n<li>le pi\u00f9 importanti Amministrazioni pubbliche centrali e locali con i propri responsabili ai sistemi informativi, al procurement ed agli acquisti di prodotti, beni e servizi;<\/li>\n\n\n\n<li>le grandi aziende che svolgono un ruolo di <em>main contractor<\/em> nelle gare pubbliche e che hanno interesse ad integrare la propria offerta con servizi innovativi che nascono dal mondo delle MPMI (<em>Open Innovation<\/em>).<\/li>\n<\/ul>\n\n\n\n<p>L\u2019iniziativa mira a fornire alle piccole e medie imprese innovative un\u2019opportunit\u00e0 sia per proporre la propria offerta in un evento fieristico nazionale fortemente innovativo, che per incontrare le Amministrazioni potenziali clienti e le grandi imprese con le quali poter collaborare su gare pubbliche.<\/p>\n\n\n\n<p>Gli Enti promotori daranno opportuna diffusione sui rispettivi siti istituzionali e su tutti i canali di comunicazione utilizzati per promuovere le iniziative.<\/p>\n\n\n\n<p>Durante la Manifestazione saranno presentati i risultati di una ricerca volta ad analizzare il livello di utilizzo dello Sportello Unico per le Attivit\u00e0 Produttive (SUAP) da parte delle imprese di Roma e Provincia che potranno conoscere le opportunit\u00e0 offerte dal SUAP, un servizio che funge da punto di riferimento unico per tutte le pratiche amministrative relative all&#8217;avvio, alla modifica e alla cessazione di attivit\u00e0 produttive.<\/p>\n\n\n\n<p><br><strong>SPAZIO ESPOSITIVO E SERVIZI<\/strong><\/p>\n\n\n\n<p>Ogni azienda potr\u00e0 usufruire di uno spazio espositivo all\u2019interno dell\u2019area collettiva regionale di circa 100 mq e di un\u2019area demo condivisa dove organizzare, a rotazione, seminari tecnici e presentazioni della propria offerta al pubblico qualificato di FORUM PA.<\/p>\n\n\n\n<p>Ogni postazione sar\u00e0 dotata di:<\/p>\n\n\n\n<ul class=\"wp-block-list\">\n<li>n. 1 desk in materiale MDF 100x50x100 cm con fronte personalizzato;<\/li>\n\n\n\n<li>n. 1 sgabello;<\/li>\n\n\n\n<li>n. 1 cestino gettacarte;<\/li>\n\n\n\n<li>n. 1 multipresa elettrica a 3 vie;<\/li>\n\n\n\n<li>connettivit\u00e0 wi-fi.<\/li>\n<\/ul>\n\n\n\n<p>I <em>workshop<\/em> e le demo aziendali verranno inseriti nel programma ufficiale della Manifestazione e <strong>FORUM PA<\/strong> svolger\u00e0 un\u2019azione di promozione degli appuntamenti attraverso i propri canali e presso i target concordati.<\/p>\n\n\n\n<p><br><strong>SETTORI AMMESSI ALLA PARTECIPAZIONE ALLA MANIFESTAZIONE FIERISTICA<\/strong><\/p>\n\n\n\n<ul class=\"wp-block-list\">\n<li>ICT, <em>digital transformation<\/em>;<\/li>\n\n\n\n<li>Intelligenza Artificiale;<\/li>\n\n\n\n<li><em>Smart City<\/em> e innovazione urbana;<\/li>\n\n\n\n<li>Energia;<\/li>\n\n\n\n<li><em>Facility management<\/em>;<\/li>\n\n\n\n<li>Ambiente;<\/li>\n\n\n\n<li>Trasporti e infrastrutture;<\/li>\n\n\n\n<li>Salute e <em>welfare<\/em>.<\/li>\n<\/ul>\n\n\n\n<p><br><strong>REQUISITI DI AMMISSIBILIT\u00c0 PER LE IMPRESE PARTECIPANTI ALLA MANIFESTAZIONE DI INTERESSE<\/strong><\/p>\n\n\n\n<p>L\u2019opportunit\u00e0 di prendere parte alla manifestazione \u00e8 riservata alle MPMI innovative in possesso dei seguenti requisiti:<strong><\/strong><\/p>\n\n\n\n<ul class=\"wp-block-list\">\n<li>sede legale e\/o operativa nella Regione Lazio;<\/li>\n\n\n\n<li>coerenza dell\u2019attivit\u00e0 dell\u2019azienda con il settore o i settori economici cui la manifestazione \u00e8 rivolta;<\/li>\n\n\n\n<li>essere MPMI, come classificate nell&#8217;Allegato I del Regolamento (UE) n. 651\/2014, in forma singola o associata in Consorzi, Societ\u00e0 Consortili o Reti di imprese con personalit\u00e0 giuridica (Reti-soggetto), definite ai sensi dei commi 4-ter e 4-quater dell&#8217;art. 3 del Decreto-legge n. 5 del 10 febbraio 2009, convertito, con modificazioni, nella Legge n. 33 del 09 Aprile 2009 e ss.mm.ii., al momento della presentazione della manifestazione di interesse;<\/li>\n\n\n\n<li>essere regolarmente iscritte nel Registro delle Imprese della C.C.I.A.A. competente per territorio ed essere in regola, al momento della presentazione della manifestazione di interesse o comunque entro i termini di chiusura di presentazione della stessa, con il pagamento del diritto annuale e con la dichiarazione dell\u2019attivit\u00e0 esercitata;<\/li>\n\n\n\n<li>esercitare, in relazione alla sede laziale, un\u2019attivit\u00e0 economica coerente con il settore;<\/li>\n\n\n\n<li>non essere beneficiarie di agevolazioni pubbliche relative alla partecipazione alla manifestazione fieristica in questione n\u00e9 aver presentato domande di agevolazione per partecipare alla medesima manifestazione;<\/li>\n\n\n\n<li>non aver superato, negli ultimi tre anni, l\u2019importo massimo di \u20ac 300.000,00 delle agevolazioni in regime \u201cde minimis\u201d ai sensi del Regolamento (UE) n. 2831 del 13 dicembre 2023 relativo all\u2019applicazione degli articoli 107 e 108 del trattato sul funzionamento dell\u2019Unione Europea agli aiuti \u201cde minimis\u201d, e, in ogni caso, di disporre di un margine sufficiente alla concessione dell\u2019aiuto indiretto relativo alla presente manifestazione come evidenziato nel seguente paragrafo \u201cAiuto de minimis\u201d;<\/li>\n\n\n\n<li>essere nel pieno e libero esercizio dei propri diritti, attive e non siano sottoposte n\u00e9 essere state sottoposte, nei cinque anni precedenti, a procedure di liquidazione volontaria, liquidazione coatta, fallimento, concordato preventivo (ad eccezione del concordato preventivo con continuit\u00e0 aziendale) ed ogni altra procedura concorsuale n\u00e9 abbiano in corso un procedimento per la dichiarazione di una delle suddette situazioni;<\/li>\n\n\n\n<li>possedere capacit\u00e0 di contrarre ovvero non siano state oggetto di sanzione interdittiva o altra sanzione che comporti il divieto di contrarre con la Pubblica Amministrazione;<\/li>\n\n\n\n<li>non avere Amministratori e\/o Legali Rappresentanti che siano stati condannati con sentenza passata in giudicato ovvero nei cui confronti sia stato emesso decreto penale di condanna divenuto irrevocabile o sentenza di applicazione della pena su richiesta, ai sensi dell\u2019art. 444 c.p.p., per reati gravi in danno dello Stato o della Comunit\u00e0 che incidono sulla moralit\u00e0 professionale (\u00e8 comunque causa di esclusione la condanna, con sentenza passata in giudicato, per reati di partecipazione ad un&#8217;organizzazione criminale, corruzione, frode, riciclaggio);<\/li>\n\n\n\n<li>non avere Amministratori e\/o Legali Rappresentanti che si siano resi colpevoli di false dichiarazioni nei rapporti con la Pubblica Amministrazione;<\/li>\n\n\n\n<li>essere in regola con il versamento dei contributi previdenziali e assistenziali, accertabile mediante acquisizione del DURC, ovvero<\/li>\n\n\n\n<li>non essere soggetti agli obblighi in materia di regolarit\u00e0 contributiva e, quindi, non essere tenuti all\u2019iscrizione presso alcun Ente previdenziale o assistenziale.<\/li>\n<\/ul>\n\n\n\n<p>Il possesso dei requisiti \u00e8 attestato mediante dichiarazioni rese al momento della partecipazione attraverso il modulo di manifestazione di interesse.<\/p>\n\n\n\n<p>Tali dichiarazioni potranno essere verificate, cos\u00ec come stabilito dall\u2019art. 71 comma 1 del D.P.R. 445 del 28.12.2000, come modificato dall\u2019art. 264 del D.L. 19 maggio 2020 n. 34, con applicazione, nel caso di dichiarazioni mendaci, della decadenza dai benefici e delle sanzioni penali, rispettivamente previste dagli artt. 75 e 76 del medesimo D.P.R., come da ultimo rese pi\u00f9 severe per effetto del citato articolo 264.<\/p>\n\n\n\n<p><br><strong>MODALIT\u00c0 DI PRESENTAZIONE DELLA DOMANDA DI PARTECIPAZIONE<\/strong><\/p>\n\n\n\n<p><strong>ISCRIZIONI CHIUSE <\/strong><\/p>\n\n\n\n<p><br><strong>SELEZIONE<\/strong><\/p>\n\n\n\n<p>La selezione avverr\u00e0 a cura di un Nucleo di Valutazione<strong> <\/strong>composto da:<strong><\/strong><\/p>\n\n\n\n<ol class=\"wp-block-list\">\n<li>un rappresentante della Camera di Commercio di Roma;<\/li>\n\n\n\n<li>un rappresentante della Regione Lazio;<\/li>\n\n\n\n<li>un rappresentante di Lazio Innova.<\/li>\n<\/ol>\n\n\n\n<p><br><strong>CRITERI DI AMMISSIBILIT\u00c0 GENERALI<\/strong><\/p>\n\n\n\n<ul class=\"wp-block-list\">\n<li>correttezza dell&#8217;iter amministrativo di presentazione della domanda di partecipazione (rispetto delle modalit\u00e0 e dei tempi);<\/li>\n\n\n\n<li>completezza della domanda di partecipazione.<\/li>\n<\/ul>\n\n\n\n<p><br><strong>CRITERI DI SELEZIONE E COMUNICAZIONE DI AMMISSIONE<\/strong><\/p>\n\n\n\n<p>Le Manifestazioni di interesse saranno accolte secondo l\u2019ordine cronologico di arrivo trattandosi di \u201cprocedura a Sportello\u201d.<\/p>\n\n\n\n<p>Sar\u00e0 comunque predisposta una graduatoria delle domande ammesse alla quale si attinger\u00e0 qualora si dovessero registrare delle rinunce.<\/p>\n\n\n\n<p>A seguito dello svolgimento del processo di selezione, tutti i soggetti che hanno sottoposto la candidatura:<\/p>\n\n\n\n<ol start=\"1\" class=\"wp-block-list\">\n<li>riceveranno una comunicazione all\u2019indirizzo e-mail indicato in sede di presentazione della manifestazione di interesse circa l\u2019ammissione o meno all\u2019iniziativa in oggetto circa l\u2019ammissione o meno all\u2019iniziativa in oggetto e saranno invitate a confermare la propria partecipazione secondo i termini e le modalit\u00e0 contenute nella stessa;<\/li>\n\n\n\n<li>i soggetti ammessi dovranno, entro il termine indicato nella suddetta comunicazione, provvedere a comunicare via e-mail la loro adesione&nbsp;definitiva ovvero la loro rinuncia; il mancato rispetto dei termini per l\u2019accettazione della proposta di partecipazione comporter\u00e0 l\u2019esclusione dell\u2019azienda. A seguito dell\u2019accettazione, l\u2019azienda sar\u00e0 tenuta a partecipare alla manifestazione in oggetto;<\/li>\n\n\n\n<li>in caso di rinuncia di uno o pi\u00f9 dei soggetti ammessi, si proceder\u00e0 a selezionare gli ulteriori soggetti risultati idonei, nel rispetto della graduatoria redatta dal Nucleo di Valutazione.<\/li>\n<\/ol>\n\n\n\n<ol start=\"3\" class=\"wp-block-list\">\n<li><\/li>\n<\/ol>\n\n\n\n<p>Si segnala, inoltre, che la suddetta manifestazione di interesse non vincola gli Enti promotori che si riservano, in qualsiasi momento, di poter annullare, qualora le circostanze lo richiedessero, l\u2019organizzazione della collettiva regionale alla Fiera in oggetto.<\/p>\n\n\n\n<p><br><strong>CONDIZIONI DI ESCLUSIONE<\/strong><\/p>\n\n\n\n<p>Sono escluse dalla partecipazione le imprese gi\u00e0 presenti alla manifestazione con un proprio spazio e le imprese morose nei confronti degli organizzatori per somme relative a precedenti manifestazioni, ovvero morose nei confronti di altri organismi in collaborazione con i quali gli organizzatori promuovono le iniziative.<\/p>\n\n\n\n<p>La&nbsp;mancata partecipazione,&nbsp;o mancato presidio dello spazio espositivo, potr\u00e0&nbsp;essere causa di esclusione,&nbsp;a insindacabile giudizio del Nucleo di Valutazione, alle future&nbsp;iniziative organizzate da Regione Lazio e Camera di Commercio di Roma nell\u2019ambito della Convenzione.<\/p>\n\n\n\n<p><br><strong>AIUTO \u201cDE MINIMIS\u201d<\/strong><\/p>\n\n\n\n<p>Considerata la volont\u00e0 degli Enti Promotori di venire incontro alle esigenze delle imprese selezionate, la partecipazione alla manifestazione \u00e8 gratuita, fermo restando che rimangono a carico delle stesse le spese relative ad ogni ulteriore servizio extra di personalizzazione richiesto dalle imprese medesime.<\/p>\n\n\n\n<p>I costi di partecipazione sono sostenuti dagli Enti promotori e tale sostegno alle imprese si configura quale aiuto indiretto, per la partecipazione alle iniziative e manifestazioni promosse dalla Regione Lazio e Camera di Commercio di Roma, e sar\u00e0 concesso nel rispetto delle disposizioni di cui al Regolamento (UE) n. 2831 del 13 dicembre 2023 relativo all\u2019applicazione degli articoli 107 e 108 del trattato sul funzionamento dell\u2019Unione Europea agli aiuti \u201cde minimis\u201d.<\/p>\n\n\n\n<p>A seguito dell\u2019obbligo di consultazione preventiva e di implementazione del Registro Nazionale degli Aiuti di Stato, di cui al Regolamento MISE n. 115 del 31 maggio 2017, gli importi relativi alle agevolazioni concesse verranno conseguentemente inseriti nel suddetto Registro, fino ad un importo massimo di <strong>\u20ac 8.326,50 (IVA inclusa)<\/strong> per ogni impresa ammessa. Come previsto dall\u2019art. 3 par. 7 dello stesso Regolamento, qualora la concessione di nuovi aiuti \u201cde minimis\u201d comporti il superamento dei massimali previsti, nessuna delle nuove misure di aiuto pu\u00f2 beneficiare del Regolamento. L\u2019importo massimo delle agevolazioni in regime \u201cde minimis\u201d che possono essere concesse ad un\u2019unica impresa nell\u2019arco di tre anni, senza la preventiva notifica ed autorizzazione da parte della Commissione Europea e senza che ci\u00f2 possa incidere sugli scambi tra gli Stati membri e da non falsare o minacciare di falsare la concorrenza, \u00e8 pari a \u20ac 300.000,00.&nbsp;<\/p>\n\n\n\n<p>In caso di superamento delle soglie predette, l\u2019agevolazione suindicata non potr\u00e0 essere concessa, neppure per la parte che non superi detti massimali.<\/p>\n\n\n\n<p>&nbsp;Si fa presente che ciascuna impresa pu\u00f2 monitorare l\u2019importo delle agevolazioni in regime \u201cde minimis\u201d di cui ha beneficiato a far data dal 12 agosto 2017, sul sito del Registro Nazionale degli Aiuti di Stato nella sezione Trasparenza al seguente Link: <a href=\"http:\/\/www.rna.gov.it\/RegistroNazionaleTrasparenza\/faces\/pages\/TrasparenzaAiuto.jspx\">https:\/\/www.rna.gov.it\/RegistroNazionaleTrasparenza\/faces\/pages\/TrasparenzaAiuto.jspx<\/a><\/p>\n\n\n\n<p><br><strong>PRIVACY<\/strong><\/p>\n\n\n\n<p>I dati forniti saranno trattati dagli organizzatori in osservanza di quanto disposto dal Regolamento UE 679\/2016 sulla protezione dei dati personali.<\/p>\n\n\n\n<p>Per informazioni rivolgersi a:<\/p>\n\n\n\n<ul class=\"wp-block-list\">\n<li>Regione Lazio<br>Lazio Innova S.p.A. \u2013 Area Internazionalizzazione &amp; Cluster<br>e-mail: <a href=\"file:\/\/\/C:\/Users\/crm0972\/Downloads\/internazionalizzazione@lazioinnova.it\">internazionalizzazione@lazioinnova.it<\/a> &#8211; Tel. 06.60.51.60<br><\/li>\n\n\n\n<li>Camera di Commercio di Roma:<br>Area III Promozione e Sviluppo \u2013 Servizio Filiere produttive e Fiere:<br>e- mail:&nbsp;<a href=\"file:\/\/\/C:\/Users\/crm0972\/Downloads\/attivita.promozionali@rm.camcom.it&nbsp;\">attivita.promozionali@rm.camcom.it&nbsp;<\/a>&#8211; Tel. 06.52082065 &#8211; 2571<br><\/li>\n\n\n\n<li>Sviluppo e Territorio &#8211; Azienda Speciale della Camera di Commercio di Roma per lo sviluppo e la crescita di Roma e del Lazio:<br>e-mail: <a href=\"file:\/\/\/C:\/Users\/crm0972\/Downloads\/sviluppo@sviluppoeterritorio.camcom.it\">sviluppo@sviluppoeterritorio.camcom.it <\/a>&nbsp;&#8211; Tel. 066787758 &#8211; 06 69797165<br><\/li>\n<\/ul>\n\n\n\n<p>Tutta la modulistica \u00e8 consultabile e scaricabile sui seguenti siti Istituzionali:<\/p>\n\n\n\n<p><a href=\"https:\/\/www.lazioinnova.it\/laziointernational\/\">www.lazioinnova.it\/laziointernational<\/a><br><a href=\"https:\/\/www.rm.camcom.it\/\" target=\"_blank\" rel=\"noreferrer noopener\">www.rm.camcom.it<\/a><br><a href=\"https:\/\/sviluppoeterritorio.camcom.it\/\" target=\"_blank\" rel=\"noreferrer noopener\">www.sviluppoeterritorio.camcom.it<\/a><br><br><\/p>\n\n\n\n<p><\/p>\n","protected":false},"excerpt":{"rendered":"<p>Selezione di 12 MPMI innovative del Lazio per \u201cFORUM PA 2025\u201d, (19-21 maggio 2025 &#8211; Palazzo dei Congressi di Roma). ISCRIZIONI CHIUSE<\/p>\n","protected":false},"author":11,"featured_media":18376,"comment_status":"closed","ping_status":"open","sticky":false,"template":"","format":"standard","meta":{"_acf_changed":false,"ghostkit_customizer_options":"","ghostkit_custom_css":"","ghostkit_custom_js_head":"","ghostkit_custom_js_foot":"","ghostkit_typography":"","footnotes":""},"categories":[45,2],"tags":[158,13,93,855,152,72,122,62,856],"class_list":["post-18361","post","type-post","status-publish","format-standard","has-post-thumbnail","hentry","category-bandi-e-finanziamenti","category-fiere-e-iniziative-internazionali","tag-ai","tag-ambiente","tag-camera-di-commercio-di-roma","tag-forum-pa","tag-innovazione","tag-regione-lazio","tag-salute","tag-smart-cities-tech","tag-trasporti"],"acf":{"homepage_image":""},"yoast_head":"<!-- This site is optimized with the Yoast SEO plugin v24.2 - https:\/\/yoast.com\/wordpress\/plugins\/seo\/ -->\n<title>Manifestazione di interesse per Forum PA 2025 - Lazio International - Lazio Innova<\/title>\n<meta name=\"description\" content=\"Selezione di 12 MPMI innovative del Lazio per \u201cFORUM PA 2025\u201d, (19-21 maggio 2025 - Palazzo dei Congressi di Roma). Iscrizioni entro le 12.00 del 25 marzo\" \/>\n<meta name=\"robots\" content=\"index, follow, max-snippet:-1, max-image-preview:large, max-video-preview:-1\" \/>\n<link rel=\"canonical\" href=\"https:\/\/www.lazioinnova.it\/laziointernational\/2025\/03\/14\/manifestazione-di-interesse-per-forum-pa-2025\/\" \/>\n<meta property=\"og:locale\" content=\"it_IT\" \/>\n<meta property=\"og:type\" content=\"article\" \/>\n<meta property=\"og:title\" content=\"Manifestazione di interesse per Forum PA 2025 - Lazio International - Lazio Innova\" \/>\n<meta property=\"og:description\" content=\"Selezione di 12 MPMI innovative del Lazio per \u201cFORUM PA 2025\u201d, (19-21 maggio 2025 - Palazzo dei Congressi di Roma). Iscrizioni entro le 12.00 del 25 marzo\" \/>\n<meta property=\"og:url\" content=\"https:\/\/www.lazioinnova.it\/laziointernational\/2025\/03\/14\/manifestazione-di-interesse-per-forum-pa-2025\/\" \/>\n<meta property=\"og:site_name\" content=\"Lazio International - Lazio Innova\" \/>\n<meta property=\"article:published_time\" content=\"2025-03-14T10:34:58+00:00\" \/>\n<meta property=\"article:modified_time\" content=\"2025-04-10T10:16:48+00:00\" \/>\n<meta property=\"og:image\" content=\"https:\/\/www.lazioinnova.it\/laziointernational\/app\/uploads\/2025\/03\/Forum-PA-25.jpg\" \/>\n\t<meta property=\"og:image:width\" content=\"777\" \/>\n\t<meta property=\"og:image:height\" content=\"437\" \/>\n\t<meta property=\"og:image:type\" content=\"image\/jpeg\" \/>\n<meta name=\"author\" content=\"Patrizia De Vincenzi\" \/>\n<meta name=\"twitter:card\" content=\"summary_large_image\" \/>\n<meta name=\"twitter:label1\" content=\"Scritto da\" \/>\n\t<meta name=\"twitter:data1\" content=\"Patrizia De Vincenzi\" \/>\n\t<meta name=\"twitter:label2\" content=\"Tempo di lettura stimato\" \/>\n\t<meta name=\"twitter:data2\" content=\"11 minuti\" \/>\n<script type=\"application\/ld+json\" class=\"yoast-schema-graph\">{\"@context\":\"https:\/\/schema.org\",\"@graph\":[{\"@type\":\"WebPage\",\"@id\":\"https:\/\/www.lazioinnova.it\/laziointernational\/2025\/03\/14\/manifestazione-di-interesse-per-forum-pa-2025\/\",\"url\":\"https:\/\/www.lazioinnova.it\/laziointernational\/2025\/03\/14\/manifestazione-di-interesse-per-forum-pa-2025\/\",\"name\":\"Manifestazione di interesse per Forum PA 2025 - Lazio International - Lazio Innova\",\"isPartOf\":{\"@id\":\"https:\/\/www.lazioinnova.it\/laziointernational\/#website\"},\"primaryImageOfPage\":{\"@id\":\"https:\/\/www.lazioinnova.it\/laziointernational\/2025\/03\/14\/manifestazione-di-interesse-per-forum-pa-2025\/#primaryimage\"},\"image\":{\"@id\":\"https:\/\/www.lazioinnova.it\/laziointernational\/2025\/03\/14\/manifestazione-di-interesse-per-forum-pa-2025\/#primaryimage\"},\"thumbnailUrl\":\"https:\/\/www.lazioinnova.it\/laziointernational\/app\/uploads\/2025\/03\/Forum-PA-25.jpg\",\"datePublished\":\"2025-03-14T10:34:58+00:00\",\"dateModified\":\"2025-04-10T10:16:48+00:00\",\"author\":{\"@id\":\"https:\/\/www.lazioinnova.it\/laziointernational\/#\/schema\/person\/e10234da4fb4b74202a288833515d758\"},\"description\":\"Selezione di 12 MPMI innovative del Lazio per \u201cFORUM PA 2025\u201d, (19-21 maggio 2025 - Palazzo dei Congressi di Roma). Iscrizioni entro le 12.00 del 25 marzo\",\"breadcrumb\":{\"@id\":\"https:\/\/www.lazioinnova.it\/laziointernational\/2025\/03\/14\/manifestazione-di-interesse-per-forum-pa-2025\/#breadcrumb\"},\"inLanguage\":\"it-IT\",\"potentialAction\":[{\"@type\":\"ReadAction\",\"target\":[\"https:\/\/www.lazioinnova.it\/laziointernational\/2025\/03\/14\/manifestazione-di-interesse-per-forum-pa-2025\/\"]}]},{\"@type\":\"ImageObject\",\"inLanguage\":\"it-IT\",\"@id\":\"https:\/\/www.lazioinnova.it\/laziointernational\/2025\/03\/14\/manifestazione-di-interesse-per-forum-pa-2025\/#primaryimage\",\"url\":\"https:\/\/www.lazioinnova.it\/laziointernational\/app\/uploads\/2025\/03\/Forum-PA-25.jpg\",\"contentUrl\":\"https:\/\/www.lazioinnova.it\/laziointernational\/app\/uploads\/2025\/03\/Forum-PA-25.jpg\",\"width\":777,\"height\":437,\"caption\":\"Logo Forum PA 2025\"},{\"@type\":\"BreadcrumbList\",\"@id\":\"https:\/\/www.lazioinnova.it\/laziointernational\/2025\/03\/14\/manifestazione-di-interesse-per-forum-pa-2025\/#breadcrumb\",\"itemListElement\":[{\"@type\":\"ListItem\",\"position\":1,\"name\":\"Home\",\"item\":\"https:\/\/www.lazioinnova.it\/laziointernational\/\"},{\"@type\":\"ListItem\",\"position\":2,\"name\":\"Manifestazione di interesse per Forum PA 2025\"}]},{\"@type\":\"WebSite\",\"@id\":\"https:\/\/www.lazioinnova.it\/laziointernational\/#website\",\"url\":\"https:\/\/www.lazioinnova.it\/laziointernational\/\",\"name\":\"Lazio International - Lazio Innova\",\"description\":\"Lazio Innova\",\"potentialAction\":[{\"@type\":\"SearchAction\",\"target\":{\"@type\":\"EntryPoint\",\"urlTemplate\":\"https:\/\/www.lazioinnova.it\/laziointernational\/?s={search_term_string}\"},\"query-input\":{\"@type\":\"PropertyValueSpecification\",\"valueRequired\":true,\"valueName\":\"search_term_string\"}}],\"inLanguage\":\"it-IT\"},{\"@type\":\"Person\",\"@id\":\"https:\/\/www.lazioinnova.it\/laziointernational\/#\/schema\/person\/e10234da4fb4b74202a288833515d758\",\"name\":\"Patrizia De Vincenzi\",\"image\":{\"@type\":\"ImageObject\",\"inLanguage\":\"it-IT\",\"@id\":\"https:\/\/www.lazioinnova.it\/laziointernational\/#\/schema\/person\/image\/\",\"url\":\"https:\/\/secure.gravatar.com\/avatar\/777ff3d0c0f2532b3bffb45cd4591008?s=96&d=mm&r=g\",\"contentUrl\":\"https:\/\/secure.gravatar.com\/avatar\/777ff3d0c0f2532b3bffb45cd4591008?s=96&d=mm&r=g\",\"caption\":\"Patrizia De Vincenzi\"},\"url\":\"https:\/\/www.lazioinnova.it\/laziointernational\/author\/p-devincenzi\/\"}]}<\/script>\n<!-- \/ Yoast SEO plugin. -->","yoast_head_json":{"title":"Manifestazione di interesse per Forum PA 2025 - Lazio International - Lazio Innova","description":"Selezione di 12 MPMI innovative del Lazio per \u201cFORUM PA 2025\u201d, (19-21 maggio 2025 - Palazzo dei Congressi di Roma). Iscrizioni entro le 12.00 del 25 marzo","robots":{"index":"index","follow":"follow","max-snippet":"max-snippet:-1","max-image-preview":"max-image-preview:large","max-video-preview":"max-video-preview:-1"},"canonical":"https:\/\/www.lazioinnova.it\/laziointernational\/2025\/03\/14\/manifestazione-di-interesse-per-forum-pa-2025\/","og_locale":"it_IT","og_type":"article","og_title":"Manifestazione di interesse per Forum PA 2025 - Lazio International - Lazio Innova","og_description":"Selezione di 12 MPMI innovative del Lazio per \u201cFORUM PA 2025\u201d, (19-21 maggio 2025 - Palazzo dei Congressi di Roma). Iscrizioni entro le 12.00 del 25 marzo","og_url":"https:\/\/www.lazioinnova.it\/laziointernational\/2025\/03\/14\/manifestazione-di-interesse-per-forum-pa-2025\/","og_site_name":"Lazio International - Lazio Innova","article_published_time":"2025-03-14T10:34:58+00:00","article_modified_time":"2025-04-10T10:16:48+00:00","og_image":[{"width":777,"height":437,"url":"https:\/\/www.lazioinnova.it\/laziointernational\/app\/uploads\/2025\/03\/Forum-PA-25.jpg","type":"image\/jpeg"}],"author":"Patrizia De Vincenzi","twitter_card":"summary_large_image","twitter_misc":{"Scritto da":"Patrizia De Vincenzi","Tempo di lettura stimato":"11 minuti"},"schema":{"@context":"https:\/\/schema.org","@graph":[{"@type":"WebPage","@id":"https:\/\/www.lazioinnova.it\/laziointernational\/2025\/03\/14\/manifestazione-di-interesse-per-forum-pa-2025\/","url":"https:\/\/www.lazioinnova.it\/laziointernational\/2025\/03\/14\/manifestazione-di-interesse-per-forum-pa-2025\/","name":"Manifestazione di interesse per Forum PA 2025 - Lazio International - Lazio Innova","isPartOf":{"@id":"https:\/\/www.lazioinnova.it\/laziointernational\/#website"},"primaryImageOfPage":{"@id":"https:\/\/www.lazioinnova.it\/laziointernational\/2025\/03\/14\/manifestazione-di-interesse-per-forum-pa-2025\/#primaryimage"},"image":{"@id":"https:\/\/www.lazioinnova.it\/laziointernational\/2025\/03\/14\/manifestazione-di-interesse-per-forum-pa-2025\/#primaryimage"},"thumbnailUrl":"https:\/\/www.lazioinnova.it\/laziointernational\/app\/uploads\/2025\/03\/Forum-PA-25.jpg","datePublished":"2025-03-14T10:34:58+00:00","dateModified":"2025-04-10T10:16:48+00:00","author":{"@id":"https:\/\/www.lazioinnova.it\/laziointernational\/#\/schema\/person\/e10234da4fb4b74202a288833515d758"},"description":"Selezione di 12 MPMI innovative del Lazio per \u201cFORUM PA 2025\u201d, (19-21 maggio 2025 - Palazzo dei Congressi di Roma). Iscrizioni entro le 12.00 del 25 marzo","breadcrumb":{"@id":"https:\/\/www.lazioinnova.it\/laziointernational\/2025\/03\/14\/manifestazione-di-interesse-per-forum-pa-2025\/#breadcrumb"},"inLanguage":"it-IT","potentialAction":[{"@type":"ReadAction","target":["https:\/\/www.lazioinnova.it\/laziointernational\/2025\/03\/14\/manifestazione-di-interesse-per-forum-pa-2025\/"]}]},{"@type":"ImageObject","inLanguage":"it-IT","@id":"https:\/\/www.lazioinnova.it\/laziointernational\/2025\/03\/14\/manifestazione-di-interesse-per-forum-pa-2025\/#primaryimage","url":"https:\/\/www.lazioinnova.it\/laziointernational\/app\/uploads\/2025\/03\/Forum-PA-25.jpg","contentUrl":"https:\/\/www.lazioinnova.it\/laziointernational\/app\/uploads\/2025\/03\/Forum-PA-25.jpg","width":777,"height":437,"caption":"Logo Forum PA 2025"},{"@type":"BreadcrumbList","@id":"https:\/\/www.lazioinnova.it\/laziointernational\/2025\/03\/14\/manifestazione-di-interesse-per-forum-pa-2025\/#breadcrumb","itemListElement":[{"@type":"ListItem","position":1,"name":"Home","item":"https:\/\/www.lazioinnova.it\/laziointernational\/"},{"@type":"ListItem","position":2,"name":"Manifestazione di interesse per Forum PA 2025"}]},{"@type":"WebSite","@id":"https:\/\/www.lazioinnova.it\/laziointernational\/#website","url":"https:\/\/www.lazioinnova.it\/laziointernational\/","name":"Lazio International - Lazio Innova","description":"Lazio Innova","potentialAction":[{"@type":"SearchAction","target":{"@type":"EntryPoint","urlTemplate":"https:\/\/www.lazioinnova.it\/laziointernational\/?s={search_term_string}"},"query-input":{"@type":"PropertyValueSpecification","valueRequired":true,"valueName":"search_term_string"}}],"inLanguage":"it-IT"},{"@type":"Person","@id":"https:\/\/www.lazioinnova.it\/laziointernational\/#\/schema\/person\/e10234da4fb4b74202a288833515d758","name":"Patrizia De Vincenzi","image":{"@type":"ImageObject","inLanguage":"it-IT","@id":"https:\/\/www.lazioinnova.it\/laziointernational\/#\/schema\/person\/image\/","url":"https:\/\/secure.gravatar.com\/avatar\/777ff3d0c0f2532b3bffb45cd4591008?s=96&d=mm&r=g","contentUrl":"https:\/\/secure.gravatar.com\/avatar\/777ff3d0c0f2532b3bffb45cd4591008?s=96&d=mm&r=g","caption":"Patrizia De Vincenzi"},"url":"https:\/\/www.lazioinnova.it\/laziointernational\/author\/p-devincenzi\/"}]}},"featured_image_src":"https:\/\/www.lazioinnova.it\/laziointernational\/app\/uploads\/2025\/03\/Forum-PA-25-600x400.jpg","featured_image_src_square":"https:\/\/www.lazioinnova.it\/laziointernational\/app\/uploads\/2025\/03\/Forum-PA-25-600x437.jpg","author_info":{"display_name":"Patrizia De Vincenzi","author_link":"https:\/\/www.lazioinnova.it\/laziointernational\/author\/p-devincenzi\/"},"homepage_image":"","_links":{"self":[{"href":"https:\/\/www.lazioinnova.it\/laziointernational\/wp-json\/wp\/v2\/posts\/18361","targetHints":{"allow":["GET"]}}],"collection":[{"href":"https:\/\/www.lazioinnova.it\/laziointernational\/wp-json\/wp\/v2\/posts"}],"about":[{"href":"https:\/\/www.lazioinnova.it\/laziointernational\/wp-json\/wp\/v2\/types\/post"}],"author":[{"embeddable":true,"href":"https:\/\/www.lazioinnova.it\/laziointernational\/wp-json\/wp\/v2\/users\/11"}],"replies":[{"embeddable":true,"href":"https:\/\/www.lazioinnova.it\/laziointernational\/wp-json\/wp\/v2\/comments?post=18361"}],"version-history":[{"count":9,"href":"https:\/\/www.lazioinnova.it\/laziointernational\/wp-json\/wp\/v2\/posts\/18361\/revisions"}],"predecessor-version":[{"id":18788,"href":"https:\/\/www.lazioinnova.it\/laziointernational\/wp-json\/wp\/v2\/posts\/18361\/revisions\/18788"}],"wp:featuredmedia":[{"embeddable":true,"href":"https:\/\/www.lazioinnova.it\/laziointernational\/wp-json\/wp\/v2\/media\/18376"}],"wp:attachment":[{"href":"https:\/\/www.lazioinnova.it\/laziointernational\/wp-json\/wp\/v2\/media?parent=18361"}],"wp:term":[{"taxonomy":"category","embeddable":true,"href":"https:\/\/www.lazioinnova.it\/laziointernational\/wp-json\/wp\/v2\/categories?post=18361"},{"taxonomy":"post_tag","embeddable":true,"href":"https:\/\/www.lazioinnova.it\/laziointernational\/wp-json\/wp\/v2\/tags?post=18361"}],"curies":[{"name":"wp","href":"https:\/\/api.w.org\/{rel}","templated":true}]}}