{"id":19919,"date":"2025-07-28T10:46:05","date_gmt":"2025-07-28T08:46:05","guid":{"rendered":"https:\/\/www.lazioinnova.it\/laziointernational\/?p=19919"},"modified":"2025-09-08T12:06:05","modified_gmt":"2025-09-08T10:06:05","slug":"manifestazione-di-interesse-artecipazione-a-ecomondo-2025","status":"publish","type":"post","link":"https:\/\/www.lazioinnova.it\/laziointernational\/2025\/07\/28\/manifestazione-di-interesse-artecipazione-a-ecomondo-2025\/","title":{"rendered":"Manifestazione di interesse per la partecipazione a Ecomondo 2025"},"content":{"rendered":"<div class=\"wp-block-image\">\n<figure class=\"aligncenter size-large\"><img loading=\"lazy\" decoding=\"async\" width=\"1024\" height=\"123\" src=\"https:\/\/www.lazioinnova.it\/laziointernational\/app\/uploads\/2025\/02\/loghi-fiere-in-convenzione_SOLO-CCIAA-1024x123.png\" alt=\"Loghi Coesione 21-27, Unione europea, Repubblica Italiana, Regione Lazio, Lazio Innova, CCIAA Roma\" class=\"wp-image-17786\" srcset=\"https:\/\/www.lazioinnova.it\/laziointernational\/app\/uploads\/2025\/02\/loghi-fiere-in-convenzione_SOLO-CCIAA-1024x123.png 1024w, https:\/\/www.lazioinnova.it\/laziointernational\/app\/uploads\/2025\/02\/loghi-fiere-in-convenzione_SOLO-CCIAA-300x36.png 300w, https:\/\/www.lazioinnova.it\/laziointernational\/app\/uploads\/2025\/02\/loghi-fiere-in-convenzione_SOLO-CCIAA-768x92.png 768w, https:\/\/www.lazioinnova.it\/laziointernational\/app\/uploads\/2025\/02\/loghi-fiere-in-convenzione_SOLO-CCIAA-1536x184.png 1536w, https:\/\/www.lazioinnova.it\/laziointernational\/app\/uploads\/2025\/02\/loghi-fiere-in-convenzione_SOLO-CCIAA-2048x246.png 2048w\" sizes=\"auto, (max-width: 1024px) 100vw, 1024px\" \/><\/figure><\/div>\n\n\n<p>La <strong>Regione Lazio<\/strong>, attraverso il soggetto attuatore <strong>Lazio Innova<\/strong>, e la <strong>Camera di Commercio di Roma<\/strong>, con il supporto dell\u2019Azienda Speciale Sviluppo e Territorio, nell\u2019ambito della Convenzione per la partecipazione congiunta a manifestazioni fieristiche, &nbsp;selezionano un massimo di n. <strong>10 Startup e PMI<\/strong> del Lazio, che operano nel settore del green, dell&#8217;economia circolare e rigenerativa interessate a prendere parte alla 28\u00b0 edizione di ECOMONDO &#8211; The Green Technology Expo, che si svolger\u00e0 presso il <strong>Quartiere Fieristico di Rimini<\/strong>, <strong>dal 4 al 7 novembre 2025<\/strong>.<\/p>\n\n\n\n<p>La partecipazione delle 10 imprese sar\u00e0 sostenuta con il contributo del <strong>PR FESR Lazio 2021-2027<\/strong>.<\/p>\n\n\n\n<p>Nelle more del completamento dell\u2019iter amministrativo di approvazione dell\u2019intervento, il presente Avviso per manifestazione di interesse si intende NON VINCOLANTE per la Regione Lazio e per gli altri Enti Promotori, che si riservano, in qualsiasi momento, di poter annullare, qualora le circostanze lo richiedessero, l\u2019organizzazione della collettiva regionale alla Fiera in oggetto e\/o di modificarne le caratteristiche e i servizi offerti.<\/p>\n\n\n\n<p><br><strong>PERCH\u00c9 PARTECIPARE<\/strong><\/p>\n\n\n\n<p>Ecomondo,&nbsp;evento internazionale&nbsp;annuale leader&nbsp;nei settori della&nbsp;<em>green and circular economy<\/em>, \u00e8 il&nbsp;punto di incontro&nbsp;tra industrie,&nbsp;<em>stakeholder<\/em>,&nbsp;<em>policy maker<\/em>,&nbsp;<em>opinion leader<\/em>, mondo della ricerca e delle istituzioni e mette a sistema gli elementi chiave che definiscono le strategie di sviluppo della&nbsp;politica ambientale&nbsp;dell\u2019Unione Europea.<\/p>\n\n\n\n<p>Hub di ricerca e innovazione, Ecomondo offre informazione, condivisione e co-progettazione sulle policy del Green Deal Europeo grazie alla creazione di partenariati pubblico-privati impiegati nella progettazione nazionale, europea e internazionale.<\/p>\n\n\n\n<p>Ecomondo 2025 non \u00e8 solo un evento, ma una&nbsp;piattaforma globale&nbsp;per creare&nbsp;nuove alleanze, esplorare&nbsp;opportunit\u00e0&nbsp;e&nbsp;dare forma al&nbsp;futuro. Dai&nbsp;workshop&nbsp;ai&nbsp;panel di discussione&nbsp;con i&nbsp;leader&nbsp;dell\u2019economia circolare, ogni partecipante avr\u00e0 come&nbsp;ogni volta da 28 anni l\u2019occasione di ispirarsi, imparare e contribuire&nbsp;alla trasformazione del nostro pianeta.<\/p>\n\n\n\n<p>La&nbsp;28<sup>a<\/sup>&nbsp;edizione&nbsp;si articola in macroaree tematiche: dalla&nbsp;valorizzazione dei rifiuti, alla&nbsp;rigenerazione dei suoli&nbsp;e degli ecosistemi agro-forestali e alimentari, dall\u2019energia ottenuta dalle&nbsp;biomasse&nbsp;all\u2019uso dei rifiuti come&nbsp;materie prime seconde. Include inoltre l\u2019intero ciclo idrico integrato&nbsp;e il&nbsp;monitoraggio ambientale, la&nbsp;tutela dei mari&nbsp;e degli ambienti acquei ma anche lo spazio, il&nbsp;monitoraggio satellitare, l&#8217;agricoltura&nbsp;di precisione e le&nbsp;<em>smart cities<\/em>.<\/p>\n\n\n\n<p>Ssi aggiungono, poi, i Padiglioni dedicati a&nbsp;mezzi e componenti per movimentazione,&nbsp;sollevamento,&nbsp;raccolta e trasporto dei rifiuti, e l\u2019evento biennale&nbsp;SAL.VE, expo dei soci ANFIA del comparto veicoli per l\u2019ecologia. Sei&nbsp;Distretti verticali&nbsp;completano l\u2019offerta, con focus su filiere del tessile e della carta, <em>tecnologie trenchless,<\/em> citt\u00e0 sostenibili e innovazione, startup, oltre all\u2019<em>&#8216;Innovation District<\/em>, un intero spazio dedicato al futuro dell&#8217;innovazione, con 30 start-up selezionate e il programma dedicato ai <em>green jobs<\/em>.<\/p>\n\n\n\n<p>Gli Enti promotori, Lazio Innova e Sviluppo e Territorio daranno opportuna diffusione sui rispettivi siti istituzionali e su tutti i canali di comunicazione utilizzati per promuovere le iniziative.<\/p>\n\n\n\n<p><br><strong>I SERVIZI OFFERTI<\/strong><\/p>\n\n\n\n<p>In questo contesto, la Regione Lazio e la Camera di Commercio di Roma partecipano alla manifestazione all\u2019interno di uno spazio espositivo di 60 mq che avr\u00e0 il duplice scopo di ospitare le imprese selezionate e promuovere i principali progetti e opportunit\u00e0 offerte al settore di riferimento.<\/p>\n\n\n\n<p>Le 10 imprese del Lazio selezionate avranno a disposizione, all\u2019interno della collettiva laziale<\/p>\n\n\n\n<ul class=\"wp-block-list\">\n<li>1 desk 75X50x98 con 1 sgabello,<\/li>\n\n\n\n<li>multi-presa elettrica, collegamento a internet via cavo,<\/li>\n\n\n\n<li>utilizzo del magazzino, del ledwall e degli spazi comuni;<\/li>\n\n\n\n<li>presidio da parte di 1 hostess bilingue per tutta della manifestazione;<\/li>\n\n\n\n<li>presenza sulla piattaforma digitale con profilo Base;<\/li>\n\n\n\n<li>4 badge espositore<\/li>\n\n\n\n<li>biglietti ingresso omaggio per clienti e partner delle imprese.<\/li>\n\n\n\n<li>Profilo digitale base<\/li>\n\n\n\n<li>la possibilit\u00e0 di partecipare alle iniziative B2B organizzate da ICE Agenzia, attraverso piattaforma dedicata, dove trovare l\u2019opportunit\u00e0 di incontrare potenziali partner per collaborazioni, sviluppo commerciale, scambio di esperienze e opportunit\u00e0 di partenariato.<\/li>\n<\/ul>\n\n\n\n<p>All\u2019interno dello stand saranno organizzate attivit\u00e0 volte alla valorizzazione dell\u2019ecosistema delle imprese del Lazio presenti attraverso -networking tra aziende &#8211; Incontri b2b con investitori esteri in collaborazione con ICE Agenzia.&nbsp;<\/p>\n\n\n\n<p><br><strong>SETTORI AMMESSI<\/strong><\/p>\n\n\n\n<ul class=\"wp-block-list\">\n<li>Bioeconomia circolare e rigenerativa,<\/li>\n\n\n\n<li>Monitoraggio delle acque,<\/li>\n\n\n\n<li>Bonifica e rischio idrogeologico<\/li>\n\n\n\n<li>Bioenergia e Agricoltura<\/li>\n\n\n\n<li>Monitoraggio ambientale e osservazione della terra<\/li>\n\n\n\n<li>Economia del mare<\/li>\n\n\n\n<li>Veicoli per la Pulizia e lo Smaltimento dei Rifiuti<\/li>\n<\/ul>\n\n\n\n<p><br><strong>REQUISITI DI AMMISSIBILIT\u00c0 PER LE IMPRESE INVITATE A PARTECIPARE<\/strong><\/p>\n\n\n\n<p>L\u2019opportunit\u00e0 di prendere parte ad Ecomondo \u00e8 riservata a Startup e PMI&nbsp;in possesso dei seguenti requisiti:<\/p>\n\n\n\n<ul class=\"wp-block-list\">\n<li>sede legale e\/o operativa nella Regione Lazio;<\/li>\n\n\n\n<li>coerenza dell\u2019attivit\u00e0 dell\u2019azienda con il settore o i settori economici cui la manifestazione \u00e8 rivolta;<\/li>\n\n\n\n<li>essere regolarmente iscritti nel Registro delle Imprese della C.C.I.A.A. competente per territorio e essere in regola, al momento della presentazione della manifestazione di interesse o comunque entro i termini di chiusura di presentazione della stessa, con il pagamento del diritto annuale e con la dichiarazione dell\u2019attivit\u00e0 esercitata;<\/li>\n\n\n\n<li>essere MPMI, come classificate nell&#8217;Allegato I del Regolamento (UE) n. 651\/2014, in forma singola o associata in Consorzi, Societ\u00e0 Consortili o Reti di imprese con personalit\u00e0 giuridica (Reti-soggetto), definite ai sensi dei commi 4-ter e 4-quater dell&#8217;art. 3 del Decreto-legge n. 5 del 10 febbraio 2009, convertito, con modificazioni, nella Legge n. 33 del 09 Aprile 2009 e ss.mm.ii., al momento della presentazione della manifestazione di interesse;<\/li>\n\n\n\n<li>esercitare, in relazione alla sede laziale, un\u2019attivit\u00e0 economica coerente con il settore;<\/li>\n\n\n\n<li>non essere beneficiarie di agevolazioni pubbliche relative alla partecipazione alla manifestazione fieristica in questione n\u00e9 aver presentato domande di agevolazione per partecipare alla medesima manifestazione;<\/li>\n\n\n\n<li>non aver superato, negli ultimi tre anni, l\u2019importo massimo di \u20ac 300.000,00 delle agevolazioni in regime \u201cde minimis\u201d ai sensi del Regolamento (UE) n. 2831 del 13 dicembre 2023 relativo all\u2019applicazione degli articoli 107 e 108 del trattato sul funzionamento dell\u2019Unione Europea agli aiuti \u201cde minimis\u201d;<\/li>\n\n\n\n<li>essere nel pieno e libero esercizio dei propri diritti, attive e non sottoposte n\u00e9 essere state sottoposte, nei cinque anni precedenti, a procedure di liquidazione volontaria, liquidazione coatta, fallimento, concordato preventivo (ad eccezione del concordato preventivo con continuit\u00e0 aziendale) ed ogni altra procedura concorsuale n\u00e9 avere in corso un procedimento per la dichiarazione di una delle suddette situazioni;<\/li>\n\n\n\n<li>possedere capacit\u00e0 di contrarre ovvero non essere state oggetto di sanzione interdittiva o altra sanzione che comporti il divieto di contrarre con la Pubblica amministrazione;<\/li>\n\n\n\n<li>non avere Amministratori e\/o Legali rappresentanti condannati con sentenza passata in giudicato ovvero nei cui confronti sia stato emesso decreto penale di condanna divenuto irrevocabile o sentenza di applicazione della pena su richiesta, ai sensi dell\u2019art. 444 c.p.p., per reati gravi in danno dello Stato o della Comunit\u00e0 che incidono sulla moralit\u00e0 professionale (\u00e8 comunque causa di esclusione la condanna, con sentenza passata in giudicato, per reati di partecipazione a un&#8217;organizzazione criminale, corruzione, frode, riciclaggio);<\/li>\n\n\n\n<li>non avere Amministratori e\/o Legali rappresentanti che si siano resi colpevoli di false dichiarazioni nei rapporti con la Pubblica amministrazione;<\/li>\n\n\n\n<li>essere in regola con il versamento dei contributi previdenziali e assistenziali, accertabile mediante acquisizione del DURC, <br>ovvero <\/li>\n\n\n\n<li>non essere soggetti agli obblighi in materia di regolarit\u00e0 contributiva e, quindi, non essere tenuti all\u2019iscrizione presso alcun Ente previdenziale o assistenziale.<\/li>\n<\/ul>\n\n\n\n<p>Il possesso dei requisiti \u00e8 attestato mediante dichiarazioni rese al momento della partecipazione attraverso il modulo di manifestazione di interesse.<\/p>\n\n\n\n<p>Tali dichiarazioni potranno essere verificate, cos\u00ec come stabilito dall\u2019art. 71 comma 1 del D.P.R. 445 del 28.12.2000, come modificato dall\u2019art. 264 del D.L. 19 maggio 2020 n. 34, con applicazione, nel caso di dichiarazioni mendaci, della decadenza dai benefici e delle sanzioni penali, rispettivamente previste dagli artt. 75 e 76 del medesimo D.P.R., come da ultimo rese pi\u00f9 severe per effetto del citato articolo 264.<\/p>\n\n\n\n<p><br><strong>MODALIT\u00c0 DI PRESENTAZIONE DELLA DOMANDA DI PARTECIPAZIONE<\/strong><\/p>\n\n\n\n<p>Le aziende interessate a partecipare alla collettiva regionale dovranno effettuare i seguenti adempimenti, entro e non oltre <strong>le ore 12.00 di venerd\u00ec 8 settembre 2025<\/strong>.<\/p>\n\n\n\n<p><strong>ISCRIZIONI CHIUSE<\/strong><\/p>\n\n\n\n<p><br><strong>CRITERI DI AMMISSIBILIT\u00c0 GENERALI<\/strong><\/p>\n\n\n\n<ul class=\"wp-block-list\">\n<li>correttezza dell&#8217;iter amministrativo di presentazione della manifestazione di interesse (rispetto delle modalit\u00e0 e dei tempi);<\/li>\n\n\n\n<li>completezza della domanda di partecipazione ed invio della PEC entro la data e l\u2019orario stabilito nelle modalit\u00e0 di presentazione della domanda.<\/li>\n<\/ul>\n\n\n\n<p><br><strong>SELEZIONE<\/strong><\/p>\n\n\n\n<p>La selezione avverr\u00e0 a cura di un <strong>Nucleo di Valutazione <\/strong>composto da:<strong><\/strong><\/p>\n\n\n\n<ol class=\"wp-block-list\">\n<li>un rappresentante di Regione Lazio;<\/li>\n\n\n\n<li>un rappresentante di Lazio Innova;<\/li>\n\n\n\n<li>un rappresentante di Camera di Commercio di Roma.<\/li>\n<\/ol>\n\n\n\n<p><br><strong>CRITERI DI SELEZIONE E COMUNICAZIONE DI AMMISSIONE<\/strong><\/p>\n\n\n\n<p>Le Startup e PMI risultate ammissibili saranno valutate sulla base di una griglia di criteri di selezione:<\/p>\n\n\n\n<ul class=\"wp-block-list\">\n<li><strong>1. Innovazione e Tecnologia \u2013<\/strong>&nbsp;Capacit\u00e0 di sviluppare soluzioni tecnologiche avanzate e innovative nei settori di riferimento (Esistenza di brevetti, certificazioni di qualit\u00e0, partecipazione a progetti di ricerca e sviluppo, utilizzo di tecnologie emergenti)&nbsp;<strong>\u2013 n. 40 punti<\/strong><\/li>\n\n\n\n<li><strong>2. Sostenibilit\u00e0 Ambientale \u2013<\/strong>&nbsp;Impegno dell\u2019azienda verso pratiche\/prodotti\/servizi sostenibili finalizzati a ridurre l\u2019inquinamento atmosferico e delle acque, a rispettare e non danneggiare la biodiversit\u00e0 marina e delle coste, a utilizzare energia da fonti rinnovabili e materiali ecocompatibili. Presenza di certificazioni ambientali&nbsp;<strong>\u2013 n. 30 punti<\/strong><\/li>\n\n\n\n<li><strong>3. Potenziale di Internazionalizzazione<\/strong>&nbsp;\u2013 Capacit\u00e0 di espandersi e competere sui mercati internazionali. (Presenza di una strategia di internazionalizzazione, esperienza pregressa in mercati esteri, partecipazione a fiere internazionali, collaborazioni con partner esteri) \u2013&nbsp;<strong>n. 30 punti<\/strong><\/li>\n<\/ul>\n\n\n\n<p>L\u2019impresa ricever\u00e0 un punteggio relativamente a ciascuno dei criteri sopra riportati; il punteggio complessivo dell\u2019impresa sar\u00e0 calcolato sommando i punteggi ottenuti su ciascun criterio. Saranno selezionate le 10 imprese che riceveranno il punteggio complessivo pi\u00f9 alto.<\/p>\n\n\n\n<p>A seguito dello svolgimento del processo di selezione, tutti i soggetti che hanno sottoposto la candidatura:<\/p>\n\n\n\n<ul class=\"wp-block-list\">\n<li>tutti i soggetti che hanno sottoposto la candidatura riceveranno una comunicazione via PEC -all\u2019indirizzo PEC indicato in sede di presentazione della manifestazione di interesse circa l\u2019ammissione o meno all\u2019iniziativa in oggetto;&nbsp;<\/li>\n\n\n\n<li><span style=\"color: initial;\">i soggetti ammessi dovranno, entro il termine indicato nella suddetta comunicazione, provvedere a comunicare via PEC la loro adesione definitiva ovvero la loro rinuncia. Il mancato rispetto dei termini per l\u2019accettazione della proposta di partecipazione comporter\u00e0 l\u2019esclusione dell\u2019azienda. A seguito dell\u2019accettazione, l\u2019azienda sar\u00e0 tenuta a partecipare all\u2019iniziativa;&nbsp;<\/span><\/li>\n\n\n\n<li>in caso di rinuncia di uno o pi\u00f9 dei soggetti ammessi, si proceder\u00e0 a selezionare gli ulteriori soggetti risultati idonei, nel rispetto della graduatoria redatta dal Nucleo di Valutazione.\u202f&nbsp;<\/li>\n<\/ul>\n\n\n\n<p>Il mancato rispetto dei termini comporter\u00e0 l\u2019esclusione dell\u2019azienda. La mancata partecipazione senza giustificato motivo potrebbe essere causa di esclusione dell\u2019impresa ad iniziative future organizzate da Regione Lazio.<\/p>\n\n\n\n<p>Si segnala, inoltre, che la suddetta manifestazione di interesse non vincola gli Enti promotori che si riservano, in qualsiasi momento, di poter annullare, qualora le circostanze lo richiedessero, l\u2019organizzazione della collettiva regionale alla Fiera in oggetto.<\/p>\n\n\n\n<p><br><strong>CRITERI DI AMMISSIBILIT\u00c0 GENERALI<\/strong><\/p>\n\n\n\n<ul class=\"wp-block-list\">\n<li>Correttezza dell&#8217;iter amministrativo di presentazione della domanda di partecipazione (rispetto delle modalit\u00e0 e dei tempi);<\/li>\n\n\n\n<li>Completezza della domanda di partecipazione.<\/li>\n<\/ul>\n\n\n\n<p><br><strong>CONDIZIONI DI ESCLUSIONE<\/strong><\/p>\n\n\n\n<p>Sono escluse dalla partecipazione le imprese gi\u00e0 presenti alla manifestazione con un proprio stand e le imprese morose nei confronti degli organizzatori per somme relative a precedenti manifestazioni, ovvero morose nei confronti di altri organismi in collaborazione con i quali gli organizzatori promuovono le iniziative.<\/p>\n\n\n\n<p>La mancata partecipazione o mancato presidio dello stand potr\u00e0 essere causa di esclusione, ad insindacabile giudizio del Nucleo di Valutazione, alle future iniziative organizzate da Regione Lazio e Camera di Commercio di Roma nell\u2019ambito della Convenzione.<\/p>\n\n\n\n<p><br><strong>REGIME DI AIUTO<\/strong><\/p>\n\n\n\n<p>Considerata la volont\u00e0 degli Enti Promotori di venire incontro alle esigenze delle imprese selezionate, la partecipazione alla manifestazione \u00e8 gratuita, fermo restando che rimangono a carico delle stesse le spese relative ad ogni ulteriore servizio extra di personalizzazione richiesto dalle imprese medesime.<\/p>\n\n\n\n<p>I costi di partecipazione sono sostenuti dagli Enti promotori e tale sostegno alle imprese si configura quale aiuto indiretto, per la partecipazione alle iniziative e manifestazioni promosse dalla Regione Lazio e Camera di Commercio di Roma, e sar\u00e0 concesso nel rispetto delle disposizioni di cui al Regolamento (UE) n. 2831 del 13 dicembre 2023 relativo all\u2019applicazione degli articoli 107 e 108 del trattato sul funzionamento dell\u2019Unione Europea agli aiuti \u201cde minimis\u201d.<\/p>\n\n\n\n<p>A seguito dell\u2019obbligo di consultazione preventiva e di implementazione del Registro Nazionale degli Aiuti di Stato, di cui al Regolamento MISE n. 115 del 31 maggio 2017, gli importi relativi alle agevolazioni concesse verranno conseguentemente inseriti nel suddetto Registro, fino ad un importo di massimo &nbsp;\u20ac 3.130,80 iva inclusa, da calcolare per ogni impresa ammessa. Come previsto dall\u2019art. 3 par. 7 dello stesso Regolamento, qualora la concessione di nuovi aiuti \u201cde minimis\u201d comporti il superamento dei massimali previsti, nessuna delle nuove misure di aiuto pu\u00f2 beneficiare del Regolamento. L\u2019importo massimo delle agevolazioni in regime \u201cde minimis\u201d che possono essere concesse ad un\u2019unica impresa nell\u2019arco di tre anni e senza che ci\u00f2 possa incidere sugli scambi tra gli Stati membri e da non falsare o minacciare di falsare la concorrenza, \u00e8 pari a \u20ac 300.000,00.<\/p>\n\n\n\n<p>In caso di superamento delle soglie predette, l\u2019agevolazione suindicata non potr\u00e0 essere concessa, neppure per la parte che non superi detti massimali<\/p>\n\n\n\n<p>Si fa presente che ciascuna impresa pu\u00f2 monitorare l\u2019importo delle agevolazioni in regime \u201cde minimis\u201d di cui ha beneficiato a far data dal 12 agosto 2017, sul sito del Registro Nazionale degli Aiuti di Stato nella sezione Trasparenza al seguente link:https:\/\/www.rna.gov.it\/RegistroNazionaleTrasparenza\/faces\/pages\/TrasparenzaAiuto.jspx.<\/p>\n\n\n\n<p><br><strong>PRIVACY<\/strong><\/p>\n\n\n\n<p>I dati forniti saranno trattati dagli organizzatori in osservanza di quanto disposto dal Regolamento UE 679\/2016 sulla protezione dei dati personali.&nbsp;<\/p>\n\n\n\n<p><strong>Per informazioni rivolgersi a:&nbsp;<\/strong><\/p>\n\n\n\n<ul class=\"wp-block-list\">\n<li>Regione Lazio \u2013 Lazio Innova S.p.A. \u2013 Area Internazionalizzazione &amp; Cluster<br>e-mail: internazionalizzazione@lazioinnova.it      <br>Tel. 06.60.51.60<br><br><\/li>\n\n\n\n<li>Camera di Commercio di Roma:&nbsp;Area III Promozione e Sviluppo \u2013 Servizio Filiere produttive e Fiere:<br>e-mail:<a href=\"mailto:attivita.promozionali@rm.camcom.it\">&nbsp;attivita.promozionali@rm.camcom.it<\/a><br>Tel. 06.52082571 \u2013 2065<br><\/li>\n\n\n\n<li>Sviluppo e Territorio Azienda Speciale della Camera di Commercio di Roma per lo sviluppo e la crescita di Roma e del Lazio:<br>e-mail&nbsp;<a href=\"mailto:Sviluppo@sviluppoeterritorio.camcom.it\">Sviluppo@sviluppoeterritorio.camcom.it<\/a><br>Tel. 066787758 \u2013 06 69797165<\/li>\n<\/ul>\n\n\n\n<p>Tutta la modulistica \u00e8 consultabile e scaricabile sui seguenti siti Istituzionali:<\/p>\n\n\n\n<p><a href=\"https:\/\/www.lazioinnova.it\/laziointernational\"><strong>www.lazioinnova.it\/laziointernational<\/strong><\/a>&nbsp;<br><a href=\"https:\/\/www.rm.camcom.it\/\" target=\"_blank\" rel=\"noreferrer noopener\"><strong>www.rm.camcom.it<\/strong><\/a><strong><br><\/strong><a href=\"https:\/\/sviluppoeterritorio.camcom.it\/\" target=\"_blank\" rel=\"noreferrer noopener\"><strong>sviluppoeterritorio.camcom.it<\/strong><\/a><br><br><br><\/p>\n\n\n\n<p><\/p>\n","protected":false},"excerpt":{"rendered":"<p>Partecipazione collettiva a Ecomondo 2025 &#8211; Quartiere Fieristico di Rimini &#8211; 4-7 novembre &#8211; Candidature entro l&#8217;8 settembre ore 12.00<\/p>\n","protected":false},"author":12,"featured_media":19641,"comment_status":"closed","ping_status":"closed","sticky":false,"template":"","format":"standard","meta":{"_acf_changed":false,"ghostkit_customizer_options":"","ghostkit_custom_css":"","ghostkit_custom_js_head":"","ghostkit_custom_js_foot":"","ghostkit_typography":"","footnotes":""},"categories":[45,2,269],"tags":[434,360,59,425,42,77,19,72,89],"class_list":["post-19919","post","type-post","status-publish","format-standard","has-post-thumbnail","hentry","category-bandi-e-finanziamenti","category-fiere-e-iniziative-internazionali","category-network","tag-cciaa-roma","tag-economia-circolare","tag-energia-rinnovabile","tag-green","tag-ict","tag-lazio-innova","tag-multisettore","tag-regione-lazio","tag-sostenibilita"],"acf":{"homepage_image":""},"yoast_head":"<!-- This site is optimized with the Yoast SEO plugin v24.2 - https:\/\/yoast.com\/wordpress\/plugins\/seo\/ -->\n<title>Manifestazione di interesse per la partecipazione a Ecomondo 2025 - Lazio International - Lazio Innova<\/title>\n<meta name=\"description\" content=\"Partecipazione collettiva a Ecomondo 2025 - Quartiere Fieristico di Rimini - 4-7 novembre - Candidature entro l&#039;8 settembre ore 12.00\" \/>\n<meta name=\"robots\" content=\"index, follow, max-snippet:-1, max-image-preview:large, max-video-preview:-1\" \/>\n<link rel=\"canonical\" href=\"https:\/\/www.lazioinnova.it\/laziointernational\/2025\/07\/28\/manifestazione-di-interesse-artecipazione-a-ecomondo-2025\/\" \/>\n<meta property=\"og:locale\" content=\"it_IT\" \/>\n<meta property=\"og:type\" content=\"article\" \/>\n<meta property=\"og:title\" content=\"Manifestazione di interesse per la partecipazione a Ecomondo 2025 - Lazio International - Lazio Innova\" \/>\n<meta property=\"og:description\" content=\"Partecipazione collettiva a Ecomondo 2025 - Quartiere Fieristico di Rimini - 4-7 novembre - Candidature entro l&#039;8 settembre ore 12.00\" \/>\n<meta property=\"og:url\" content=\"https:\/\/www.lazioinnova.it\/laziointernational\/2025\/07\/28\/manifestazione-di-interesse-artecipazione-a-ecomondo-2025\/\" \/>\n<meta property=\"og:site_name\" content=\"Lazio International - Lazio Innova\" \/>\n<meta property=\"article:published_time\" content=\"2025-07-28T08:46:05+00:00\" \/>\n<meta property=\"article:modified_time\" content=\"2025-09-08T10:06:05+00:00\" \/>\n<meta property=\"og:image\" content=\"https:\/\/www.lazioinnova.it\/laziointernational\/app\/uploads\/2025\/07\/ECOMONDO_25.png\" \/>\n\t<meta property=\"og:image:width\" content=\"777\" \/>\n\t<meta property=\"og:image:height\" content=\"436\" \/>\n\t<meta property=\"og:image:type\" content=\"image\/png\" \/>\n<meta name=\"author\" content=\"Donatella Piccione\" \/>\n<meta name=\"twitter:card\" content=\"summary_large_image\" \/>\n<meta name=\"twitter:label1\" content=\"Scritto da\" \/>\n\t<meta name=\"twitter:data1\" content=\"Donatella Piccione\" \/>\n\t<meta name=\"twitter:label2\" content=\"Tempo di lettura stimato\" \/>\n\t<meta name=\"twitter:data2\" content=\"13 minuti\" \/>\n<script type=\"application\/ld+json\" class=\"yoast-schema-graph\">{\"@context\":\"https:\/\/schema.org\",\"@graph\":[{\"@type\":\"WebPage\",\"@id\":\"https:\/\/www.lazioinnova.it\/laziointernational\/2025\/07\/28\/manifestazione-di-interesse-artecipazione-a-ecomondo-2025\/\",\"url\":\"https:\/\/www.lazioinnova.it\/laziointernational\/2025\/07\/28\/manifestazione-di-interesse-artecipazione-a-ecomondo-2025\/\",\"name\":\"Manifestazione di interesse per la partecipazione a Ecomondo 2025 - Lazio International - Lazio Innova\",\"isPartOf\":{\"@id\":\"https:\/\/www.lazioinnova.it\/laziointernational\/#website\"},\"primaryImageOfPage\":{\"@id\":\"https:\/\/www.lazioinnova.it\/laziointernational\/2025\/07\/28\/manifestazione-di-interesse-artecipazione-a-ecomondo-2025\/#primaryimage\"},\"image\":{\"@id\":\"https:\/\/www.lazioinnova.it\/laziointernational\/2025\/07\/28\/manifestazione-di-interesse-artecipazione-a-ecomondo-2025\/#primaryimage\"},\"thumbnailUrl\":\"https:\/\/www.lazioinnova.it\/laziointernational\/app\/uploads\/2025\/07\/ECOMONDO_25.png\",\"datePublished\":\"2025-07-28T08:46:05+00:00\",\"dateModified\":\"2025-09-08T10:06:05+00:00\",\"author\":{\"@id\":\"https:\/\/www.lazioinnova.it\/laziointernational\/#\/schema\/person\/564e7ecfadf603a28e3631d0406f3f4d\"},\"description\":\"Partecipazione collettiva a Ecomondo 2025 - Quartiere Fieristico di Rimini - 4-7 novembre - Candidature entro l'8 settembre ore 12.00\",\"breadcrumb\":{\"@id\":\"https:\/\/www.lazioinnova.it\/laziointernational\/2025\/07\/28\/manifestazione-di-interesse-artecipazione-a-ecomondo-2025\/#breadcrumb\"},\"inLanguage\":\"it-IT\",\"potentialAction\":[{\"@type\":\"ReadAction\",\"target\":[\"https:\/\/www.lazioinnova.it\/laziointernational\/2025\/07\/28\/manifestazione-di-interesse-artecipazione-a-ecomondo-2025\/\"]}]},{\"@type\":\"ImageObject\",\"inLanguage\":\"it-IT\",\"@id\":\"https:\/\/www.lazioinnova.it\/laziointernational\/2025\/07\/28\/manifestazione-di-interesse-artecipazione-a-ecomondo-2025\/#primaryimage\",\"url\":\"https:\/\/www.lazioinnova.it\/laziointernational\/app\/uploads\/2025\/07\/ECOMONDO_25.png\",\"contentUrl\":\"https:\/\/www.lazioinnova.it\/laziointernational\/app\/uploads\/2025\/07\/ECOMONDO_25.png\",\"width\":777,\"height\":436,\"caption\":\"Ecomondo 4-7 novembre 2025 Rimini Expo Center. Info nella pagina\"},{\"@type\":\"BreadcrumbList\",\"@id\":\"https:\/\/www.lazioinnova.it\/laziointernational\/2025\/07\/28\/manifestazione-di-interesse-artecipazione-a-ecomondo-2025\/#breadcrumb\",\"itemListElement\":[{\"@type\":\"ListItem\",\"position\":1,\"name\":\"Home\",\"item\":\"https:\/\/www.lazioinnova.it\/laziointernational\/\"},{\"@type\":\"ListItem\",\"position\":2,\"name\":\"Manifestazione di interesse per la partecipazione a Ecomondo 2025\"}]},{\"@type\":\"WebSite\",\"@id\":\"https:\/\/www.lazioinnova.it\/laziointernational\/#website\",\"url\":\"https:\/\/www.lazioinnova.it\/laziointernational\/\",\"name\":\"Lazio International - Lazio Innova\",\"description\":\"Lazio Innova\",\"potentialAction\":[{\"@type\":\"SearchAction\",\"target\":{\"@type\":\"EntryPoint\",\"urlTemplate\":\"https:\/\/www.lazioinnova.it\/laziointernational\/?s={search_term_string}\"},\"query-input\":{\"@type\":\"PropertyValueSpecification\",\"valueRequired\":true,\"valueName\":\"search_term_string\"}}],\"inLanguage\":\"it-IT\"},{\"@type\":\"Person\",\"@id\":\"https:\/\/www.lazioinnova.it\/laziointernational\/#\/schema\/person\/564e7ecfadf603a28e3631d0406f3f4d\",\"name\":\"Donatella Piccione\",\"image\":{\"@type\":\"ImageObject\",\"inLanguage\":\"it-IT\",\"@id\":\"https:\/\/www.lazioinnova.it\/laziointernational\/#\/schema\/person\/image\/\",\"url\":\"https:\/\/secure.gravatar.com\/avatar\/c5a5b36163b6a4c418b4ac55cfca914c?s=96&d=mm&r=g\",\"contentUrl\":\"https:\/\/secure.gravatar.com\/avatar\/c5a5b36163b6a4c418b4ac55cfca914c?s=96&d=mm&r=g\",\"caption\":\"Donatella Piccione\"},\"url\":\"https:\/\/www.lazioinnova.it\/laziointernational\/author\/d-piccione\/\"}]}<\/script>\n<!-- \/ Yoast SEO plugin. -->","yoast_head_json":{"title":"Manifestazione di interesse per la partecipazione a Ecomondo 2025 - Lazio International - Lazio Innova","description":"Partecipazione collettiva a Ecomondo 2025 - Quartiere Fieristico di Rimini - 4-7 novembre - Candidature entro l'8 settembre ore 12.00","robots":{"index":"index","follow":"follow","max-snippet":"max-snippet:-1","max-image-preview":"max-image-preview:large","max-video-preview":"max-video-preview:-1"},"canonical":"https:\/\/www.lazioinnova.it\/laziointernational\/2025\/07\/28\/manifestazione-di-interesse-artecipazione-a-ecomondo-2025\/","og_locale":"it_IT","og_type":"article","og_title":"Manifestazione di interesse per la partecipazione a Ecomondo 2025 - Lazio International - Lazio Innova","og_description":"Partecipazione collettiva a Ecomondo 2025 - Quartiere Fieristico di Rimini - 4-7 novembre - Candidature entro l'8 settembre ore 12.00","og_url":"https:\/\/www.lazioinnova.it\/laziointernational\/2025\/07\/28\/manifestazione-di-interesse-artecipazione-a-ecomondo-2025\/","og_site_name":"Lazio International - Lazio Innova","article_published_time":"2025-07-28T08:46:05+00:00","article_modified_time":"2025-09-08T10:06:05+00:00","og_image":[{"width":777,"height":436,"url":"https:\/\/www.lazioinnova.it\/laziointernational\/app\/uploads\/2025\/07\/ECOMONDO_25.png","type":"image\/png"}],"author":"Donatella Piccione","twitter_card":"summary_large_image","twitter_misc":{"Scritto da":"Donatella Piccione","Tempo di lettura stimato":"13 minuti"},"schema":{"@context":"https:\/\/schema.org","@graph":[{"@type":"WebPage","@id":"https:\/\/www.lazioinnova.it\/laziointernational\/2025\/07\/28\/manifestazione-di-interesse-artecipazione-a-ecomondo-2025\/","url":"https:\/\/www.lazioinnova.it\/laziointernational\/2025\/07\/28\/manifestazione-di-interesse-artecipazione-a-ecomondo-2025\/","name":"Manifestazione di interesse per la partecipazione a Ecomondo 2025 - Lazio International - Lazio Innova","isPartOf":{"@id":"https:\/\/www.lazioinnova.it\/laziointernational\/#website"},"primaryImageOfPage":{"@id":"https:\/\/www.lazioinnova.it\/laziointernational\/2025\/07\/28\/manifestazione-di-interesse-artecipazione-a-ecomondo-2025\/#primaryimage"},"image":{"@id":"https:\/\/www.lazioinnova.it\/laziointernational\/2025\/07\/28\/manifestazione-di-interesse-artecipazione-a-ecomondo-2025\/#primaryimage"},"thumbnailUrl":"https:\/\/www.lazioinnova.it\/laziointernational\/app\/uploads\/2025\/07\/ECOMONDO_25.png","datePublished":"2025-07-28T08:46:05+00:00","dateModified":"2025-09-08T10:06:05+00:00","author":{"@id":"https:\/\/www.lazioinnova.it\/laziointernational\/#\/schema\/person\/564e7ecfadf603a28e3631d0406f3f4d"},"description":"Partecipazione collettiva a Ecomondo 2025 - Quartiere Fieristico di Rimini - 4-7 novembre - Candidature entro l'8 settembre ore 12.00","breadcrumb":{"@id":"https:\/\/www.lazioinnova.it\/laziointernational\/2025\/07\/28\/manifestazione-di-interesse-artecipazione-a-ecomondo-2025\/#breadcrumb"},"inLanguage":"it-IT","potentialAction":[{"@type":"ReadAction","target":["https:\/\/www.lazioinnova.it\/laziointernational\/2025\/07\/28\/manifestazione-di-interesse-artecipazione-a-ecomondo-2025\/"]}]},{"@type":"ImageObject","inLanguage":"it-IT","@id":"https:\/\/www.lazioinnova.it\/laziointernational\/2025\/07\/28\/manifestazione-di-interesse-artecipazione-a-ecomondo-2025\/#primaryimage","url":"https:\/\/www.lazioinnova.it\/laziointernational\/app\/uploads\/2025\/07\/ECOMONDO_25.png","contentUrl":"https:\/\/www.lazioinnova.it\/laziointernational\/app\/uploads\/2025\/07\/ECOMONDO_25.png","width":777,"height":436,"caption":"Ecomondo 4-7 novembre 2025 Rimini Expo Center. Info nella pagina"},{"@type":"BreadcrumbList","@id":"https:\/\/www.lazioinnova.it\/laziointernational\/2025\/07\/28\/manifestazione-di-interesse-artecipazione-a-ecomondo-2025\/#breadcrumb","itemListElement":[{"@type":"ListItem","position":1,"name":"Home","item":"https:\/\/www.lazioinnova.it\/laziointernational\/"},{"@type":"ListItem","position":2,"name":"Manifestazione di interesse per la partecipazione a Ecomondo 2025"}]},{"@type":"WebSite","@id":"https:\/\/www.lazioinnova.it\/laziointernational\/#website","url":"https:\/\/www.lazioinnova.it\/laziointernational\/","name":"Lazio International - Lazio Innova","description":"Lazio Innova","potentialAction":[{"@type":"SearchAction","target":{"@type":"EntryPoint","urlTemplate":"https:\/\/www.lazioinnova.it\/laziointernational\/?s={search_term_string}"},"query-input":{"@type":"PropertyValueSpecification","valueRequired":true,"valueName":"search_term_string"}}],"inLanguage":"it-IT"},{"@type":"Person","@id":"https:\/\/www.lazioinnova.it\/laziointernational\/#\/schema\/person\/564e7ecfadf603a28e3631d0406f3f4d","name":"Donatella Piccione","image":{"@type":"ImageObject","inLanguage":"it-IT","@id":"https:\/\/www.lazioinnova.it\/laziointernational\/#\/schema\/person\/image\/","url":"https:\/\/secure.gravatar.com\/avatar\/c5a5b36163b6a4c418b4ac55cfca914c?s=96&d=mm&r=g","contentUrl":"https:\/\/secure.gravatar.com\/avatar\/c5a5b36163b6a4c418b4ac55cfca914c?s=96&d=mm&r=g","caption":"Donatella Piccione"},"url":"https:\/\/www.lazioinnova.it\/laziointernational\/author\/d-piccione\/"}]}},"featured_image_src":"https:\/\/www.lazioinnova.it\/laziointernational\/app\/uploads\/2025\/07\/ECOMONDO_25-600x400.png","featured_image_src_square":"https:\/\/www.lazioinnova.it\/laziointernational\/app\/uploads\/2025\/07\/ECOMONDO_25-600x436.png","author_info":{"display_name":"Donatella Piccione","author_link":"https:\/\/www.lazioinnova.it\/laziointernational\/author\/d-piccione\/"},"homepage_image":"","_links":{"self":[{"href":"https:\/\/www.lazioinnova.it\/laziointernational\/wp-json\/wp\/v2\/posts\/19919","targetHints":{"allow":["GET"]}}],"collection":[{"href":"https:\/\/www.lazioinnova.it\/laziointernational\/wp-json\/wp\/v2\/posts"}],"about":[{"href":"https:\/\/www.lazioinnova.it\/laziointernational\/wp-json\/wp\/v2\/types\/post"}],"author":[{"embeddable":true,"href":"https:\/\/www.lazioinnova.it\/laziointernational\/wp-json\/wp\/v2\/users\/12"}],"replies":[{"embeddable":true,"href":"https:\/\/www.lazioinnova.it\/laziointernational\/wp-json\/wp\/v2\/comments?post=19919"}],"version-history":[{"count":11,"href":"https:\/\/www.lazioinnova.it\/laziointernational\/wp-json\/wp\/v2\/posts\/19919\/revisions"}],"predecessor-version":[{"id":20326,"href":"https:\/\/www.lazioinnova.it\/laziointernational\/wp-json\/wp\/v2\/posts\/19919\/revisions\/20326"}],"wp:featuredmedia":[{"embeddable":true,"href":"https:\/\/www.lazioinnova.it\/laziointernational\/wp-json\/wp\/v2\/media\/19641"}],"wp:attachment":[{"href":"https:\/\/www.lazioinnova.it\/laziointernational\/wp-json\/wp\/v2\/media?parent=19919"}],"wp:term":[{"taxonomy":"category","embeddable":true,"href":"https:\/\/www.lazioinnova.it\/laziointernational\/wp-json\/wp\/v2\/categories?post=19919"},{"taxonomy":"post_tag","embeddable":true,"href":"https:\/\/www.lazioinnova.it\/laziointernational\/wp-json\/wp\/v2\/tags?post=19919"}],"curies":[{"name":"wp","href":"https:\/\/api.w.org\/{rel}","templated":true}]}}