{"id":19922,"date":"2025-07-28T16:51:02","date_gmt":"2025-07-28T14:51:02","guid":{"rendered":"https:\/\/www.lazioinnova.it\/laziointernational\/?p=19922"},"modified":"2025-09-08T12:02:42","modified_gmt":"2025-09-08T10:02:42","slug":"manifestazione-di-interesse-smau-milano-2025","status":"publish","type":"post","link":"https:\/\/www.lazioinnova.it\/laziointernational\/2025\/07\/28\/manifestazione-di-interesse-smau-milano-2025\/","title":{"rendered":"Manifestazione di Interesse per la partecipazione a SMAU Milano 2025"},"content":{"rendered":"<div class=\"wp-block-image\">\n<figure class=\"aligncenter size-large\"><img loading=\"lazy\" decoding=\"async\" width=\"1024\" height=\"123\" src=\"https:\/\/www.lazioinnova.it\/laziointernational\/app\/uploads\/2025\/02\/loghi-fiere-in-convenzione_SOLO-CCIAA-1024x123.png\" alt=\"Loghi Coesione 21-27, Unione europea, Repubblica Italiana, Regione Lazio, Lazio Innova, CCIAA Roma\" class=\"wp-image-17786\" srcset=\"https:\/\/www.lazioinnova.it\/laziointernational\/app\/uploads\/2025\/02\/loghi-fiere-in-convenzione_SOLO-CCIAA-1024x123.png 1024w, https:\/\/www.lazioinnova.it\/laziointernational\/app\/uploads\/2025\/02\/loghi-fiere-in-convenzione_SOLO-CCIAA-300x36.png 300w, https:\/\/www.lazioinnova.it\/laziointernational\/app\/uploads\/2025\/02\/loghi-fiere-in-convenzione_SOLO-CCIAA-768x92.png 768w, https:\/\/www.lazioinnova.it\/laziointernational\/app\/uploads\/2025\/02\/loghi-fiere-in-convenzione_SOLO-CCIAA-1536x184.png 1536w, https:\/\/www.lazioinnova.it\/laziointernational\/app\/uploads\/2025\/02\/loghi-fiere-in-convenzione_SOLO-CCIAA-2048x246.png 2048w\" sizes=\"auto, (max-width: 1024px) 100vw, 1024px\" \/><\/figure><\/div>\n\n\n<p>La <strong>Regione Lazio<\/strong>, attraverso il soggetto attuatore <strong>Lazio Innova<\/strong>, e la <strong>Camera di Commercio di Roma<\/strong>, con il supporto dell\u2019<strong>Azienda Speciale Sviluppo e Territorio<\/strong>, nell\u2019ambito delle azioni finalizzate alla partecipazione a manifestazioni fieristiche di rilevanza nazionale e internazionale, <strong>selezionano n. 10 Startup e PMI <\/strong>innovative del Lazio interessate a prendere parte a SMAU Milano, che si svolger\u00e0 presso <strong>FieraMilanoCity il 5 e 6 novembre 2025<\/strong><\/p>\n\n\n\n<p>La partecipazione delle 10 aziende \u00e8 sostenuta con il contributo del <strong>PR FESR Lazio 2021-2027<\/strong>.<\/p>\n\n\n\n<p><br><strong>PERCH\u00c9 PARTECIPARE<\/strong><\/p>\n\n\n\n<p>SMAU \u00e8, oggi, un\u2019articolata piattaforma europea di incontro e matching dedicata all\u2019innovazione che si articola in:<\/p>\n\n\n\n<ul class=\"wp-block-list\">\n<li>un Roadshow annuale di appuntamenti territoriali,<\/li>\n\n\n\n<li>un evento internazionale a Milano,<\/li>\n\n\n\n<li>tappe all\u2019estero a Parigi, Londra e Stoccolma.<\/li>\n<\/ul>\n\n\n\n<p>Con oltre 50.000 imprese coinvolte ogni anno e provenienti da tutti i settori produttivi, SMAU \u00e8 la piattaforma di riferimento per dialogare direttamente con i protagonisti dell\u2019ecosistema dell\u2019innovazione italiano e internazionale.<\/p>\n\n\n\n<p>La partecipazione regionale all\u2019iniziativa ha l\u2019obiettivo di sviluppare relazioni commerciali, partnership industriali e finanziarie, avviare progetti di Open Innovation e attivit\u00e0 di co-innovazione, oltre a favorire processi di <em>cross-fertilization<\/em> interregionale e internazionale.<\/p>\n\n\n\n<p>Nelle more del completamento dell\u2019iter amministrativo di approvazione dell\u2019intervento, il presente Avviso per manifestazione di interesse si intende NON VINCOLANTE per la Regione Lazio e per gli altri Enti promotori, che si riservano, in qualsiasi momento, di poter annullare, qualora le circostanze lo richiedessero, l\u2019organizzazione della collettiva regionale alla Fiera in oggetto e\/o di modificarne le caratteristiche e i servizi offerti.&nbsp;<\/p>\n\n\n\n<p><br><strong>I SERVIZI OFFERTI<\/strong><\/p>\n\n\n\n<p>Le Startup e PMI selezionate per la partecipazione a SMAU Milano avranno a disposizione una serie di servizi di assistenza e accompagnamento al networking e saranno coinvolte in attivit\u00e0 specifiche che si svolgeranno sia nelle settimane che precederanno la manifestazione, sia nel corso dello svolgimento di SMAU Milano, per l\u2019incontro con i Partner industriali (Grandi Corporate interessate a lavorare con le Startup o ad acquisirne delle quote entrando nel loro Capitale sociale) o Finanziari (Business Angel, Venture Capital, Fondi di Investimento) italiani ed internazionali.<\/p>\n\n\n\n<p>L\u2019obiettivo \u00e8 di stimolare l\u2019incontro dei partecipanti con potenziali clienti e partner, e con gli investitori internazionali ospitati da ICE Agenzia nell\u2019ambito dell\u2019iniziativa <em>ItaliaRestartsUp. <\/em>In particolare:<\/p>\n\n\n\n<ul class=\"wp-block-list\">\n<li>disponibilit\u00e0 per ciascuna startup e PMI innovativa di un proprio spazio espositivo di 4 mq ospitato nell\u2019area complessivamente dedicata all\u2019ecosistema laziale in cui approfondire le relazioni di business e i contatti avviati nelle diverse occasioni di incontro organizzate nel corso dell\u2019evento. Lo spazio sar\u00e0 allestito con desk e sgabello, grafica personalizzata per il singolo soggetto, loghi di Regione Lazio, Lazio Innova e dei partner regionali;<\/li>\n\n\n\n<li>coinvolgimento in una sessione speed pitching in cui presentare la propria attivit\u00e0 ad un pubblico di imprenditori e decisori aziendali nazionali e internazionali, in funzione del target di imprese a cui ci si rivolge;<\/li>\n\n\n\n<li>possibilit\u00e0 di partecipare agli incontri one-to-one con gli investitori internazionali nell\u2019ambito <em>di ItaliaRestartsUp<\/em>, iniziativa che si svolge all\u2019interno di SMAU Milano, organizzata in collaborazione con ICE Agenzia;<\/li>\n\n\n\n<li>visibilit\u00e0 nel sito smau.it con una pagina dedicata, riconducibile alla pagina di Regione Lazio, contenente la presentazione della propria attivit\u00e0, la descrizione dei propri servizi o prodotti e il tipo di partner\/clienti che si stanno ricercando;<\/li>\n\n\n\n<li>visibilit\u00e0 nel sito presso tutti i preregistrati appartenenti al proprio settore di riferimento, mediante suggerimento alla visita e alla prenotazione di un incontro presso lo stand, attraverso la funzione \u201cRichiedi un Incontro\u201d;<\/li>\n\n\n\n<li>servizio di assessment dedicato con la Direzione SMAU, organizzato prima della manifestazione in modalit\u00e0 digitale, per ricevere consigli e suggerimenti utili al fine di cogliere pienamente le diverse opportunit\u00e0 che l&#8217;evento potr\u00e0 offrire, trasferire obiettivi puntuali legati alla partecipazione e acquisire spunti importanti per il proprio business;<\/li>\n\n\n\n<li>disponibilit\u00e0 illimitata di biglietti di invito elettronici per inoltrare a clienti o <em>prospect<\/em>, che possono beneficiare dell\u2019ingresso gratuito a Smau Milano, utilizzando un codice invito offerto dalla singola startup e PMI innovativa. L\u2019azienda, accedendo alla propria Area Riservata, potr\u00e0 scaricare l\u2019aggiornamento del database di tutti coloro che si sono registrati alla fiera utilizzando il proprio invito elettronico;<\/li>\n\n\n\n<li>presentazione della propria offerta di servizi attraverso l\u2019inserimento negli <em>Startup Safari<\/em>, tour guidati organizzarti per settore di attivit\u00e0, nel corso dei quali i visitatori vengono accompagnati da apposito personale preparato da SMAU, per scoprire e incontrare l\u2019offerta di innovazione dedicata al proprio settore di appartenenza. Al termine della manifestazione ogni startup riceve le anagrafiche profilate delle imprese che hanno visitato lo stand aziendale nel corso dello Startup Safari, per essere certi di non lasciarsi sfuggire nessuna opportunit\u00e0 di incontro con potenziali clienti;<\/li>\n\n\n\n<li>trasferimento a fine manifestazione ad ogni startup e PMI innovativa del database profilato dei visitatori che hanno dichiarato di essere interessati alla loro offerta e quello dei visitatori che hanno utilizzato l\u2019invito elettronico offerto dall\u2019espositore.<\/li>\n<\/ul>\n\n\n\n<p><br><strong>REQUISITI DI AMMISSIBILIT\u00c0 PER LE IMPRESE INVITATE A PARTECIPARE<\/strong><\/p>\n\n\n\n<p>L\u2019opportunit\u00e0 di prendere parte a SMAU Milano \u00e8 riservata a Startup e PMI innovative in possesso dei seguenti requisiti:<\/p>\n\n\n\n<ul class=\"wp-block-list\">\n<li>sede legale e\/o operativa nella Regione Lazio;<\/li>\n\n\n\n<li>coerenza dell\u2019attivit\u00e0 dell\u2019azienda con il settore o i settori economici cui la manifestazione \u00e8 rivolta;<\/li>\n\n\n\n<li>essere regolarmente iscritti nel Registro delle Imprese della C.C.I.A.A. competente per territorio ed essere in regola, al momento della presentazione della manifestazione di interesse o comunque entro i termini di chiusura di presentazione della stessa, con il pagamento del diritto annuale e con la dichiarazione dell\u2019attivit\u00e0 esercitata;<\/li>\n\n\n\n<li>essere MPMI, come classificate nell&#8217;Allegato I del Regolamento (UE) n. 651\/2014, in forma singola o associata in Consorzi, Societ\u00e0 Consortili o Reti di imprese con personalit\u00e0 giuridica (Reti-soggetto), definite ai sensi dei commi 4-ter e 4-quater dell&#8217;art. 3 del Decreto-legge n. 5 del 10 febbraio 2009, convertito, con modificazioni, nella Legge n. 33 del 09 Aprile 2009 e ss.mm.ii., al momento della presentazione della manifestazione di interesse;<\/li>\n\n\n\n<li>essere iscritti alla Sezione Speciale del Registro delle Imprese Startup e PMI Innovative;<\/li>\n\n\n\n<li> esercitare, in relazione alla sede laziale, un\u2019attivit\u00e0 economica coerente con il settore<\/li>\n\n\n\n<li>non essere beneficiarie di agevolazioni pubbliche relative alla partecipazione alla manifestazione fieristica in questione n\u00e9 aver presentato domande di agevolazione per partecipare alla medesima manifestazione;<\/li>\n\n\n\n<li>essere nel pieno e libero esercizio dei propri diritti, attive e non essere sottoposte n\u00e9 essere state sottoposte, nei cinque anni precedenti, a procedure di liquidazione volontaria, liquidazione coatta, fallimento, concordato preventivo (ad eccezione del concordato preventivo con continuit\u00e0 aziendale) ed ogni altra procedura concorsuale n\u00e9 avere in corso un procedimento per la dichiarazione di una delle suddette situazioni;<\/li>\n\n\n\n<li> possedere capacit\u00e0 di contrarre ovvero non siano state oggetto di sanzione interdittiva o altra sanzione che comporti il divieto di contrarre con la Pubblica Amministrazione;<\/li>\n\n\n\n<li>non avere Amministratori e\/o Legali Rappresentanti che siano stati condannati con sentenza passata in giudicato ovvero nei cui confronti sia stato emesso decreto penale di condanna divenuto irrevocabile o sentenza di applicazione della pena su richiesta, ai sensi dell\u2019art. 444 c.p.p., per reati gravi in danno dello Stato o della Comunit\u00e0 che incidono sulla moralit\u00e0 professionale (\u00e8 comunque causa di esclusione la condanna, con sentenza passata in giudicato, per reati di partecipazione ad un&#8217;organizzazione criminale, corruzione, frode, riciclaggio);<\/li>\n\n\n\n<li>non avere Amministratori e\/o Legali Rappresentanti che si siano resi colpevoli di false dichiarazioni nei rapporti con la Pubblica Amministrazione;<\/li>\n\n\n\n<li>essere in regola con il versamento dei contributi previdenziali e assistenziali, accertabile mediante acquisizione del DURC, <br>ovvero<\/li>\n\n\n\n<li>non essere soggetti agli obblighi in materia di regolarit\u00e0 contributiva e, quindi, non essere tenuti all\u2019iscrizione presso alcun Ente previdenziale o assistenziale.<\/li>\n<\/ul>\n\n\n\n<p>Il possesso dei requisiti \u00e8 attestato mediante dichiarazioni rese al momento della partecipazione attraverso il modulo di manifestazione di interesse.<\/p>\n\n\n\n<p>Tali dichiarazioni potranno essere verificate, cos\u00ec come stabilito dall\u2019art. 71 comma 1 del D.P.R. 445 del 28.12.2000, come modificato dall\u2019art. 264 del D.L. 19 maggio 2020 n. 34, con applicazione, nel caso di dichiarazioni mendaci, della decadenza dai benefici e delle sanzioni penali, rispettivamente previste dagli artt. 75 e 76 del medesimo D.P.R., come da ultimo rese pi\u00f9 severe per effetto del citato articolo 264.<\/p>\n\n\n\n<p><br><strong>MODALIT\u00c0 DI PRESENTAZIONE DELLA DOMANDA DI PARTECIPAZIONE<\/strong><\/p>\n\n\n\n<p>Le aziende interessate a partecipare alla collettiva regionale dovranno effettuare i seguenti adempimenti, entro e <strong>non oltre luned\u00ec 8 settembre 2025<\/strong> <strong>&#8211; ore 12.00<\/strong> pena la non ammissibilit\u00e0 della domanda:<br><\/p>\n\n\n\n<p><strong>ISCRIZIONI CHIUSE<\/strong><\/p>\n\n\n\n<p><br><strong>CRITERI DI AMMISSIBILIT\u00c0 GENERALI<\/strong><\/p>\n\n\n\n<ul class=\"wp-block-list\">\n<li>Correttezza dell&#8217;iter amministrativo di presentazione della domanda di partecipazione (rispetto delle modalit\u00e0 e dei tempi);<\/li>\n\n\n\n<li>Completezza della domanda di partecipazione.<\/li>\n<\/ul>\n\n\n\n<p><br><strong>Le Startup e PMI devono, inoltre, essere in possesso dei seguenti requisiti:<\/strong><\/p>\n\n\n\n<ul class=\"wp-block-list\">\n<li>contenuto innovativo del prodotto o servizio presentato<\/li>\n\n\n\n<li>prodotto o servizio b2b o, se b2c, con interesse a partnership industriali e\/o finanziarie<\/li>\n\n\n\n<li>prodotto o servizio gi\u00e0 industrializzato e pronto per il mercato, con interesse a sviluppo internazionale<\/li>\n\n\n\n<li>linee tecnologiche di sviluppo coerenti con uno o pi\u00f9 dei seguenti ambiti: Agrifood, Health, Smart Manufacturing, Energy &amp; Environment, Smart Mobility, Fintech e InsurTech, Retail, Travel, Intelligenza artificiale, Industria 4.0, Smart Communities<\/li>\n\n\n\n<li>linee tecnologiche di sviluppo coerenti con uno o pi\u00f9 dei seguenti ambiti:\n<ul class=\"wp-block-list\">\n<li>Agrifood,<\/li>\n\n\n\n<li>Health<\/li>\n\n\n\n<li>Smart Manufacturing<\/li>\n\n\n\n<li>Energy &amp; Environment<\/li>\n\n\n\n<li>Smart Mobility<\/li>\n\n\n\n<li>Fintech e InsurTech<\/li>\n\n\n\n<li>Retail<\/li>\n\n\n\n<li>Travel<\/li>\n\n\n\n<li>Intelligenza Artificiale<\/li>\n\n\n\n<li>Industria 4.0<\/li>\n\n\n\n<li>Smart Communities<\/li>\n<\/ul>\n<\/li>\n\n\n\n<li>disponibilit\u00e0 di referenze (clienti o PoC gi\u00e0 realizzati) o, in alternativa, avere nella compagine sociale un\u2019impresa gi\u00e0 consolidata o essere stati oggetto di un investimento.<\/li>\n<\/ul>\n\n\n\n<p><br><strong>SELEZIONE<\/strong><\/p>\n\n\n\n<p>La selezione avverr\u00e0 a cura di un <strong>Nucleo di Valutazione <\/strong>composto da:<\/p>\n\n\n\n<ol class=\"wp-block-list\">\n<li>un rappresentante di Regione Lazio<\/li>\n\n\n\n<li>un rappresentante di SMAU<\/li>\n\n\n\n<li>un rappresentante di Camera di Commercio di Roma.<\/li>\n<\/ol>\n\n\n\n<p>Lazio Innova svolger\u00e0 il ruolo di Segreteria tecnica.<\/p>\n\n\n\n<p><br><strong>CRITERI DI SELEZIONE E COMUNICAZIONE DI AMMISSIONE<\/strong><\/p>\n\n\n\n<p>Le Startup e PMI innovative ammesse alla partecipazione saranno selezionate sulla base dei seguenti criteri di valutazione (tra parentesi indicato il punteggio massimo di ciascun criterio):<\/p>\n\n\n\n<ol class=\"wp-block-list\">\n<li>Contenuto innovativo del prodotto o servizio (max 30 punti);<\/li>\n\n\n\n<li>Prodotto o servizio b2b o, se b2c, con interesse a partnership industriali e\/o finanziarie (max 20 punti);<\/li>\n\n\n\n<li>Disponibilit\u00e0 di referenze (clienti o PoC gi\u00e0 realizzati) da fornire al momento della presentazione della domanda (max 30 punti);<\/li>\n\n\n\n<li>Prodotto o servizio gi\u00e0 industrializzato e pronto per il mercato, con interesse a sviluppo internazionale e linee tecnologiche di sviluppo coerenti con gli ambiti previsti dalla Call (max 20 punti).<\/li>\n<\/ol>\n\n\n\n<p>Fermo il possesso dei requisiti indicati, saranno oggetto di selezione solo le prime 10 Startup e PMI innovative che risulteranno aver ottenuto il maggiore punteggio in ragione della valutazione svolta secondo i criteri indicati nella presente manifestazione di interesse. In caso di parit\u00e0 di posizionamento, si dar\u00e0 priorit\u00e0 all\u2019ordine di arrivo delle domande. Sar\u00e0 comunque predisposta una graduatoria delle domande ammesse alla quale si attinger\u00e0 qualora si dovessero registrare delle rinunce.<\/p>\n\n\n\n<p>A seguito dello svolgimento del processo di selezione, tutti i soggetti che hanno sottoposto la candidatura:<\/p>\n\n\n\n<ol start=\"1\" class=\"wp-block-list\">\n<li>riceveranno una <strong>comunicazione<\/strong> all\u2019indirizzo PEC indicato in sede di presentazione della manifestazione di interesse circa l\u2019ammissione o meno all\u2019iniziativa in oggetto;<\/li>\n\n\n\n<li>&nbsp;i soggetti ammessi dovranno, entro il termine indicato nella suddetta comunicazione, provvedere a <strong>comunicare via PEC la loro adesione<\/strong>&nbsp;definitiva ovvero la loro rinuncia; il mancato rispetto dei termini per l\u2019accettazione della proposta di partecipazione comporter\u00e0 l\u2019esclusione dell\u2019azienda. A seguito dell\u2019accettazione, l\u2019azienda sar\u00e0 tenuta a partecipare alla manifestazione in oggetto; si precisa che, accettando la partecipazione, l\u2019azienda si impegna a presidiare lo stand in modo esclusivo (lo stesso soggetto non potr\u00e0 presidiare pi\u00f9 di uno stand) e continuativo (per l\u2019intera durata della manifestazione);<\/li>\n\n\n\n<li>in caso di rinuncia di uno o pi\u00f9 dei soggetti ammessi, si proceder\u00e0 a selezionare gli ulteriori soggetti risultati idonei, nel rispetto della graduatoria redatta dal Nucleo di Valutazione.<\/li>\n<\/ol>\n\n\n\n<p>Si segnala, inoltre, che la suddetta manifestazione di interesse non vincola gli Enti promotori che si riservano, in qualsiasi momento, di poter annullare, qualora le circostanze lo richiedessero, l\u2019organizzazione della collettiva regionale alla Fiera in oggetto.<\/p>\n\n\n\n<p><br><strong>REGIME DI AIUTO<\/strong><\/p>\n\n\n\n<p>Considerata la volont\u00e0 degli Enti Promotori di venire incontro alle esigenze delle imprese selezionate, la partecipazione alla manifestazione \u00e8 gratuita, fermo restando che rimangono a carico delle stesse le spese relative ad ogni ulteriore servizio extra di personalizzazione richiesto dalle imprese medesime.<br>I costi di partecipazione sono sostenuti dagli Enti promotori e tale sostegno alle imprese si configura quale aiuto indiretto, per la partecipazione alle iniziative e manifestazioni promosse dalla Regione Lazio e Camera di Commercio di Roma, e sar\u00e0 concesso nel rispetto delle disposizioni di cui al Regolamento (UE) n. 2831 del 13 dicembre 2023&nbsp;relativo all\u2019applicazione degli articoli 107 e 108 del trattato sul funzionamento dell\u2019Unione Europea agli aiuti \u201cde minimis\u201d.<\/p>\n\n\n\n<p>A seguito dell\u2019obbligo di consultazione preventiva e di implementazione del Registro Nazionale degli Aiuti di Stato, di cui al Regolamento MISE n. 115 del 31 maggio 2017, gli importi relativi alle agevolazioni concesse verranno conseguentemente inseriti nel suddetto Registro, fino ad un importo di <strong>\u20ac&nbsp;6.500,00 IVA inclusa<\/strong>, da calcolare per ogni impresa ammessa. Come previsto dall\u2019art. 3 par. 7 dello stesso Regolamento, qualora la concessione di nuovi aiuti \u201cde minimis\u201d comporti il superamento dei massimali previsti, nessuna delle nuove misure di aiuto pu\u00f2 beneficiare del Regolamento. L\u2019importo massimo delle agevolazioni in regime \u201cde minimis\u201d che possono essere concesse ad un&#8217;unica impresa nell&#8217;arco di tre anni e senza che ci\u00f2 possa incidere sugli scambi tra gli Stati membri e da non falsare o minacciare di falsare la concorrenza,&nbsp;\u00e8 pari a \u20ac 300.000,00.&nbsp;<\/p>\n\n\n\n<p>In caso di superamento delle soglie predette, l\u2019agevolazione suindicata non potr\u00e0 essere concessa, neppure per la parte che non superi detti massimali.<\/p>\n\n\n\n<p>Si fa presente che ciascuna impresa pu\u00f2 monitorare l\u2019importo delle agevolazioni in regime \u201cde minimis\u201d di cui ha beneficiato a far data dal 12 agosto 2017, sul sito del Registro Nazionale degli Aiuti di Stato nella sezione Trasparenza al seguente link: <a href=\"https:\/\/www.rna.gov.it\/RegistroNazionaleTrasparenza\/faces\/pages\/TrasparenzaAiuto.jspx\"><strong>https:\/\/www.rna.gov.it\/RegistroNazionaleTrasparenza\/faces\/pages\/TrasparenzaAiuto.jspx<\/strong><\/a><strong>.<\/strong><\/p>\n\n\n\n<p><br><strong>PRIVACY<\/strong><\/p>\n\n\n\n<p>I dati forniti saranno trattati dagli organizzatori in osservanza di quanto disposto dal Regolamento UE 679\/2016 sulla protezione dei dati personali.<\/p>\n\n\n\n<p>Per informazioni rivolgersi a:<\/p>\n\n\n\n<ul class=\"wp-block-list\">\n<li>Regione Lazio<br>Lazio Innova S.p.A. \u2013 Area Internazionalizzazione &amp; Cluster<br>E-mail: internazionalizzazione@lazioinnova.it     <br>Tel. 06.60.51.60<br><\/li>\n\n\n\n<li>Camera di Commercio di Roma:<br>Area III Promozione e Sviluppo \u2013 Servizio Filiere produttive e Fiere: <br>e- mail:<a href=\"mailto:attivita.promozionali@rm.camcom.it\">&nbsp;attivita.promozionali@rm.camcom.it<\/a>&nbsp;   <br>Tel. 06.52082571 \u2013 2065<br><\/li>\n\n\n\n<li>Sviluppo e Territorio<br>Azienda Speciale della Camera di Commercio di Roma per lo sviluppo e la crescita di Roma e del Lazio: <br>e-mail <a href=\"mailto:Sviluppo@sviluppoeterritorio.camcom.it\">Sviluppo@sviluppoeterritorio.camcom.it<\/a> <br>Tel. 066787758 &#8211; 06 69797165.<\/li>\n<\/ul>\n\n\n\n<p>Tutta la modulistica \u00e8 consultabile e scaricabile sui seguenti siti Istituzionali:<\/p>\n\n\n\n<p><a href=\"https:\/\/www.lazioinnova.it\/laziointernational\">www.lazioinnova.it\/laziointernational<\/a>&nbsp;<br><a href=\"https:\/\/www.rm.camcom.it\/\" target=\"_blank\" rel=\"noreferrer noopener\">www.rm.camcom.it<\/a> <br><a href=\"https:\/\/sviluppoeterritorio.camcom.it\/\" target=\"_blank\" rel=\"noreferrer noopener\">www.sviluppoeterritorio.camcom.it<\/a><br><br><\/p>\n\n\n\n<p><\/p>\n","protected":false},"excerpt":{"rendered":"<p>Partecipazione collettiva a SMAU Milano 2025  &#8211; 5-6 novembre &#8211; Candidature entro l&#8217;8 settembre ore 12.00<\/p>\n","protected":false},"author":12,"featured_media":9284,"comment_status":"closed","ping_status":"closed","sticky":false,"template":"","format":"standard","meta":{"_acf_changed":false,"ghostkit_customizer_options":"","ghostkit_custom_css":"","ghostkit_custom_js_head":"","ghostkit_custom_js_foot":"","ghostkit_typography":"","footnotes":""},"categories":[45,2],"tags":[32,26,47,42,19,62],"class_list":["post-19922","post","type-post","status-publish","format-standard","has-post-thumbnail","hentry","category-bandi-e-finanziamenti","category-fiere-e-iniziative-internazionali","tag-aerospazio","tag-agro-industria","tag-bioscienze","tag-ict","tag-multisettore","tag-smart-cities-tech"],"acf":{"homepage_image":""},"yoast_head":"<!-- This site is optimized with the Yoast SEO plugin v24.2 - https:\/\/yoast.com\/wordpress\/plugins\/seo\/ -->\n<title>Manifestazione di Interesse per la partecipazione a SMAU Milano 2025 - Lazio International - Lazio Innova<\/title>\n<meta name=\"description\" content=\"Partecipazione collettiva a SMAU Milano 2025 - 5-6 novembre - Candidature entro l&#039;8 settembre ore 12.00\" \/>\n<meta name=\"robots\" content=\"index, follow, max-snippet:-1, max-image-preview:large, max-video-preview:-1\" \/>\n<link rel=\"canonical\" href=\"https:\/\/www.lazioinnova.it\/laziointernational\/2025\/07\/28\/manifestazione-di-interesse-smau-milano-2025\/\" \/>\n<meta property=\"og:locale\" content=\"it_IT\" \/>\n<meta property=\"og:type\" content=\"article\" \/>\n<meta property=\"og:title\" content=\"Manifestazione di Interesse per la partecipazione a SMAU Milano 2025 - Lazio International - Lazio Innova\" \/>\n<meta property=\"og:description\" content=\"Partecipazione collettiva a SMAU Milano 2025 - 5-6 novembre - Candidature entro l&#039;8 settembre ore 12.00\" \/>\n<meta property=\"og:url\" content=\"https:\/\/www.lazioinnova.it\/laziointernational\/2025\/07\/28\/manifestazione-di-interesse-smau-milano-2025\/\" \/>\n<meta property=\"og:site_name\" content=\"Lazio International - Lazio Innova\" \/>\n<meta property=\"article:published_time\" content=\"2025-07-28T14:51:02+00:00\" \/>\n<meta property=\"article:modified_time\" content=\"2025-09-08T10:02:42+00:00\" \/>\n<meta property=\"og:image\" content=\"https:\/\/www.lazioinnova.it\/laziointernational\/app\/uploads\/2023\/02\/smau-slider.jpg\" \/>\n\t<meta property=\"og:image:width\" content=\"777\" \/>\n\t<meta property=\"og:image:height\" content=\"438\" \/>\n\t<meta property=\"og:image:type\" content=\"image\/jpeg\" \/>\n<meta name=\"author\" content=\"Donatella Piccione\" \/>\n<meta name=\"twitter:card\" content=\"summary_large_image\" \/>\n<meta name=\"twitter:label1\" content=\"Scritto da\" \/>\n\t<meta name=\"twitter:data1\" content=\"Donatella Piccione\" \/>\n\t<meta name=\"twitter:label2\" content=\"Tempo di lettura stimato\" \/>\n\t<meta name=\"twitter:data2\" content=\"13 minuti\" \/>\n<script type=\"application\/ld+json\" class=\"yoast-schema-graph\">{\"@context\":\"https:\/\/schema.org\",\"@graph\":[{\"@type\":\"WebPage\",\"@id\":\"https:\/\/www.lazioinnova.it\/laziointernational\/2025\/07\/28\/manifestazione-di-interesse-smau-milano-2025\/\",\"url\":\"https:\/\/www.lazioinnova.it\/laziointernational\/2025\/07\/28\/manifestazione-di-interesse-smau-milano-2025\/\",\"name\":\"Manifestazione di Interesse per la partecipazione a SMAU Milano 2025 - Lazio International - Lazio Innova\",\"isPartOf\":{\"@id\":\"https:\/\/www.lazioinnova.it\/laziointernational\/#website\"},\"primaryImageOfPage\":{\"@id\":\"https:\/\/www.lazioinnova.it\/laziointernational\/2025\/07\/28\/manifestazione-di-interesse-smau-milano-2025\/#primaryimage\"},\"image\":{\"@id\":\"https:\/\/www.lazioinnova.it\/laziointernational\/2025\/07\/28\/manifestazione-di-interesse-smau-milano-2025\/#primaryimage\"},\"thumbnailUrl\":\"https:\/\/www.lazioinnova.it\/laziointernational\/app\/uploads\/2023\/02\/smau-slider.jpg\",\"datePublished\":\"2025-07-28T14:51:02+00:00\",\"dateModified\":\"2025-09-08T10:02:42+00:00\",\"author\":{\"@id\":\"https:\/\/www.lazioinnova.it\/laziointernational\/#\/schema\/person\/564e7ecfadf603a28e3631d0406f3f4d\"},\"description\":\"Partecipazione collettiva a SMAU Milano 2025 - 5-6 novembre - Candidature entro l'8 settembre ore 12.00\",\"breadcrumb\":{\"@id\":\"https:\/\/www.lazioinnova.it\/laziointernational\/2025\/07\/28\/manifestazione-di-interesse-smau-milano-2025\/#breadcrumb\"},\"inLanguage\":\"it-IT\",\"potentialAction\":[{\"@type\":\"ReadAction\",\"target\":[\"https:\/\/www.lazioinnova.it\/laziointernational\/2025\/07\/28\/manifestazione-di-interesse-smau-milano-2025\/\"]}]},{\"@type\":\"ImageObject\",\"inLanguage\":\"it-IT\",\"@id\":\"https:\/\/www.lazioinnova.it\/laziointernational\/2025\/07\/28\/manifestazione-di-interesse-smau-milano-2025\/#primaryimage\",\"url\":\"https:\/\/www.lazioinnova.it\/laziointernational\/app\/uploads\/2023\/02\/smau-slider.jpg\",\"contentUrl\":\"https:\/\/www.lazioinnova.it\/laziointernational\/app\/uploads\/2023\/02\/smau-slider.jpg\",\"width\":777,\"height\":438,\"caption\":\"Logo SMAU\"},{\"@type\":\"BreadcrumbList\",\"@id\":\"https:\/\/www.lazioinnova.it\/laziointernational\/2025\/07\/28\/manifestazione-di-interesse-smau-milano-2025\/#breadcrumb\",\"itemListElement\":[{\"@type\":\"ListItem\",\"position\":1,\"name\":\"Home\",\"item\":\"https:\/\/www.lazioinnova.it\/laziointernational\/\"},{\"@type\":\"ListItem\",\"position\":2,\"name\":\"Manifestazione di Interesse per la partecipazione a SMAU Milano 2025\"}]},{\"@type\":\"WebSite\",\"@id\":\"https:\/\/www.lazioinnova.it\/laziointernational\/#website\",\"url\":\"https:\/\/www.lazioinnova.it\/laziointernational\/\",\"name\":\"Lazio International - Lazio Innova\",\"description\":\"Lazio Innova\",\"potentialAction\":[{\"@type\":\"SearchAction\",\"target\":{\"@type\":\"EntryPoint\",\"urlTemplate\":\"https:\/\/www.lazioinnova.it\/laziointernational\/?s={search_term_string}\"},\"query-input\":{\"@type\":\"PropertyValueSpecification\",\"valueRequired\":true,\"valueName\":\"search_term_string\"}}],\"inLanguage\":\"it-IT\"},{\"@type\":\"Person\",\"@id\":\"https:\/\/www.lazioinnova.it\/laziointernational\/#\/schema\/person\/564e7ecfadf603a28e3631d0406f3f4d\",\"name\":\"Donatella Piccione\",\"image\":{\"@type\":\"ImageObject\",\"inLanguage\":\"it-IT\",\"@id\":\"https:\/\/www.lazioinnova.it\/laziointernational\/#\/schema\/person\/image\/\",\"url\":\"https:\/\/secure.gravatar.com\/avatar\/c5a5b36163b6a4c418b4ac55cfca914c?s=96&d=mm&r=g\",\"contentUrl\":\"https:\/\/secure.gravatar.com\/avatar\/c5a5b36163b6a4c418b4ac55cfca914c?s=96&d=mm&r=g\",\"caption\":\"Donatella Piccione\"},\"url\":\"https:\/\/www.lazioinnova.it\/laziointernational\/author\/d-piccione\/\"}]}<\/script>\n<!-- \/ Yoast SEO plugin. -->","yoast_head_json":{"title":"Manifestazione di Interesse per la partecipazione a SMAU Milano 2025 - Lazio International - Lazio Innova","description":"Partecipazione collettiva a SMAU Milano 2025 - 5-6 novembre - Candidature entro l'8 settembre ore 12.00","robots":{"index":"index","follow":"follow","max-snippet":"max-snippet:-1","max-image-preview":"max-image-preview:large","max-video-preview":"max-video-preview:-1"},"canonical":"https:\/\/www.lazioinnova.it\/laziointernational\/2025\/07\/28\/manifestazione-di-interesse-smau-milano-2025\/","og_locale":"it_IT","og_type":"article","og_title":"Manifestazione di Interesse per la partecipazione a SMAU Milano 2025 - Lazio International - Lazio Innova","og_description":"Partecipazione collettiva a SMAU Milano 2025 - 5-6 novembre - Candidature entro l'8 settembre ore 12.00","og_url":"https:\/\/www.lazioinnova.it\/laziointernational\/2025\/07\/28\/manifestazione-di-interesse-smau-milano-2025\/","og_site_name":"Lazio International - Lazio Innova","article_published_time":"2025-07-28T14:51:02+00:00","article_modified_time":"2025-09-08T10:02:42+00:00","og_image":[{"width":777,"height":438,"url":"https:\/\/www.lazioinnova.it\/laziointernational\/app\/uploads\/2023\/02\/smau-slider.jpg","type":"image\/jpeg"}],"author":"Donatella Piccione","twitter_card":"summary_large_image","twitter_misc":{"Scritto da":"Donatella Piccione","Tempo di lettura stimato":"13 minuti"},"schema":{"@context":"https:\/\/schema.org","@graph":[{"@type":"WebPage","@id":"https:\/\/www.lazioinnova.it\/laziointernational\/2025\/07\/28\/manifestazione-di-interesse-smau-milano-2025\/","url":"https:\/\/www.lazioinnova.it\/laziointernational\/2025\/07\/28\/manifestazione-di-interesse-smau-milano-2025\/","name":"Manifestazione di Interesse per la partecipazione a SMAU Milano 2025 - Lazio International - Lazio Innova","isPartOf":{"@id":"https:\/\/www.lazioinnova.it\/laziointernational\/#website"},"primaryImageOfPage":{"@id":"https:\/\/www.lazioinnova.it\/laziointernational\/2025\/07\/28\/manifestazione-di-interesse-smau-milano-2025\/#primaryimage"},"image":{"@id":"https:\/\/www.lazioinnova.it\/laziointernational\/2025\/07\/28\/manifestazione-di-interesse-smau-milano-2025\/#primaryimage"},"thumbnailUrl":"https:\/\/www.lazioinnova.it\/laziointernational\/app\/uploads\/2023\/02\/smau-slider.jpg","datePublished":"2025-07-28T14:51:02+00:00","dateModified":"2025-09-08T10:02:42+00:00","author":{"@id":"https:\/\/www.lazioinnova.it\/laziointernational\/#\/schema\/person\/564e7ecfadf603a28e3631d0406f3f4d"},"description":"Partecipazione collettiva a SMAU Milano 2025 - 5-6 novembre - Candidature entro l'8 settembre ore 12.00","breadcrumb":{"@id":"https:\/\/www.lazioinnova.it\/laziointernational\/2025\/07\/28\/manifestazione-di-interesse-smau-milano-2025\/#breadcrumb"},"inLanguage":"it-IT","potentialAction":[{"@type":"ReadAction","target":["https:\/\/www.lazioinnova.it\/laziointernational\/2025\/07\/28\/manifestazione-di-interesse-smau-milano-2025\/"]}]},{"@type":"ImageObject","inLanguage":"it-IT","@id":"https:\/\/www.lazioinnova.it\/laziointernational\/2025\/07\/28\/manifestazione-di-interesse-smau-milano-2025\/#primaryimage","url":"https:\/\/www.lazioinnova.it\/laziointernational\/app\/uploads\/2023\/02\/smau-slider.jpg","contentUrl":"https:\/\/www.lazioinnova.it\/laziointernational\/app\/uploads\/2023\/02\/smau-slider.jpg","width":777,"height":438,"caption":"Logo SMAU"},{"@type":"BreadcrumbList","@id":"https:\/\/www.lazioinnova.it\/laziointernational\/2025\/07\/28\/manifestazione-di-interesse-smau-milano-2025\/#breadcrumb","itemListElement":[{"@type":"ListItem","position":1,"name":"Home","item":"https:\/\/www.lazioinnova.it\/laziointernational\/"},{"@type":"ListItem","position":2,"name":"Manifestazione di Interesse per la partecipazione a SMAU Milano 2025"}]},{"@type":"WebSite","@id":"https:\/\/www.lazioinnova.it\/laziointernational\/#website","url":"https:\/\/www.lazioinnova.it\/laziointernational\/","name":"Lazio International - Lazio Innova","description":"Lazio Innova","potentialAction":[{"@type":"SearchAction","target":{"@type":"EntryPoint","urlTemplate":"https:\/\/www.lazioinnova.it\/laziointernational\/?s={search_term_string}"},"query-input":{"@type":"PropertyValueSpecification","valueRequired":true,"valueName":"search_term_string"}}],"inLanguage":"it-IT"},{"@type":"Person","@id":"https:\/\/www.lazioinnova.it\/laziointernational\/#\/schema\/person\/564e7ecfadf603a28e3631d0406f3f4d","name":"Donatella Piccione","image":{"@type":"ImageObject","inLanguage":"it-IT","@id":"https:\/\/www.lazioinnova.it\/laziointernational\/#\/schema\/person\/image\/","url":"https:\/\/secure.gravatar.com\/avatar\/c5a5b36163b6a4c418b4ac55cfca914c?s=96&d=mm&r=g","contentUrl":"https:\/\/secure.gravatar.com\/avatar\/c5a5b36163b6a4c418b4ac55cfca914c?s=96&d=mm&r=g","caption":"Donatella Piccione"},"url":"https:\/\/www.lazioinnova.it\/laziointernational\/author\/d-piccione\/"}]}},"featured_image_src":"https:\/\/www.lazioinnova.it\/laziointernational\/app\/uploads\/2023\/02\/smau-slider-600x400.jpg","featured_image_src_square":"https:\/\/www.lazioinnova.it\/laziointernational\/app\/uploads\/2023\/02\/smau-slider-600x438.jpg","author_info":{"display_name":"Donatella Piccione","author_link":"https:\/\/www.lazioinnova.it\/laziointernational\/author\/d-piccione\/"},"homepage_image":"","_links":{"self":[{"href":"https:\/\/www.lazioinnova.it\/laziointernational\/wp-json\/wp\/v2\/posts\/19922","targetHints":{"allow":["GET"]}}],"collection":[{"href":"https:\/\/www.lazioinnova.it\/laziointernational\/wp-json\/wp\/v2\/posts"}],"about":[{"href":"https:\/\/www.lazioinnova.it\/laziointernational\/wp-json\/wp\/v2\/types\/post"}],"author":[{"embeddable":true,"href":"https:\/\/www.lazioinnova.it\/laziointernational\/wp-json\/wp\/v2\/users\/12"}],"replies":[{"embeddable":true,"href":"https:\/\/www.lazioinnova.it\/laziointernational\/wp-json\/wp\/v2\/comments?post=19922"}],"version-history":[{"count":15,"href":"https:\/\/www.lazioinnova.it\/laziointernational\/wp-json\/wp\/v2\/posts\/19922\/revisions"}],"predecessor-version":[{"id":20324,"href":"https:\/\/www.lazioinnova.it\/laziointernational\/wp-json\/wp\/v2\/posts\/19922\/revisions\/20324"}],"wp:featuredmedia":[{"embeddable":true,"href":"https:\/\/www.lazioinnova.it\/laziointernational\/wp-json\/wp\/v2\/media\/9284"}],"wp:attachment":[{"href":"https:\/\/www.lazioinnova.it\/laziointernational\/wp-json\/wp\/v2\/media?parent=19922"}],"wp:term":[{"taxonomy":"category","embeddable":true,"href":"https:\/\/www.lazioinnova.it\/laziointernational\/wp-json\/wp\/v2\/categories?post=19922"},{"taxonomy":"post_tag","embeddable":true,"href":"https:\/\/www.lazioinnova.it\/laziointernational\/wp-json\/wp\/v2\/tags?post=19922"}],"curies":[{"name":"wp","href":"https:\/\/api.w.org\/{rel}","templated":true}]}}