{"id":23863,"date":"2026-09-04T15:13:00","date_gmt":"2026-09-04T13:13:00","guid":{"rendered":"https:\/\/www.lazioinnova.it\/laziointernational\/?p=23863"},"modified":"2026-09-04T17:22:19","modified_gmt":"2026-09-04T15:22:19","slug":"manifestazione-di-interesse-per-il-forum-euromediterraneo-dellacqua-2026","status":"publish","type":"post","link":"https:\/\/www.lazioinnova.it\/laziointernational\/2026\/09\/04\/manifestazione-di-interesse-per-il-forum-euromediterraneo-dellacqua-2026\/","title":{"rendered":"Manifestazione di interesse per il Forum Euromediterraneo dell\u2019Acqua 2026"},"content":{"rendered":"<div class=\"wp-block-image\">\n<figure class=\"aligncenter size-large is-resized\"><img loading=\"lazy\" decoding=\"async\" width=\"1024\" height=\"150\" src=\"https:\/\/www.lazioinnova.it\/laziointernational\/app\/uploads\/2025\/02\/COESIONE-Versione-positiva-fondo-trasparente-2048x300-1-1024x150.png\" alt=\"Loghi: Coesione Italia 2021-2027, Cofinanziato dall'Unione Europea, Repubblica Italiana, Regione Lazio\" class=\"wp-image-20070\" style=\"aspect-ratio:6.8275336550673105;width:760px;height:auto\" srcset=\"https:\/\/www.lazioinnova.it\/laziointernational\/app\/uploads\/2025\/02\/COESIONE-Versione-positiva-fondo-trasparente-2048x300-1-1024x150.png 1024w, https:\/\/www.lazioinnova.it\/laziointernational\/app\/uploads\/2025\/02\/COESIONE-Versione-positiva-fondo-trasparente-2048x300-1-300x44.png 300w, https:\/\/www.lazioinnova.it\/laziointernational\/app\/uploads\/2025\/02\/COESIONE-Versione-positiva-fondo-trasparente-2048x300-1-768x113.png 768w, https:\/\/www.lazioinnova.it\/laziointernational\/app\/uploads\/2025\/02\/COESIONE-Versione-positiva-fondo-trasparente-2048x300-1-1536x225.png 1536w, https:\/\/www.lazioinnova.it\/laziointernational\/app\/uploads\/2025\/02\/COESIONE-Versione-positiva-fondo-trasparente-2048x300-1.png 2048w\" sizes=\"auto, (max-width: 1024px) 100vw, 1024px\" \/><\/figure>\n<\/div>\n\n\n<p class=\"wp-block-paragraph\">La <strong>Regione Lazio<\/strong>, attraverso il soggetto attuatore <strong>Lazio Innova<\/strong>, nell\u2019ambito delle azioni finalizzate a rafforzare la competitivit\u00e0 internazionale delle imprese regionali e a promuovere i settori ad alta intensit\u00e0 di innovazione, seleziona <strong>n. 6 imprese e startup del Lazio<\/strong> interessate a prendere parte al <strong>Forum Euromediterraneo dell\u2019Acqua 2026 \u2013 6MWF<\/strong>, in programma a <strong>Roma, presso il Centro Congressi La Nuvola, dal 29 settembre al 2 ottobre 2026<\/strong>.<\/p>\n\n\n\n<p class=\"wp-block-paragraph\">La partecipazione regionale si inserisce nella strategia di internazionalizzazione della Regione Lazio finalizzata a valorizzare le competenze del territorio nei settori della <strong>blue economy<\/strong>, delle <strong>tecnologie ambientali<\/strong> e dell\u2019<strong>innovazione applicata alla gestione sostenibile della risorsa acqua<\/strong>, favorendo l\u2019incontro tra imprese, istituzioni, centri di ricerca e stakeholder internazionali.<\/p>\n\n\n\n<p class=\"wp-block-paragraph\">La presenza del Lazio al Forum prevede l\u2019organizzazione di una rappresentanza imprenditoriale regionale all\u2019interno di un\u2019area espositiva istituzionale di circa <strong>50 mq<\/strong>, destinata alla promozione del sistema produttivo laziale e quale spazio di rappresentanza, networking e incontro tra imprese, istituzioni e stakeholder internazionali.<\/p>\n\n\n\n<p class=\"wp-block-paragraph\">La partecipazione delle imprese selezionate sar\u00e0 sostenuta con il contributo del <strong>PR FESR Lazio 2021-2027<\/strong>.<\/p>\n\n\n\n<p class=\"wp-block-paragraph\">Nelle more del completamento dell\u2019iter amministrativo di approvazione dell\u2019intervento, il presente Avviso per manifestazione di interesse si intende <strong>non vincolante<\/strong> per la Regione Lazio e per gli altri soggetti coinvolti, che si riservano, in qualsiasi momento, di poter annullare, qualora le circostanze lo richiedessero, l\u2019organizzazione della partecipazione regionale all\u2019iniziativa in oggetto e\/o di modificarne le caratteristiche e i servizi offerti.<br><\/p>\n\n\n\n<p class=\"wp-block-paragraph\"><strong>PERCH\u00c9 PARTECIPARE<\/strong><\/p>\n\n\n\n<p class=\"wp-block-paragraph\">Il <strong>Forum Euromediterraneo dell\u2019Acqua 2026 \u2013 6MWF<\/strong> rappresenta una nuova piattaforma internazionale di confronto dedicata alla sicurezza idrica nel Mediterraneo, alla cooperazione multilaterale e all\u2019innovazione per una gestione sostenibile della risorsa acqua. L\u2019iniziativa si propone di rafforzare la cooperazione tra i Paesi dell\u2019area MENA e dei Balcani attraverso un percorso multi-stakeholder volto a promuovere politiche condivise, partenariati e soluzioni innovative per la gestione delle risorse idriche, anche in vista del <strong>World Water Forum 2027<\/strong>.<\/p>\n\n\n\n<p class=\"wp-block-paragraph\">Il Forum intende creare uno spazio di dialogo e cooperazione, riaffermando l\u2019idea del <strong>Mediterraneo come \u201cmare che unisce\u201d<\/strong>, con l\u2019obiettivo di promuovere il confronto tra istituzioni, imprese, universit\u00e0, centri di ricerca, organismi multilaterali e stakeholder qualificati impegnati sui temi della sicurezza idrica, della sostenibilit\u00e0 e della blue economy.<\/p>\n\n\n\n<p class=\"wp-block-paragraph\">Al centro dell\u2019agenda del Forum vi saranno temi legati alla governance delle risorse idriche, alla scarsit\u00e0 e all\u2019accesso alla risorsa, alla prevenzione e gestione degli eventi estremi nelle aree urbane, alle acque non convenzionali, alla circolarit\u00e0 e alla sostenibilit\u00e0, nonch\u00e9 alle sfide emergenti connesse allo sviluppo di tecnologie innovative, alla space economy, agli strumenti finanziari e assicurativi legati all\u2019acqua, alla digitalizzazione e all\u2019impiego di strumenti avanzati di monitoraggio e gestione delle risorse idriche.<\/p>\n\n\n\n<p class=\"wp-block-paragraph\">Per il Lazio, la partecipazione al <strong>Forum Euromediterraneo dell\u2019Acqua 2026<\/strong> costituisce un\u2019opportunit\u00e0 strategica per valorizzare il sistema regionale come piattaforma di competenze industriali, tecnologiche e scientifiche nei settori dell\u2019acqua, della sostenibilit\u00e0 e della blue economy, rafforzando la visibilit\u00e0 delle imprese laziali in un contesto internazionale qualificato.<\/p>\n\n\n\n<p class=\"wp-block-paragraph\">La partecipazione delle imprese selezionate \u00e8 finalizzata a sostenere i processi di sviluppo e apertura verso i mercati esteri, promuovendo occasioni di networking, collaborazione industriale e tecnologica, coproduzione, distribuzione e sviluppo commerciale.<br><\/p>\n\n\n\n<p class=\"wp-block-paragraph\"><strong>SERVIZI OFFERTI<\/strong><\/p>\n\n\n\n<p class=\"wp-block-paragraph\">Attraverso la presente <strong>CALL<\/strong> saranno selezionate <strong>n. 6 imprese e startup del Lazio<\/strong> operanti nei settori di riferimento, che avranno a disposizione, nell\u2019ambito della partecipazione regionale al <strong>Forum Euromediterraneo dell\u2019Acqua 2026<\/strong>, i seguenti servizi:<\/p>\n\n\n\n<ul class=\"wp-block-list\">\n<li>assegnazione di un <strong>desk dedicato<\/strong> all\u2019interno dell\u2019area espositiva istituzionale, dotato di punto corrente con multipresa e personalizzazione con logo aziendale;<\/li>\n\n\n\n<li>visibilit\u00e0 all\u2019interno del programma ufficiale, del catalogo dei partner\/sponsor, del sito web della manifestazione e della documentazione finale dell\u2019evento;<\/li>\n\n\n\n<li>registrazione ai lavori del Forum per le aziende selezionate;<\/li>\n\n\n\n<li>possibilit\u00e0 di partecipare alle attivit\u00e0 di networking nazionale e internazionale previste nell\u2019ambito della manifestazione;<\/li>\n\n\n\n<li>accesso alle iniziative collaterali previste dal programma ufficiale, compatibilmente con le modalit\u00e0 organizzative definite dal Forum;<\/li>\n\n\n\n<li>partecipazione alle attivit\u00e0 di community building finalizzate alla valorizzazione del business networking e al consolidamento della Comunit\u00e0 degli Innovatori del Lazio;<\/li>\n\n\n\n<li>eventuali attivit\u00e0 di informazione, assistenza e follow-up a cura di Lazio Innova, finalizzate al monitoraggio dei risultati conseguiti, alla rilevazione della customer satisfaction e alla raccolta di eventuali manifestazioni di interesse emerse durante la manifestazione.<\/li>\n<\/ul>\n\n\n\n<p class=\"wp-block-paragraph\">La partecipazione regionale potr\u00e0 inoltre comprendere la realizzazione di un workshop\/side event nell\u2019ambito del programma del Forum, con utilizzo di una sala per 90 minuti, secondo le modalit\u00e0 che saranno definite con il Comitato Tecnico Scientifico.<\/p>\n\n\n\n<p class=\"wp-block-paragraph\"><br><strong>SETTORI AMMESSI<\/strong><\/p>\n\n\n\n<p class=\"wp-block-paragraph\">La partecipazione \u00e8 rivolta a imprese e startup del Lazio attive nei settori dell\u2019acqua, della sostenibilit\u00e0, della blue economy e dell\u2019innovazione applicata alla gestione delle risorse idriche, con particolare riferimento ai seguenti ambiti:<\/p>\n\n\n\n<ul class=\"wp-block-list\">\n<li>tecnologie per la gestione, il monitoraggio e il trattamento dell\u2019acqua;<\/li>\n\n\n\n<li>digital water, sensoristica, dati, intelligenza artificiale e sistemi di supporto alle decisioni;<\/li>\n\n\n\n<li>riuso, desalinizzazione, efficienza idrica e risparmio della risorsa;<\/li>\n\n\n\n<li>soluzioni per la qualit\u00e0 dell\u2019acqua, PFAS, microplastiche e inquinanti emergenti;<\/li>\n\n\n\n<li>blue economy, ecosistemi costieri, marine restoration e tutela di laghi, fiumi e mare;<\/li>\n\n\n\n<li>space economy e applicazioni satellitari per il monitoraggio idrico e ambientale;<\/li>\n\n\n\n<li>sistemi agroalimentari, industria, turismo e consumi connessi all\u2019impronta idrica.<\/li>\n<\/ul>\n\n\n\n<p class=\"wp-block-paragraph\">Sono inoltre coerenti con l\u2019iniziativa le imprese operanti nei comparti della water security, della governance idrica, delle tecnologie digitali e dell\u2019intelligenza artificiale per l\u2019acqua, del monitoraggio ambientale, delle soluzioni nature-based e della space economy applicata all\u2019acqua.<\/p>\n\n\n\n<p class=\"wp-block-paragraph\"><br><strong>REQUISITI DI AMMISSIBILIT\u00c0 PER LE IMPRESE INVITATE A PARTECIPARE<\/strong><\/p>\n\n\n\n<p class=\"wp-block-paragraph\">L\u2019opportunit\u00e0 di prendere parte alla <strong>Forum Euromediterraneo dell\u2019Acqua 2026<\/strong> &#8211; <strong>6MWF<\/strong> \u00e8 riservata a PMI e startup in possesso dei seguenti requisiti:<\/p>\n\n\n\n<ul class=\"wp-block-list\">\n<li>sede legale e\/o operativa nella Regione Lazio;<\/li>\n\n\n\n<li>coerenza dell\u2019attivit\u00e0 dell\u2019azienda con il settore o i settori economici cui la manifestazione \u00e8 rivolta;<\/li>\n\n\n\n<li>essere regolarmente iscritti nel Registro delle Imprese della C.C.I.A.A. competente per territorio;<\/li>\n\n\n\n<li>essere MPMI, come classificate nell\u2019Allegato I del Regolamento (UE) n. 651\/2014, in forma singola o associata in Consorzi, Societ\u00e0 Consortili o Reti di imprese con personalit\u00e0 giuridica (Reti-soggetto), definite ai sensi dei commi 4-ter e 4-quater dell\u2019art. 3 del Decreto-legge n. 5 del 10 febbraio 2009, convertito, con modificazioni, nella Legge n. 33 del 09 aprile 2009 e ss.mm.ii., al momento della presentazione della manifestazione di interesse;<\/li>\n\n\n\n<li>esercitare, in relazione alla sede laziale, un\u2019attivit\u00e0 economica coerente con il settore;<\/li>\n\n\n\n<li>non essere beneficiarie di agevolazioni pubbliche relative alla partecipazione alla manifestazione fieristica in questione n\u00e9 aver presentato domande di agevolazione per partecipare alla medesima manifestazione;<\/li>\n\n\n\n<li>non aver superato, negli ultimi tre anni, l\u2019importo massimo di \u20ac 300.000,00 delle agevolazioni in regime \u201cde minimis\u201d ai sensi del Regolamento (UE) n. 2831 del 13 dicembre 2023 relativo all\u2019applicazione degli articoli 107 e 108 del trattato sul funzionamento dell\u2019Unione Europea agli aiuti \u201cde minimis\u201d;<\/li>\n\n\n\n<li>essere nel pieno e libero esercizio dei propri diritti, attive e non sottoposte n\u00e9 essere state sottoposte, nei cinque anni precedenti, a procedure di liquidazione volontaria, liquidazione coatta, fallimento, concordato preventivo (ad eccezione del concordato preventivo con continuit\u00e0 aziendale) ed ogni altra procedura concorsuale n\u00e9 avere in corso un procedimento per la dichiarazione di una delle suddette situazioni;<\/li>\n\n\n\n<li>possedere capacit\u00e0 di contrarre ovvero non essere state oggetto di sanzione interdittiva o altra sanzione che comporti il divieto di contrarre con la Pubblica amministrazione;<\/li>\n\n\n\n<li>non avere Amministratori e\/o Legali rappresentanti condannati con sentenza passata in giudicato ovvero nei cui confronti sia stato emesso decreto penale di condanna divenuto irrevocabile o sentenza di applicazione della pena su richiesta, ai sensi dell\u2019art. 444 c.p.p., per reati gravi in danno dello Stato o della Comunit\u00e0 che incidono sulla moralit\u00e0 professionale (\u00e8 comunque causa di esclusione la condanna, con sentenza passata in giudicato, per reati di partecipazione ad un\u2019organizzazione criminale, corruzione, frode, riciclaggio);<\/li>\n\n\n\n<li>non avere Amministratori e\/o Legali rappresentanti che si siano resi colpevoli di false dichiarazioni nei rapporti con la Pubblica amministrazione;<\/li>\n\n\n\n<li>essere in regola con il versamento dei contributi previdenziali e assistenziali, accertabile mediante acquisizione del DURC, ovvero non essere soggetti agli obblighi in materia di regolarit\u00e0 contributiva e, quindi, non essere tenuti all\u2019iscrizione presso alcun Ente previdenziale o assistenziale.<\/li>\n<\/ul>\n\n\n\n<p class=\"wp-block-paragraph\">Il possesso dei requisiti \u00e8 attestato mediante dichiarazioni rese al momento della partecipazione attraverso il modulo di manifestazione di interesse.<\/p>\n\n\n\n<p class=\"wp-block-paragraph\">Tali dichiarazioni potranno essere verificate, cos\u00ec come stabilito dall\u2019art. 71 comma 1 del D.P.R. 445 del 28.12.2000, come modificato dall\u2019art. 264 del D.L. 19 maggio 2020 n. 34, con applicazione, nel caso di dichiarazioni mendaci, della decadenza dai benefici e delle sanzioni penali, rispettivamente previste dagli artt. 75 e 76 del medesimo D.P.R., come da ultimo rese pi\u00f9 severe per effetto del citato articolo 264.<\/p>\n\n\n\n<p class=\"wp-block-paragraph\"><br><strong>MODALIT\u00c0 DI PRESENTAZIONE DELLA DOMANDA DI PARTECIPAZIONE<\/strong><\/p>\n\n\n\n<p class=\"wp-block-paragraph\">Le aziende interessate a partecipare alla collettiva regionale dovranno effettuare i seguenti adempimenti entro e non oltre <strong>le ore 10.00 di gioved\u00ec 17 settembre 2026<\/strong>, pena la non ammissibilit\u00e0 della domanda:<\/p>\n\n\n\n<ul class=\"wp-block-list\">\n<li>compilare il Form di registrazione al link: <br><a href=\"https:\/\/www.lazioinnova.it\/laziointernational\/partecipazione-forum-euromediterraneo-acqua-2026\/\" target=\"_blank\" rel=\"noreferrer noopener\">www.lazioinnova.it\/laziointernational\/partecipazione-forum-euromediterraneo-acqua-2026\/<\/a><\/li>\n\n\n\n<li>compilare il modulo di Manifestazione di interesse, disponibile al medesimo link, firmarlo digitalmente o in maniera olografica \u2014 in tal caso allegando copia di un documento valido di identit\u00e0 \u2014 e trasmetterlo via PEC all&#8217;indirizzo: <strong>internazionalizzazione@pec.lazioinnova.it<\/strong>, indicando nell\u2019oggetto della PEC la dicitura: \u201c<strong>Forum Euromediterraneo dell\u2019Acqua 2026<\/strong> &#8211; <strong>6MWF\u201d<\/strong>.<\/li>\n<\/ul>\n\n\n\n<p class=\"wp-block-paragraph\"><br><strong>SELEZIONE<\/strong><\/p>\n\n\n\n<p class=\"wp-block-paragraph\">La selezione avverr\u00e0 a cura di un <strong>Nucleo di Valutazione<\/strong> composto da:<\/p>\n\n\n\n<ul class=\"wp-block-list\">\n<li>un rappresentante di Regione Lazio<\/li>\n\n\n\n<li>un rappresentante di Lazio Innova \u2013 Ufficio Internazionalizzazione<\/li>\n\n\n\n<li>un rappresentante di Lazio Innova &#8211; Ufficio Cluster<\/li>\n<\/ul>\n\n\n\n<p class=\"wp-block-paragraph\"><br><strong>CRITERI DI SELEZIONE E COMUNICAZIONE DI AMMISSIONE<\/strong><\/p>\n\n\n\n<p class=\"wp-block-paragraph\">Le Startup e PMI risultate ammissibili saranno valutate sulla base di una griglia di criteri di selezione:<\/p>\n\n\n\n<p class=\"wp-block-paragraph\"><strong>1. Innovazione e Tecnologia \u2013 n. 40 punti<\/strong><br>Capacit\u00e0 di sviluppare soluzioni tecnologiche avanzate e innovative nei settori di riferimento, con particolare attenzione a tecnologie per la gestione, il monitoraggio e il trattamento dell\u2019acqua, digital water, sensoristica, dati, intelligenza artificiale, sistemi di supporto alle decisioni e applicazioni satellitari per il monitoraggio idrico e ambientale.<\/p>\n\n\n\n<p class=\"wp-block-paragraph\"><strong>2. Sostenibilit\u00e0 Ambientale \u2013 n. 30 punti<\/strong><br>Impegno dell\u2019azienda verso pratiche, prodotti o servizi sostenibili finalizzati alla gestione efficiente della risorsa idrica, al riuso, alla desalinizzazione, alla qualit\u00e0 dell\u2019acqua, alla riduzione degli inquinanti emergenti, alla tutela degli ecosistemi costieri, di laghi, fiumi e mare, e allo sviluppo di soluzioni nature-based.<\/p>\n\n\n\n<p class=\"wp-block-paragraph\"><strong>3. Potenziale di Internazionalizzazione \u2013 n. 30 punti<\/strong><br>Capacit\u00e0 di espandersi e competere sui mercati internazionali, con riferimento alla presenza di una strategia di internazionalizzazione, esperienza pregressa in mercati esteri, partecipazione a fiere o eventi internazionali, collaborazioni con partner esteri e potenziale di sviluppo commerciale in contesti euromediterranei e internazionali.<\/p>\n\n\n\n<p class=\"wp-block-paragraph\">L\u2019impresa ricever\u00e0 un punteggio relativamente a ciascuno dei criteri sopra riportati; il punteggio complessivo sar\u00e0 calcolato sommando i punteggi ottenuti su ciascun criterio. Saranno selezionate le <strong>6 imprese e startup<\/strong> che riceveranno il punteggio complessivo pi\u00f9 alto.<\/p>\n\n\n\n<p class=\"wp-block-paragraph\"><strong><u>In caso di parit\u00e0 di punteggio<\/u><\/strong>, la graduatoria sar\u00e0 redatta sulla base dell\u2019ordine cronologico di arrivo della PEC di candidatura, preceduta in ogni caso dalla compilazione del modulo\/form di registrazione online di Manifestazione di interesse.<\/p>\n\n\n\n<p class=\"wp-block-paragraph\">A seguito dello svolgimento del processo di selezione:<\/p>\n\n\n\n<ul class=\"wp-block-list\">\n<li>tutti i soggetti che hanno sottoposto la candidatura riceveranno una comunicazione via PEC -all\u2019indirizzo PEC indicato in sede di presentazione della manifestazione di interesse circa l\u2019ammissione o meno all\u2019iniziativa in oggetto;&nbsp;<\/li>\n\n\n\n<li>i soggetti ammessi dovranno, entro il termine indicato nella suddetta comunicazione, provvedere a comunicare via PEC <strong><u>la loro adesione definitiva ovvero la loro rinuncia<\/u><\/strong>. A seguito dell\u2019accettazione, l\u2019azienda sar\u00e0 tenuta a partecipare all\u2019iniziativa;&nbsp;<\/li>\n\n\n\n<li>in caso di rinuncia di uno o pi\u00f9 dei soggetti ammessi, si proceder\u00e0 a selezionare gli ulteriori soggetti risultati idonei, nel rispetto della graduatoria redatta dal Nucleo di Valutazione.\u202f&nbsp;<\/li>\n<\/ul>\n\n\n\n<p class=\"wp-block-paragraph\"><br><strong>CONDIZIONI DI ESCLUSIONE<\/strong><\/p>\n\n\n\n<p class=\"wp-block-paragraph\">Sono escluse dalla partecipazione le imprese che hanno gi\u00e0 acquistato il biglietto d\u2019ingresso autonomamente e le imprese morose nei confronti degli organizzatori per somme relative a precedenti manifestazioni, ovvero morose nei confronti di altri organismi in collaborazione con i quali gli organizzatori promuovono le iniziative.<\/p>\n\n\n\n<p class=\"wp-block-paragraph\">l mancato rispetto dei termini comporter\u00e0 l\u2019esclusione dell\u2019azienda. La mancata partecipazione potr\u00e0 essere causa di esclusione, ad insindacabile giudizio del Nucleo di Valutazione, alle future iniziative organizzate da Regione Lazio e Camera di Commercio di Roma nell\u2019ambito della Convenzione.<\/p>\n\n\n\n<p class=\"wp-block-paragraph\"><br><strong>REGIME DI AIUTO<\/strong><\/p>\n\n\n\n<p class=\"wp-block-paragraph\">Considerata la volont\u00e0 degli Enti Promotori di venire incontro alle esigenze delle imprese selezionate, la partecipazione alla manifestazione \u00e8 gratuita, fermo restando che rimangono a carico delle stesse le spese relative ad ogni ulteriore servizio extra di personalizzazione richiesto dalle imprese medesime. I costi di partecipazione sono sostenuti dagli Enti promotori e tale sostegno alle imprese si configura quale aiuto indiretto, per la partecipazione alle iniziative e manifestazioni promosse dalla Regione Lazio e Camera di Commercio di Roma, e sar\u00e0 concesso nel rispetto delle disposizioni di cui al Regolamento (UE) n. 2831 del 13 dicembre 2023 relativo all\u2019applicazione degli articoli 107 e 108 del trattato sul funzionamento dell\u2019Unione Europea agli aiuti \u201cde minimis\u201d.<\/p>\n\n\n\n<p class=\"wp-block-paragraph\">A seguito dell\u2019obbligo di consultazione preventiva e di implementazione del Registro Nazionale degli Aiuti di Stato, di cui al Regolamento MISE n. 115 del 31 maggio 2017, gli importi relativi alle agevolazioni concesse verranno conseguentemente inseriti nel suddetto Registro, fino ad un importo massimo di Euro 3.750,00 (tremilasettecentocinquanta\/00) + IVA, ad azienda.<\/p>\n\n\n\n<p class=\"wp-block-paragraph\">Come previsto dall\u2019art. 3 par. 7 dello stesso Regolamento, qualora la concessione di nuovi aiuti \u201cde minimis\u201d comporti il superamento dei massimali previsti, nessuna delle nuove misure di aiuto pu\u00f2 beneficiare del Regolamento. L\u2019importo massimo delle agevolazioni in regime \u201cde minimis\u201d che possono essere concesse ad un\u2019unica impresa nell\u2019arco di tre anni e senza che ci\u00f2 possa incidere sugli scambi tra gli Stati membri e da non falsare o minacciare di falsare la concorrenza, \u00e8 pari a \u20ac 300.000,00.<\/p>\n\n\n\n<p class=\"wp-block-paragraph\">In caso di superamento delle soglie predette, l\u2019agevolazione suindicata non potr\u00e0 essere concessa, neppure per la parte che non superi detti massimali. Si fa presente che ciascuna impresa pu\u00f2 monitorare l\u2019importo delle agevolazioni in regime \u201cde minimis\u201d di cui ha beneficiato a far data dal 12 agosto 2017, sul sito del Registro Nazionale degli Aiuti di Stato nella sezione Trasparenza al link:<br><a href=\"https:\/\/www.rna.gov.it\/RegistroNazionaleTrasparenza\/faces\/pages\/TrasparenzaAiuto.jspx.\">https:\/\/www.rna.gov.it\/RegistroNazionaleTrasparenza\/faces\/pages\/TrasparenzaAiuto.jspx.<\/a><\/p>\n\n\n\n<p class=\"wp-block-paragraph\"><strong>PRIVACY<\/strong><\/p>\n\n\n\n<p class=\"wp-block-paragraph\">I dati forniti saranno trattati dagli organizzatori in osservanza di quanto disposto dal Regolamento UE 679\/2016 sulla protezione dei dati personali.<\/p>\n\n\n\n<p class=\"wp-block-paragraph\">Per informazioni rivolgersi a:<\/p>\n\n\n\n<ul class=\"wp-block-list\">\n<li><strong>Regione Lazio<\/strong><br><strong>Lazio Innova S.p.A.<\/strong> <br>Area Internazionalizzazione &amp; Cluster <br>e-mail: <a href=\"mailto:internazionalizzazione@lazioinnova.it\" target=\"_blank\" rel=\"noreferrer noopener\">internazionalizzazione@lazioinnova.it<\/a> &#8211; Tel. 06.60.51.60<\/li>\n<\/ul>\n\n\n\n<p class=\"wp-block-paragraph\">Tutta la modulistica \u00e8 consultabile e scaricabile su <br><a href=\"https:\/\/www.lazioinnova.it\/laziointernational\" target=\"_blank\" rel=\"noreferrer noopener\">www.lazioinnova.it\/laziointernational<\/a><br><a href=\"https:\/\/www.lazioeuropa.it\/\" target=\"_blank\" rel=\"noreferrer noopener\">www.lazioeuropa.it<\/a><br><br><br><\/p>\n\n\n\n<p class=\"wp-block-paragraph\"><\/p>\n","protected":false},"excerpt":{"rendered":"<p>Selezione di 6 imprese del Lazio dei settori blue economy, tecnologie ambientali e  gestione sostenibile dell&#8217;Acqua. Candidature entro le ore 10.00 del 17 settembre<\/p>\n","protected":false},"author":12,"featured_media":23884,"comment_status":"closed","ping_status":"open","sticky":false,"template":"","format":"standard","meta":{"_acf_changed":false,"ghostkit_customizer_options":"","ghostkit_custom_css":"","ghostkit_custom_js_head":"","ghostkit_custom_js_foot":"","ghostkit_typography":"","footnotes":""},"categories":[45,2,269],"tags":[227,59,77,1143,1113,72,89,287],"class_list":["post-23863","post","type-post","status-publish","format-standard","has-post-thumbnail","hentry","category-bandi-e-finanziamenti","category-fiere-e-iniziative-internazionali","category-network","tag-blue-economy","tag-energia-rinnovabile","tag-lazio-innova","tag-onewater","tag-pr-fesr-lazio-2021-2027-2","tag-regione-lazio","tag-sostenibilita","tag-space-economy"],"acf":{"homepage_image":""},"yoast_head":"<!-- This site is optimized with the Yoast SEO plugin v28.1 - https:\/\/yoast.com\/product\/yoast-seo-wordpress\/ -->\n<title>Manifestazione di interesse per il Forum Euromediterraneo dell\u2019Acqua 2026 - Lazio International - Lazio Innova<\/title>\n<meta name=\"description\" content=\"Selezione di 6 imprese del Lazio dei settori blue economy, tecnologie ambientali e gestione sostenibile dell&#039;Acqua. Candidature entro le ore 10.00 del 17 settembre\" \/>\n<meta name=\"robots\" content=\"index, follow, max-snippet:-1, max-image-preview:large, max-video-preview:-1\" \/>\n<link rel=\"canonical\" href=\"https:\/\/www.lazioinnova.it\/laziointernational\/2026\/09\/04\/manifestazione-di-interesse-per-il-forum-euromediterraneo-dellacqua-2026\/\" \/>\n<meta property=\"og:locale\" content=\"it_IT\" \/>\n<meta property=\"og:type\" content=\"article\" \/>\n<meta property=\"og:title\" content=\"Manifestazione di interesse per il Forum Euromediterraneo dell\u2019Acqua 2026 - Lazio International - Lazio Innova\" \/>\n<meta property=\"og:description\" content=\"Selezione di 6 imprese del Lazio dei settori blue economy, tecnologie ambientali e gestione sostenibile dell&#039;Acqua. Candidature entro le ore 10.00 del 17 settembre\" \/>\n<meta property=\"og:url\" content=\"https:\/\/www.lazioinnova.it\/laziointernational\/2026\/09\/04\/manifestazione-di-interesse-per-il-forum-euromediterraneo-dellacqua-2026\/\" \/>\n<meta property=\"og:site_name\" content=\"Lazio International - Lazio Innova\" \/>\n<meta property=\"article:published_time\" content=\"2026-09-04T13:13:00+00:00\" \/>\n<meta property=\"article:modified_time\" content=\"2026-09-04T15:22:19+00:00\" \/>\n<meta property=\"og:image\" content=\"https:\/\/www.lazioinnova.it\/laziointernational\/app\/uploads\/2026\/09\/logo-mwf26-def.png\" \/>\n\t<meta property=\"og:image:width\" content=\"777\" \/>\n\t<meta property=\"og:image:height\" content=\"437\" \/>\n\t<meta property=\"og:image:type\" content=\"image\/png\" \/>\n<meta name=\"author\" content=\"Donatella Piccione\" \/>\n<meta name=\"twitter:card\" content=\"summary_large_image\" \/>\n<meta name=\"twitter:label1\" content=\"Scritto da\" \/>\n\t<meta name=\"twitter:data1\" content=\"Donatella Piccione\" \/>\n\t<meta name=\"twitter:label2\" content=\"Tempo di lettura stimato\" \/>\n\t<meta name=\"twitter:data2\" content=\"13 minuti\" \/>\n<script type=\"application\/ld+json\" class=\"yoast-schema-graph\">{\"@context\":\"https:\\\/\\\/schema.org\",\"@graph\":[{\"@type\":\"Article\",\"@id\":\"https:\\\/\\\/www.lazioinnova.it\\\/laziointernational\\\/2026\\\/09\\\/04\\\/manifestazione-di-interesse-per-il-forum-euromediterraneo-dellacqua-2026\\\/#article\",\"isPartOf\":{\"@id\":\"https:\\\/\\\/www.lazioinnova.it\\\/laziointernational\\\/2026\\\/09\\\/04\\\/manifestazione-di-interesse-per-il-forum-euromediterraneo-dellacqua-2026\\\/\"},\"author\":{\"name\":\"Donatella Piccione\",\"@id\":\"https:\\\/\\\/www.lazioinnova.it\\\/laziointernational\\\/#\\\/schema\\\/person\\\/564e7ecfadf603a28e3631d0406f3f4d\"},\"headline\":\"Manifestazione di interesse per il Forum Euromediterraneo dell\u2019Acqua 2026\",\"datePublished\":\"2026-09-04T13:13:00+00:00\",\"dateModified\":\"2026-09-04T15:22:19+00:00\",\"mainEntityOfPage\":{\"@id\":\"https:\\\/\\\/www.lazioinnova.it\\\/laziointernational\\\/2026\\\/09\\\/04\\\/manifestazione-di-interesse-per-il-forum-euromediterraneo-dellacqua-2026\\\/\"},\"wordCount\":2354,\"image\":{\"@id\":\"https:\\\/\\\/www.lazioinnova.it\\\/laziointernational\\\/2026\\\/09\\\/04\\\/manifestazione-di-interesse-per-il-forum-euromediterraneo-dellacqua-2026\\\/#primaryimage\"},\"thumbnailUrl\":\"https:\\\/\\\/www.lazioinnova.it\\\/laziointernational\\\/app\\\/uploads\\\/2026\\\/09\\\/logo-mwf26-def.png\",\"keywords\":[\"Blue economy\",\"Energia rinnovabile\",\"Lazio Innova\",\"onewater\",\"PR FESR Lazio 2021\\\/2027\",\"Regione Lazio\",\"Sostenibilit\u00e0\",\"Space Economy\"],\"articleSection\":[\"Bandi e Finanziamenti\",\"Fiere e Iniziative Internazionali\",\"Network\"],\"inLanguage\":\"it-IT\"},{\"@type\":\"WebPage\",\"@id\":\"https:\\\/\\\/www.lazioinnova.it\\\/laziointernational\\\/2026\\\/09\\\/04\\\/manifestazione-di-interesse-per-il-forum-euromediterraneo-dellacqua-2026\\\/\",\"url\":\"https:\\\/\\\/www.lazioinnova.it\\\/laziointernational\\\/2026\\\/09\\\/04\\\/manifestazione-di-interesse-per-il-forum-euromediterraneo-dellacqua-2026\\\/\",\"name\":\"Manifestazione di interesse per il Forum Euromediterraneo dell\u2019Acqua 2026 - Lazio International - Lazio Innova\",\"isPartOf\":{\"@id\":\"https:\\\/\\\/www.lazioinnova.it\\\/laziointernational\\\/#website\"},\"primaryImageOfPage\":{\"@id\":\"https:\\\/\\\/www.lazioinnova.it\\\/laziointernational\\\/2026\\\/09\\\/04\\\/manifestazione-di-interesse-per-il-forum-euromediterraneo-dellacqua-2026\\\/#primaryimage\"},\"image\":{\"@id\":\"https:\\\/\\\/www.lazioinnova.it\\\/laziointernational\\\/2026\\\/09\\\/04\\\/manifestazione-di-interesse-per-il-forum-euromediterraneo-dellacqua-2026\\\/#primaryimage\"},\"thumbnailUrl\":\"https:\\\/\\\/www.lazioinnova.it\\\/laziointernational\\\/app\\\/uploads\\\/2026\\\/09\\\/logo-mwf26-def.png\",\"datePublished\":\"2026-09-04T13:13:00+00:00\",\"dateModified\":\"2026-09-04T15:22:19+00:00\",\"author\":{\"@id\":\"https:\\\/\\\/www.lazioinnova.it\\\/laziointernational\\\/#\\\/schema\\\/person\\\/564e7ecfadf603a28e3631d0406f3f4d\"},\"description\":\"Selezione di 6 imprese del Lazio dei settori blue economy, tecnologie ambientali e gestione sostenibile dell'Acqua. Candidature entro le ore 10.00 del 17 settembre\",\"breadcrumb\":{\"@id\":\"https:\\\/\\\/www.lazioinnova.it\\\/laziointernational\\\/2026\\\/09\\\/04\\\/manifestazione-di-interesse-per-il-forum-euromediterraneo-dellacqua-2026\\\/#breadcrumb\"},\"inLanguage\":\"it-IT\",\"potentialAction\":[{\"@type\":\"ReadAction\",\"target\":[\"https:\\\/\\\/www.lazioinnova.it\\\/laziointernational\\\/2026\\\/09\\\/04\\\/manifestazione-di-interesse-per-il-forum-euromediterraneo-dellacqua-2026\\\/\"]}]},{\"@type\":\"ImageObject\",\"inLanguage\":\"it-IT\",\"@id\":\"https:\\\/\\\/www.lazioinnova.it\\\/laziointernational\\\/2026\\\/09\\\/04\\\/manifestazione-di-interesse-per-il-forum-euromediterraneo-dellacqua-2026\\\/#primaryimage\",\"url\":\"https:\\\/\\\/www.lazioinnova.it\\\/laziointernational\\\/app\\\/uploads\\\/2026\\\/09\\\/logo-mwf26-def.png\",\"contentUrl\":\"https:\\\/\\\/www.lazioinnova.it\\\/laziointernational\\\/app\\\/uploads\\\/2026\\\/09\\\/logo-mwf26-def.png\",\"width\":777,\"height\":437,\"caption\":\"Euromediterranean Water Forum - 6MWF Roma 2026\"},{\"@type\":\"BreadcrumbList\",\"@id\":\"https:\\\/\\\/www.lazioinnova.it\\\/laziointernational\\\/2026\\\/09\\\/04\\\/manifestazione-di-interesse-per-il-forum-euromediterraneo-dellacqua-2026\\\/#breadcrumb\",\"itemListElement\":[{\"@type\":\"ListItem\",\"position\":1,\"name\":\"Home\",\"item\":\"https:\\\/\\\/www.lazioinnova.it\\\/laziointernational\\\/\"},{\"@type\":\"ListItem\",\"position\":2,\"name\":\"Manifestazione di interesse per il Forum Euromediterraneo dell\u2019Acqua 2026\"}]},{\"@type\":\"WebSite\",\"@id\":\"https:\\\/\\\/www.lazioinnova.it\\\/laziointernational\\\/#website\",\"url\":\"https:\\\/\\\/www.lazioinnova.it\\\/laziointernational\\\/\",\"name\":\"Lazio International - Lazio Innova\",\"description\":\"Lazio Innova\",\"potentialAction\":[{\"@type\":\"SearchAction\",\"target\":{\"@type\":\"EntryPoint\",\"urlTemplate\":\"https:\\\/\\\/www.lazioinnova.it\\\/laziointernational\\\/?s={search_term_string}\"},\"query-input\":{\"@type\":\"PropertyValueSpecification\",\"valueRequired\":true,\"valueName\":\"search_term_string\"}}],\"inLanguage\":\"it-IT\"},{\"@type\":\"Person\",\"@id\":\"https:\\\/\\\/www.lazioinnova.it\\\/laziointernational\\\/#\\\/schema\\\/person\\\/564e7ecfadf603a28e3631d0406f3f4d\",\"name\":\"Donatella Piccione\",\"image\":{\"@type\":\"ImageObject\",\"inLanguage\":\"it-IT\",\"@id\":\"https:\\\/\\\/secure.gravatar.com\\\/avatar\\\/0f76b687cd05de56d9e2d0d9664dd1e5f4ed63c3408d6921e6b6d8a8b4cd2ff9?s=96&d=mm&r=g\",\"url\":\"https:\\\/\\\/secure.gravatar.com\\\/avatar\\\/0f76b687cd05de56d9e2d0d9664dd1e5f4ed63c3408d6921e6b6d8a8b4cd2ff9?s=96&d=mm&r=g\",\"contentUrl\":\"https:\\\/\\\/secure.gravatar.com\\\/avatar\\\/0f76b687cd05de56d9e2d0d9664dd1e5f4ed63c3408d6921e6b6d8a8b4cd2ff9?s=96&d=mm&r=g\",\"caption\":\"Donatella Piccione\"},\"url\":\"https:\\\/\\\/www.lazioinnova.it\\\/laziointernational\\\/author\\\/d-piccione\\\/\"}]}<\/script>\n<!-- \/ Yoast SEO plugin. -->","yoast_head_json":{"title":"Manifestazione di interesse per il Forum Euromediterraneo dell\u2019Acqua 2026 - Lazio International - Lazio Innova","description":"Selezione di 6 imprese del Lazio dei settori blue economy, tecnologie ambientali e gestione sostenibile dell'Acqua. Candidature entro le ore 10.00 del 17 settembre","robots":{"index":"index","follow":"follow","max-snippet":"max-snippet:-1","max-image-preview":"max-image-preview:large","max-video-preview":"max-video-preview:-1"},"canonical":"https:\/\/www.lazioinnova.it\/laziointernational\/2026\/09\/04\/manifestazione-di-interesse-per-il-forum-euromediterraneo-dellacqua-2026\/","og_locale":"it_IT","og_type":"article","og_title":"Manifestazione di interesse per il Forum Euromediterraneo dell\u2019Acqua 2026 - Lazio International - Lazio Innova","og_description":"Selezione di 6 imprese del Lazio dei settori blue economy, tecnologie ambientali e gestione sostenibile dell'Acqua. Candidature entro le ore 10.00 del 17 settembre","og_url":"https:\/\/www.lazioinnova.it\/laziointernational\/2026\/09\/04\/manifestazione-di-interesse-per-il-forum-euromediterraneo-dellacqua-2026\/","og_site_name":"Lazio International - Lazio Innova","article_published_time":"2026-09-04T13:13:00+00:00","article_modified_time":"2026-09-04T15:22:19+00:00","og_image":[{"width":777,"height":437,"url":"https:\/\/www.lazioinnova.it\/laziointernational\/app\/uploads\/2026\/09\/logo-mwf26-def.png","type":"image\/png"}],"author":"Donatella Piccione","twitter_card":"summary_large_image","twitter_misc":{"Scritto da":"Donatella Piccione","Tempo di lettura stimato":"13 minuti"},"schema":{"@context":"https:\/\/schema.org","@graph":[{"@type":"Article","@id":"https:\/\/www.lazioinnova.it\/laziointernational\/2026\/09\/04\/manifestazione-di-interesse-per-il-forum-euromediterraneo-dellacqua-2026\/#article","isPartOf":{"@id":"https:\/\/www.lazioinnova.it\/laziointernational\/2026\/09\/04\/manifestazione-di-interesse-per-il-forum-euromediterraneo-dellacqua-2026\/"},"author":{"name":"Donatella Piccione","@id":"https:\/\/www.lazioinnova.it\/laziointernational\/#\/schema\/person\/564e7ecfadf603a28e3631d0406f3f4d"},"headline":"Manifestazione di interesse per il Forum Euromediterraneo dell\u2019Acqua 2026","datePublished":"2026-09-04T13:13:00+00:00","dateModified":"2026-09-04T15:22:19+00:00","mainEntityOfPage":{"@id":"https:\/\/www.lazioinnova.it\/laziointernational\/2026\/09\/04\/manifestazione-di-interesse-per-il-forum-euromediterraneo-dellacqua-2026\/"},"wordCount":2354,"image":{"@id":"https:\/\/www.lazioinnova.it\/laziointernational\/2026\/09\/04\/manifestazione-di-interesse-per-il-forum-euromediterraneo-dellacqua-2026\/#primaryimage"},"thumbnailUrl":"https:\/\/www.lazioinnova.it\/laziointernational\/app\/uploads\/2026\/09\/logo-mwf26-def.png","keywords":["Blue economy","Energia rinnovabile","Lazio Innova","onewater","PR FESR Lazio 2021\/2027","Regione Lazio","Sostenibilit\u00e0","Space Economy"],"articleSection":["Bandi e Finanziamenti","Fiere e Iniziative Internazionali","Network"],"inLanguage":"it-IT"},{"@type":"WebPage","@id":"https:\/\/www.lazioinnova.it\/laziointernational\/2026\/09\/04\/manifestazione-di-interesse-per-il-forum-euromediterraneo-dellacqua-2026\/","url":"https:\/\/www.lazioinnova.it\/laziointernational\/2026\/09\/04\/manifestazione-di-interesse-per-il-forum-euromediterraneo-dellacqua-2026\/","name":"Manifestazione di interesse per il Forum Euromediterraneo dell\u2019Acqua 2026 - Lazio International - Lazio Innova","isPartOf":{"@id":"https:\/\/www.lazioinnova.it\/laziointernational\/#website"},"primaryImageOfPage":{"@id":"https:\/\/www.lazioinnova.it\/laziointernational\/2026\/09\/04\/manifestazione-di-interesse-per-il-forum-euromediterraneo-dellacqua-2026\/#primaryimage"},"image":{"@id":"https:\/\/www.lazioinnova.it\/laziointernational\/2026\/09\/04\/manifestazione-di-interesse-per-il-forum-euromediterraneo-dellacqua-2026\/#primaryimage"},"thumbnailUrl":"https:\/\/www.lazioinnova.it\/laziointernational\/app\/uploads\/2026\/09\/logo-mwf26-def.png","datePublished":"2026-09-04T13:13:00+00:00","dateModified":"2026-09-04T15:22:19+00:00","author":{"@id":"https:\/\/www.lazioinnova.it\/laziointernational\/#\/schema\/person\/564e7ecfadf603a28e3631d0406f3f4d"},"description":"Selezione di 6 imprese del Lazio dei settori blue economy, tecnologie ambientali e gestione sostenibile dell'Acqua. Candidature entro le ore 10.00 del 17 settembre","breadcrumb":{"@id":"https:\/\/www.lazioinnova.it\/laziointernational\/2026\/09\/04\/manifestazione-di-interesse-per-il-forum-euromediterraneo-dellacqua-2026\/#breadcrumb"},"inLanguage":"it-IT","potentialAction":[{"@type":"ReadAction","target":["https:\/\/www.lazioinnova.it\/laziointernational\/2026\/09\/04\/manifestazione-di-interesse-per-il-forum-euromediterraneo-dellacqua-2026\/"]}]},{"@type":"ImageObject","inLanguage":"it-IT","@id":"https:\/\/www.lazioinnova.it\/laziointernational\/2026\/09\/04\/manifestazione-di-interesse-per-il-forum-euromediterraneo-dellacqua-2026\/#primaryimage","url":"https:\/\/www.lazioinnova.it\/laziointernational\/app\/uploads\/2026\/09\/logo-mwf26-def.png","contentUrl":"https:\/\/www.lazioinnova.it\/laziointernational\/app\/uploads\/2026\/09\/logo-mwf26-def.png","width":777,"height":437,"caption":"Euromediterranean Water Forum - 6MWF Roma 2026"},{"@type":"BreadcrumbList","@id":"https:\/\/www.lazioinnova.it\/laziointernational\/2026\/09\/04\/manifestazione-di-interesse-per-il-forum-euromediterraneo-dellacqua-2026\/#breadcrumb","itemListElement":[{"@type":"ListItem","position":1,"name":"Home","item":"https:\/\/www.lazioinnova.it\/laziointernational\/"},{"@type":"ListItem","position":2,"name":"Manifestazione di interesse per il Forum Euromediterraneo dell\u2019Acqua 2026"}]},{"@type":"WebSite","@id":"https:\/\/www.lazioinnova.it\/laziointernational\/#website","url":"https:\/\/www.lazioinnova.it\/laziointernational\/","name":"Lazio International - Lazio Innova","description":"Lazio Innova","potentialAction":[{"@type":"SearchAction","target":{"@type":"EntryPoint","urlTemplate":"https:\/\/www.lazioinnova.it\/laziointernational\/?s={search_term_string}"},"query-input":{"@type":"PropertyValueSpecification","valueRequired":true,"valueName":"search_term_string"}}],"inLanguage":"it-IT"},{"@type":"Person","@id":"https:\/\/www.lazioinnova.it\/laziointernational\/#\/schema\/person\/564e7ecfadf603a28e3631d0406f3f4d","name":"Donatella Piccione","image":{"@type":"ImageObject","inLanguage":"it-IT","@id":"https:\/\/secure.gravatar.com\/avatar\/0f76b687cd05de56d9e2d0d9664dd1e5f4ed63c3408d6921e6b6d8a8b4cd2ff9?s=96&d=mm&r=g","url":"https:\/\/secure.gravatar.com\/avatar\/0f76b687cd05de56d9e2d0d9664dd1e5f4ed63c3408d6921e6b6d8a8b4cd2ff9?s=96&d=mm&r=g","contentUrl":"https:\/\/secure.gravatar.com\/avatar\/0f76b687cd05de56d9e2d0d9664dd1e5f4ed63c3408d6921e6b6d8a8b4cd2ff9?s=96&d=mm&r=g","caption":"Donatella Piccione"},"url":"https:\/\/www.lazioinnova.it\/laziointernational\/author\/d-piccione\/"}]}},"featured_image_src":"https:\/\/www.lazioinnova.it\/laziointernational\/app\/uploads\/2026\/09\/logo-mwf26-def-600x400.png","featured_image_src_square":"https:\/\/www.lazioinnova.it\/laziointernational\/app\/uploads\/2026\/09\/logo-mwf26-def-600x437.png","author_info":{"display_name":"Donatella Piccione","author_link":"https:\/\/www.lazioinnova.it\/laziointernational\/author\/d-piccione\/"},"homepage_image":"","_links":{"self":[{"href":"https:\/\/www.lazioinnova.it\/laziointernational\/wp-json\/wp\/v2\/posts\/23863","targetHints":{"allow":["GET"]}}],"collection":[{"href":"https:\/\/www.lazioinnova.it\/laziointernational\/wp-json\/wp\/v2\/posts"}],"about":[{"href":"https:\/\/www.lazioinnova.it\/laziointernational\/wp-json\/wp\/v2\/types\/post"}],"author":[{"embeddable":true,"href":"https:\/\/www.lazioinnova.it\/laziointernational\/wp-json\/wp\/v2\/users\/12"}],"replies":[{"embeddable":true,"href":"https:\/\/www.lazioinnova.it\/laziointernational\/wp-json\/wp\/v2\/comments?post=23863"}],"version-history":[{"count":7,"href":"https:\/\/www.lazioinnova.it\/laziointernational\/wp-json\/wp\/v2\/posts\/23863\/revisions"}],"predecessor-version":[{"id":23877,"href":"https:\/\/www.lazioinnova.it\/laziointernational\/wp-json\/wp\/v2\/posts\/23863\/revisions\/23877"}],"wp:featuredmedia":[{"embeddable":true,"href":"https:\/\/www.lazioinnova.it\/laziointernational\/wp-json\/wp\/v2\/media\/23884"}],"wp:attachment":[{"href":"https:\/\/www.lazioinnova.it\/laziointernational\/wp-json\/wp\/v2\/media?parent=23863"}],"wp:term":[{"taxonomy":"category","embeddable":true,"href":"https:\/\/www.lazioinnova.it\/laziointernational\/wp-json\/wp\/v2\/categories?post=23863"},{"taxonomy":"post_tag","embeddable":true,"href":"https:\/\/www.lazioinnova.it\/laziointernational\/wp-json\/wp\/v2\/tags?post=23863"}],"curies":[{"name":"wp","href":"https:\/\/api.w.org\/{rel}","templated":true}]}}