{"id":285,"date":"2010-03-17T11:16:06","date_gmt":"2010-03-17T10:16:06","guid":{"rendered":"http:\/\/www.laziointernational.it\/2010\/03\/17\/il-caffe-dellinternazionalizzazione-933\/"},"modified":"2010-03-17T11:16:06","modified_gmt":"2010-03-17T10:16:06","slug":"il-caffe-dellinternazionalizzazione-933","status":"publish","type":"post","link":"https:\/\/www.lazioinnova.it\/laziointernational\/2010\/03\/17\/il-caffe-dellinternazionalizzazione-933\/","title":{"rendered":"Il Caff\u00e8 dell\u2019Internazionalizzazione"},"content":{"rendered":"<p class=\"date\"><img decoding=\"async\" src=\"\/files\/stories\/caffeinternzionalizzazione2010.jpg\" alt=\"caffe internzionalizzazione 2010\" style=\"float: left; margin-right: 4px;\" \/>Roma, <em>Spazio Informale<\/em> &#8211; Via dei Cerchi, 75<\/p>\n<p class=\"date\">20 dicembre 2010\u00a0&#8211; h.18<\/p>\n<p><span class=\"riferimento_rosso\">Le economie emergenti dell\u2019Estremo Oriente. <em>Nuovi orizzonti per il sistema produttivo del Lazio<\/em><\/span><\/p>\n<p><em>Dalla Rete al Teatro d\u2019Impresa<\/em>, una serie di appuntamenti per mettere in scena spunti di internazionalizzazione e idee imprenditoriali: un luogo per incontrarsi, due ore per parlare di <strong>paesi esteri e opportunit\u00e0 internazionali<\/strong>, un foro di discussione per mettere in scena idee e contenuti in tema di internazionalizzazione, un progetto per <strong>fare rete<\/strong>.<\/p>\n<p>\u00a0<\/p>\n<p>\u00a0<\/p>\n<p>Il Caff\u00e8 dell\u2019Internazionalizzazione \u00e8 un\u2019iniziativa promossa dalla Regione Lazio, attraverso Sviluppo Lazio, nell&#8217;ambito delle politiche regionali per lo sviluppo dell&#8217;internazionalizzazione e si inserisce tra gli strumenti a supporto delle PMI del Lazio come evoluzione di <a target=\"_blank\" href=\"http:\/\/internetwork.sprintlazio.it\" title=\"internetwork\">Internetwork<\/a>, il business network dedicato alle aggregazioni di imprese dove, ad oggi, oltre\u00a0200 tra Imprese, Associazioni, Consorzi e Istituzioni, dialogano via Web.<\/p>\n<p>\u00a0<\/p>\n<p>Attraverso gli appuntamenti mensili de Il Caff\u00e8 dell\u2019Internazionalizzazione gli operatori economici del territorio possono\u00a0 valutare opportunit\u00e0 imprenditoriali, condividere esperienze e definire programmi di internazionalizzazione tra reti di imprese, in un contesto informale dove le testimonianze aziendali ed i contributi degli esperti vengono trasmessi al pubblico anche attraverso\u00a0 performance di teatro d\u2019impresa.<\/p>\n<p>\u00a0<\/p>\n<p>Presso lo &#8220;<em>Spazio Informale<\/em>&#8221; di <a target=\"_blank\" href=\"http:\/\/maps.google.it\/maps?hl=it&amp;q=roma+via+dei+cerchi+75&amp;ie=UTF8&amp;hq=&amp;hnear=Via+dei+Cerchi,+75,+00186+Roma,+Lazio&amp;gl=it&amp;ei=cFWnS7GfMYqL4QbB2aSPAw&amp;ved=0CAcQ8gEwAA&amp;ll=41.887487,12.486649&amp;spn=0.017284,0.033002&amp;z=15\" title=\"location incontri caffe internazionalizzazionalizzazione\">Via dei Cerchi 75 &#8211; Roma<\/a>, si svolgeranno gli incontri dedicati a temi specifici che riguardano settori e\/o paesi esteri <strong>a partire dal 15 aprile dalle 18,00 alle 20,30.<\/strong><\/p>\n<p>Calendario incontri 2010: 15 aprile &#8211;\u00a020 maggio &#8211; 17 giugno &#8211; 8 luglio &#8211;\u00a028 ottobre &#8211; 20 dicembre<\/p>\n<h4>\u00a0<\/h4>\n<p style=\"text-align: center;\" class=\"riferimento_rosso\"><strong>Incontri:\u00a0dal 15 aprile al\u00a020 dicembre\u00a02010<\/strong><\/p>\n<h5 style=\"text-align: center;\" class=\"riferimento_rosso\"><em>clicca sulla scheda per i dettagli<\/em><\/h5>\n<p>\u00a0<\/p>\n<p class=\"small\">{tab=I.15 APRILE}<\/p>\n<p class=\"riferimento_rosso\"><strong>I.\u00a0<\/strong>Cina, le frontiere di sviluppo del Sistema Lazio<\/p>\n<table border=\"0\" class=\"moduletable2\">\n<tbody>\n<tr valign=\"top\">\n<td>\n<p>\u00a0<\/p>\n<h5><em>PROGRAMMA<\/em><\/h5>\n<p>Ore 18.00 &#8211; Registrazione<br \/>Ore 18.30 &#8211; Indirizzo di saluto<\/p>\n<p><strong>Pierpaola D\u2019Alessandro<\/strong>, <em>Direttore Affari Industriali di Sviluppo Lazio<\/em><\/p>\n<p>Ore 18.40 &#8211; Gli aspetti economico-sociali del mercato cinese<\/p>\n<p><strong>Romeo Orlandi<\/strong>, <em>Vice Presidente dell\u2019Osservatorio Asia<\/em><\/p>\n<p>Ore 19.00 &#8211; Presentazione del progetto &#8220;Luci Architettura Musica&#8221;, mercato urbano cinese e opportunit\u00e0 di presenza Expo 2010, Shanghai<\/p>\n<p><strong>Giulio Lamanda<\/strong>, <em>Coordinatore del progetto LAM<\/em><\/p>\n<p>Ore 19.20 \u2013 Dialogo di musiche ed architetture: rappresentazione per suoni e immagini preparata da LAM<\/p>\n<p>\u00a0<\/p>\n<p>Ore 19.30 \u2013 Teatro d\u2019Impresa<\/p>\n<p>A seguire &#8211; Cocktail<\/p>\n<\/td>\n<\/tr>\n<\/tbody>\n<\/table>\n<p class=\"small\">{tab=II.20 MAGGIO}<\/p>\n<p class=\"riferimento_rosso\"><strong>II. <\/strong>Lazio, cuore animato d&#8217;Italia<\/p>\n<div sizset=\"1\" sizcache=\"4\">\n<table border=\"0\" class=\"moduletable2\">\n<tbody>\n<tr valign=\"top\">\n<td>\n<p>\u00a0<\/p>\n<h5><em>PROGRAMMA<\/em><\/h5>\n<p>Ore 18.00 &#8211; Registrazione<\/p>\n<p>Indirizzi di saluto<\/p>\n<p><strong>Pierpaola D\u2019Alessandro<\/strong>, <em>Direttore Affari Industriali di Sviluppo Lazio<\/em><\/p>\n<p><strong>Gabriele Valli<\/strong>, <em>Presidente Associazione Informale<\/em><\/p>\n<p>\u00a0<\/p>\n<p>Intervengono<\/p>\n<p><strong>Emanuela Marrocco<\/strong>, <em>Presidente Citt\u00e0 dell\u2019Animazione e dei contenuti digitali<\/em><\/p>\n<p>Il progetto di filiera della Citt\u00e0 dell&#8217;Animazione e le azioni di internazionalizzazione verso i mercati emergenti<\/p>\n<p><strong>Francesco D\u2019Ausilio<\/strong>, <em>Presidente Cartoon Lazio<\/em><\/p>\n<p>Industria dell\u2019entertainment digitale<\/p>\n<p><strong>Davide D\u2019Atri<\/strong>, <em>Direttore Beatpick.com<\/em><\/p>\n<p>Sistemi aperti di tutela della Propriet\u00e0 Intellettuale per lo sviluppo del mercato dei Contenuti<\/p>\n<p>\u00a0<\/p>\n<p>Improvvisazione e\u00a0Teatro d\u2019Impresa<\/p>\n<p>A seguire &#8211; Cocktail<em>\u00a0<\/em>\u00a0<\/p>\n<\/td>\n<\/tr>\n<\/tbody>\n<\/table>\n<\/div>\n<p class=\"small\">{tab=III.17 GIUGNO}<\/p>\n<p class=\"riferimento_rosso\">III. Giovani imprenditori nel Mediterraneo<\/p>\n<div sizset=\"2\" sizcache=\"4\">\n<table border=\"0\" class=\"moduletable2\">\n<tbody>\n<tr valign=\"top\">\n<td>\n<p><em>\u00a0<\/em><\/p>\n<p>Il terzo\u00a0 appuntamento, organizzato in collaborazione con il Gruppo Giovani Imprenditori dell\u2019Unione degli Industriali e delle Imprese di Roma e i Giovani Imprenditori di Confindustria Lazio, \u00e8 dedicato alla presentazione delle iniziative legate al binomio <strong>Mediterraneo-Imprenditoria giovanile<\/strong>. In particolare,\u00a0del <strong>rapporto tra i giovani imprenditori del Lazio ed i mercati esteri<\/strong>, dei finanziamenti e progetti che riguardano la sponda Sud del <em>Mare Nostrum<\/em> e dell\u2019esperienza del Progetto MAME YE, il <em>Network internazionale dedicato al Mediterraneo<\/em>.<\/p>\n<p>\u00a0<\/p>\n<p><em><strong>PROGRAMMA<\/strong><\/em><\/p>\n<p><em>\u00a0<\/em><\/p>\n<p>Ore 18.00 &#8211; Registrazione<\/p>\n<p>Ore 18.15 &#8211; Indirizzo di saluto di <strong>Pierpaola D\u2019Alessandro<\/strong>, <em>Direttore Affari Industriali di Sviluppo Lazio<\/em><\/p>\n<p>\u00a0<\/p>\n<p><strong>Stefano Commini<\/strong>, <em>Presidente Giovani Imprenditori Confindustria Lazio<\/em><br \/>&#8211; I giovani imprenditori del Lazio e i mercati esteri: interessi, settori, esperienze e l\u2019interesse per il Mediterraneo<\/p>\n<p>\u00a0<\/p>\n<p><strong>Intermezzo di improvvisazione<\/strong> a cura di <strong>Gabriele Valli<\/strong><em>, Presidente Associazione Informale<\/em><\/p>\n<p>\u00a0<\/p>\n<p><strong>Simone Santi<\/strong>, <em>Responsabile del gruppo Africa e Mediterraneo del Comitato Rapporti Internazionali dei Giovani Imprenditori di Confindustria e Vice Presidente del Gruppo Giovani Imprenditori dell\u2019Unione degli Industriali e delle imprese di Roma<\/em> <br \/>&#8211; Il MaMe YE network, le esperienze degli imprenditori nel Mediterraneo: errori da non ripetere e opportunit\u00e0 da cogliere<\/p>\n<p>\u00a0<\/p>\n<p><strong>Intrattenimento<\/strong> con lezione di sofrologia sulla gestione dello stress<\/p>\n<p>\u00a0<\/p>\n<p><strong>Valerio di Tommaso<\/strong>, <em>Esperto di Finanza Straordinaria<\/em><\/p>\n<p>&#8211; Finanziamenti e progetti sul Mediterraneo in scadenza: Invest in Med, Enpi Cross Board, CHEDE-MED<\/p>\n<p>\u00a0<\/p>\n<p>A seguire &#8211; Cocktail<\/p>\n<\/td>\n<\/tr>\n<\/tbody>\n<\/table>\n<\/div>\n<p class=\"small\">{tab=IV.8 LUGLIO}<\/p>\n<p class=\"riferimento_rosso\">IV. L&#8217;Internazionalizzazione consapevole<\/p>\n<div sizset=\"3\" sizcache=\"4\">\n<table border=\"0\" class=\"moduletable2\">\n<tbody>\n<tr valign=\"top\">\n<td>\n<h5>Percorsi aziendali di formazione, expertise d\u2019eccellenza e stage tecnici:<br \/>le opportunit\u00e0 per strutturare l\u2019azienda per l\u2019Estero<\/h5>\n<p>\u00a0<\/p>\n<p>Il quarto appuntamento \u00e8 dedicato alle opportunit\u00e0 offerte alle PMI del Lazio per misurare il livello di internazionalizzazione della propria azienda e individuare strategie e modalit\u00e0 di organizzazione imprenditoriale ad oggi imprescindibili per un posizionamento di successo sui mercati esteri:\u00a0si parla\u00a0delle funzioni aziendali indispensabili per affrontare l\u2019estero\u00a0e si lavora per riconoscere e scoprire il valore della <strong>comunicazione<\/strong>, della <strong>formazione<\/strong>, dell\u2019<strong>export manager<\/strong>, dell\u2019<strong>esperienza<\/strong> e del <strong>know-how<\/strong> per realizzare progetti imprenditoriali di internazionalizzazione vincenti.\u00a0<\/p>\n<p>Durante l\u2019incontro sono anche presentati i lavori degli imprenditori che hanno partecipato al percorso formativo del <a href=\"progetti\/multisettore\/comunicare-leccellenza-2010\">progetto \u201cComunicare l\u2019Eccellenza\u201d<\/a>, una iniziativa realizzata in collaborazione con la Facolt\u00e0 di Scienze della Comunicazione dell\u2019Universit\u00e0 di Roma La Sapienza, volta a fornire supporto e assistenza alle\u00a0PMI nella <strong>riqualificazione organizzativa e culturale<\/strong> richiesta dai processi di internazionalizzazione.<\/p>\n<p>\u00a0<\/p>\n<p><em><strong>PROGRAMMA<\/strong><\/em><\/p>\n<p><em>\u00a0<\/em><\/p>\n<p>Ore 18.00 Registrazione<\/p>\n<p>\u00a0<\/p>\n<p><strong>Introduce <\/strong><em>Pierpaola D\u2019Alessandro<\/em>, Direttore Affari Industriali di Sviluppo Lazio<\/p>\n<p>\u00a0<\/p>\n<p><strong>&#8220;Reti d\u2019impresa, reti d&#8217;eccellenza. Il Lazio nel passaggio al futuro&#8221;<\/strong>, proiezione del filmato realizzato nell\u2019ambito del progetto &#8220;Comunicare l\u2019Eccellenza&#8221;,\u00a0iniziativa di formazione\u00a0realizzata in collaborazione con la Facolt\u00e0 di Scienze della Comunicazione, Sapienza Universit\u00e0 di Roma<\/p>\n<p>\u00a0<\/p>\n<p><strong>Affrontare i mercati internazionali: con quali competenze?<\/strong><br \/><em>Luigi Ferrelli<\/em>, Dirigente Area Formazione manageriale, Istituto nazionale per il Commercio Estero<\/p>\n<p>\u00a0<\/p>\n<p><strong>Comunicare l\u2019impresa nell\u2019era del social networking<\/strong><br \/><em>Stefano Epifani<\/em>, Docente di Tecnologie della Comunicazione applicate all\u2019impresa,\u00a0Sapienza Universit\u00e0 di Roma<\/p>\n<p>\u00a0<\/p>\n<p><strong>Testimonianza di due aziende<\/strong> che hanno partecipato al percorso formativo &#8220;Comunicare l\u2019Eccellenza&#8221;<\/p>\n<p>\u00a0<\/p>\n<p><strong>Nuove sfide della comunicazione. Commento conclusivo<\/strong><br \/><em>Mario Morcellini<\/em>, Preside della Facolt\u00e0 di Scienze della Comunicazione \u2013\u00a0Sapienza Universit\u00e0 di Roma<\/p>\n<p>\u00a0<\/p>\n<p><strong>Performance\u00a0di improvvisazione e Teatro d\u2019Impresa<\/strong> a cura di <em>Gabriele Valli<\/em>, Presidente Associazione Informale e della compagnia &#8220;Gli Appiccicaticci&#8221;<\/p>\n<p>\u00a0<\/p>\n<p>A seguire &#8211; Cocktail<\/p>\n<\/td>\n<\/tr>\n<\/tbody>\n<\/table>\n<\/div>\n<p class=\"small\">{tab=V.28 OTTOBRE}<\/p>\n<p class=\"riferimento_rosso\">V. Design industriale e economia della creativit\u00e0: fare rete sui mercati internazionali<\/p>\n<div sizset=\"4\" sizcache=\"4\">\n<table border=\"0\" class=\"moduletable2\">\n<tbody>\n<tr valign=\"top\">\n<td>\n<p>L&#8217;appuntamento \u00e8 dedicato al Design Industriale quale elemento distintivo dei prodotti <em>Made in Italy \u2013 Made in Lazio<\/em> sui mercati internazionali: attraverso i contributi provenienti dal mondo accademico ed i racconti di esperienze imprenditoriali sar\u00e0 condotta un&#8217;indagine sulla funzione dell&#8217;<em>intangibile<\/em> quale elemento che distingue le produzioni d&#8217;eccellenza del Lazio e quale valore per l&#8217;affermazione sui mercati esteri.<\/p>\n<p>\u00a0<\/p>\n<p><em><strong>PROGRAMMA<\/strong><\/em><\/p>\n<p><em>\u00a0<\/em><\/p>\n<p>Ore 18.00 Registrazione<\/p>\n<p>\u00a0<\/p>\n<p>Introducono<\/p>\n<p><strong>Enrica Bagnolini<\/strong>, Responsabile Internazionalizzazione e Estero di Sviluppo Lazio SpA<\/p>\n<p><strong>Antonino Paris<\/strong>, Professore ordinario Disegno industriale, Sapienza Universit\u00e0 di Roma e Direttore Scientifico Consiglio Italiano del Design del MiBac<\/p>\n<p>Testimonianze<br \/><strong>Ceramica Catalano Srl<\/strong><br \/>&#8220;Il design come valore aggiunto per competere sui mercati internazionali&#8221;<\/p>\n<p>\u00a0<\/p>\n<p><strong>Inarea Strategic Design Srl<br \/><\/strong>&#8220;Brand identity e mercati internazionali&#8221;<\/p>\n<p>\u00a0<\/p>\n<p><strong>Braindconceptdesign Srl<\/strong><br \/>&#8220;Material and design: case study di una politica di internazionalizzazione&#8221;<\/p>\n<p>\u00a0<\/p>\n<p><strong>Performance di improvvisazione e Teatro d\u2019Impresa<\/strong> a cura di Gabriele Valli<\/p>\n<p>\u00a0<\/p>\n<p>Conclude <strong>Carlo Martino<\/strong>, Professore di Disegno industriale, Sapienza Universit\u00e0 di Roma<\/p>\n<p>\u00a0<\/p>\n<p>A seguire \u2013 Cocktail<\/p>\n<\/td>\n<\/tr>\n<\/tbody>\n<\/table>\n<\/div>\n<p class=\"small\">{tab=VI.20 DICEMBRE}<\/p>\n<p class=\"riferimento_rosso\">VI. Le economie emergenti dell\u2019Estremo Oriente<\/p>\n<div sizset=\"5\" sizcache=\"4\">\n<table border=\"0\" class=\"moduletable2\">\n<tbody>\n<tr valign=\"top\">\n<td>\n<h5><em>Nuovi orizzonti per il sistema produttivo del Lazio<\/em><\/h5>\n<p>\u00a0<\/p>\n<p>Letture in stile <em>teatro d\u2019impresa<\/em> faranno da cornice all\u2019intervento del <em>Professore Romeo Orlandi<\/em>, Vice Presidente dell\u2019Osservatorio Asia, che trattater\u00e0 i temi legati alle nuove economie asiatiche, in particolare <strong>Corea del Sud, Malesia, Thailandia, Vietnam<\/strong> e alle loro performance di crescita.\u00a0<\/p>\n<p><em>L\u2019incontro sar\u00e0 anche l\u2019occasione per scambiare gli <br \/>auguri di Buone Feste e di un 2011 di successi imprenditoriali<\/em><\/p>\n<p>\u00a0<\/p>\n<p>\u00a0\u00a0<\/p>\n<p><em><strong>PROGRAMMA<\/strong><\/em><\/p>\n<p>Ore 18.00 &#8211; Registrazione<\/p>\n<p><em>A seguire<\/em><\/p>\n<p>&#8211;\u00a0Presentazione dell\u2019analisi &#8220;Le economie emergenti dell\u2019Estremo Oriente&#8221;<\/p>\n<p>&#8211; Teatro d&#8217;impresa<\/p>\n<p>&#8211; Cocktail con brindisi di Natale<\/p>\n<\/td>\n<\/tr>\n<\/tbody>\n<\/table>\n<\/div>\n<p class=\"small\">{\/tabs}<\/p>\n<p>\u00a0<\/p>\n<p class=\"riferimento_rosso\">APPROFONDIMENTO<\/p>\n<p>\u00a0<\/p>\n<p>{slide=TEATRO D&#8217;IMPRESA\u00a0e IMPROVVISAZIONE TEATRALE}<\/p>\n<p>\u00a0<\/p>\n<h5>TEATRO D&#8217;IMPRESA<\/h5>\n<p>Nato in Quebec negli anni &#8217;80 (Th\u00e8atre \u00e0 la carte) e poi diffusosi rapidamente in Europa e negli Stati Uniti, il Teatro d&#8217;Impresa o Teatro Azienda (Business theatre secondo la terminologia anglosassone) ha fatto la sua apparizione in Italia verso la fine degli anni &#8217;90, suscitando immediatamente l&#8217;interesse del mondo della formazione, anche grazie alla facilit\u00e0 con cui \u00e8 possibile affiancarlo a percorsi formativi pi\u00f9 tradizionali.<\/p>\n<p>Il Teatro d&#8217;Impresa \u00e8 utilizzato soprattutto nell&#8217;approfondimento delle cos\u00ec dette competenze trasversali (soft skills) \u2013 management, comunicazione, team building etc. \u2013 ovvero su aspetti specifici della vita aziendale, come l&#8217;innovazione, l&#8217;internazionalizzazione, l&#8217;ambiente, l&#8217;intercultura etc..<\/p>\n<p>Il Teatro d&#8217;Impresa consente inoltre di personalizzare proposte di formazione o animazione aziendale, trasmettendo messaggi formativi di forte impatto con uno stile leggero, ironico e coinvolgente, superando le difese individuali che i metodi di formazione tradizionali possono a volte suscitare, creando un livello di coinvolgimento che supera la sfera cognitiva, facendo leva sulla sfera emotiva dei partecipanti.<\/p>\n<p>\u00a0<\/p>\n<h5>IMPROVVISAZIONE TEATRALE<\/h5>\n<p>L&#8217;improvvisazione teatrale rappresenta una via di mezzo fra il Teatro su misura, dove il pubblico \u00e8 semplice spettatore, e il Teatro attivo che prevede una partecipazione maggiore.<br \/>Viene scelta questa metodologia d&#8217;improvvisazione teatrale quando si intende coinvolgere i partecipanti nella scrittura di un canovaccio, redatto dopo un&#8217;analisi in azienda volta a mettere a fuoco i temi di intervento. I canovacci sono brevi copioni di massima, contenenti solo delle indicazioni in base alle quali poi gli attori professionisti metteranno in scena rappresentazioni teatrali improvvisate di breve durata seguendo anche le reazioni e i suggerimenti del pubblico. Al termine si passa alla fase di discussione, di confronto e di approfondimento di gruppo.<\/p>\n<p>{\/slide}<\/p>\n<p>\u00a0<\/p>\n<p>\u00a0<\/p>\n<p class=\"info_titolo\">INFORMAZIONI<\/p>\n<h5>SprintLazio c\/o Sviluppo Lazio SpA &#8211; <em>Internazionalizzazione e Estero<\/em><\/h5>\n<p>Tel +39 06.84568.266\/367 &#8211; Fax +39 06.84568.217<\/p>\n<p>E-mail: <a href=\"mailto:sprintlazio@agenziasviluppolazio.it\">sprintlazio@agenziasviluppolazio.it<\/a><\/p>\n<p>\u00a0<\/p>\n","protected":false},"excerpt":{"rendered":"<p>Roma, Spazio Informale &#8211; Via dei Cerchi, 75<br \/>\n20 dicembre 2010\u00a0&#8211; h.18<br \/>\nLe economie emergenti dell\u2019Estremo Oriente. Nuovi orizzonti per il sistema produttivo del Lazio<br \/>\nDalla Rete al Teatro d\u2019Impresa, una serie di appuntamenti per mettere in scena spunti di internazionalizzazione e idee imprenditoriali: un luogo per incontrarsi, due ore per parlare di paesi esteri e opportunit\u00e0 internazionali, un foro di discussione per mettere in scena idee e contenuti in tema di internazionalizzazione, un progetto per fare rete.<\/p>\n","protected":false},"author":1,"featured_media":0,"comment_status":"closed","ping_status":"closed","sticky":false,"template":"","format":"standard","meta":{"_acf_changed":false,"ghostkit_customizer_options":"","ghostkit_custom_css":"","ghostkit_custom_js_head":"","ghostkit_custom_js_foot":"","ghostkit_typography":"","footnotes":""},"categories":[2],"tags":[18],"class_list":["post-285","post","type-post","status-publish","format-standard","hentry","category-fiere-e-iniziative-internazionali","tag-appuntamenti"],"acf":{"homepage_image":null},"yoast_head":"<!-- This site is optimized with the Yoast SEO plugin v24.2 - https:\/\/yoast.com\/wordpress\/plugins\/seo\/ -->\n<title>Il Caff\u00e8 dell\u2019Internazionalizzazione - Lazio International - Lazio Innova<\/title>\n<meta name=\"robots\" content=\"index, follow, max-snippet:-1, max-image-preview:large, max-video-preview:-1\" \/>\n<link rel=\"canonical\" href=\"https:\/\/www.lazioinnova.it\/laziointernational\/2010\/03\/17\/il-caffe-dellinternazionalizzazione-933\/\" \/>\n<meta property=\"og:locale\" content=\"it_IT\" \/>\n<meta property=\"og:type\" content=\"article\" \/>\n<meta property=\"og:title\" content=\"Il Caff\u00e8 dell\u2019Internazionalizzazione - Lazio International - Lazio Innova\" \/>\n<meta property=\"og:description\" content=\"Roma, Spazio Informale - Via dei Cerchi, 75 20 dicembre 2010\u00a0- h.18 Le economie emergenti dell\u2019Estremo Oriente. Nuovi orizzonti per il sistema produttivo del Lazio Dalla Rete al Teatro d\u2019Impresa, una serie di appuntamenti per mettere in scena spunti di internazionalizzazione e idee imprenditoriali: un luogo per incontrarsi, due ore per parlare di paesi esteri e opportunit\u00e0 internazionali, un foro di discussione per mettere in scena idee e contenuti in tema di internazionalizzazione, un progetto per fare rete.\" \/>\n<meta property=\"og:url\" content=\"https:\/\/www.lazioinnova.it\/laziointernational\/2010\/03\/17\/il-caffe-dellinternazionalizzazione-933\/\" \/>\n<meta property=\"og:site_name\" content=\"Lazio International - Lazio Innova\" \/>\n<meta property=\"article:published_time\" content=\"2010-03-17T10:16:06+00:00\" \/>\n<meta name=\"author\" content=\"admin\" \/>\n<meta name=\"twitter:card\" content=\"summary_large_image\" \/>\n<meta name=\"twitter:label1\" content=\"Scritto da\" \/>\n\t<meta name=\"twitter:data1\" content=\"admin\" \/>\n\t<meta name=\"twitter:label2\" content=\"Tempo di lettura stimato\" \/>\n\t<meta name=\"twitter:data2\" content=\"8 minuti\" \/>\n<script type=\"application\/ld+json\" class=\"yoast-schema-graph\">{\"@context\":\"https:\/\/schema.org\",\"@graph\":[{\"@type\":\"WebPage\",\"@id\":\"https:\/\/www.lazioinnova.it\/laziointernational\/2010\/03\/17\/il-caffe-dellinternazionalizzazione-933\/\",\"url\":\"https:\/\/www.lazioinnova.it\/laziointernational\/2010\/03\/17\/il-caffe-dellinternazionalizzazione-933\/\",\"name\":\"Il Caff\u00e8 dell\u2019Internazionalizzazione - Lazio International - Lazio Innova\",\"isPartOf\":{\"@id\":\"https:\/\/www.lazioinnova.it\/laziointernational\/#website\"},\"datePublished\":\"2010-03-17T10:16:06+00:00\",\"dateModified\":\"2010-03-17T10:16:06+00:00\",\"author\":{\"@id\":\"https:\/\/www.lazioinnova.it\/laziointernational\/#\/schema\/person\/06ba1706377e84a989f9f274331c7d10\"},\"breadcrumb\":{\"@id\":\"https:\/\/www.lazioinnova.it\/laziointernational\/2010\/03\/17\/il-caffe-dellinternazionalizzazione-933\/#breadcrumb\"},\"inLanguage\":\"it-IT\",\"potentialAction\":[{\"@type\":\"ReadAction\",\"target\":[\"https:\/\/www.lazioinnova.it\/laziointernational\/2010\/03\/17\/il-caffe-dellinternazionalizzazione-933\/\"]}]},{\"@type\":\"BreadcrumbList\",\"@id\":\"https:\/\/www.lazioinnova.it\/laziointernational\/2010\/03\/17\/il-caffe-dellinternazionalizzazione-933\/#breadcrumb\",\"itemListElement\":[{\"@type\":\"ListItem\",\"position\":1,\"name\":\"Home\",\"item\":\"https:\/\/www.lazioinnova.it\/laziointernational\/\"},{\"@type\":\"ListItem\",\"position\":2,\"name\":\"Il Caff\u00e8 dell\u2019Internazionalizzazione\"}]},{\"@type\":\"WebSite\",\"@id\":\"https:\/\/www.lazioinnova.it\/laziointernational\/#website\",\"url\":\"https:\/\/www.lazioinnova.it\/laziointernational\/\",\"name\":\"Lazio International - Lazio Innova\",\"description\":\"Lazio Innova\",\"potentialAction\":[{\"@type\":\"SearchAction\",\"target\":{\"@type\":\"EntryPoint\",\"urlTemplate\":\"https:\/\/www.lazioinnova.it\/laziointernational\/?s={search_term_string}\"},\"query-input\":{\"@type\":\"PropertyValueSpecification\",\"valueRequired\":true,\"valueName\":\"search_term_string\"}}],\"inLanguage\":\"it-IT\"},{\"@type\":\"Person\",\"@id\":\"https:\/\/www.lazioinnova.it\/laziointernational\/#\/schema\/person\/06ba1706377e84a989f9f274331c7d10\",\"name\":\"admin\",\"image\":{\"@type\":\"ImageObject\",\"inLanguage\":\"it-IT\",\"@id\":\"https:\/\/www.lazioinnova.it\/laziointernational\/#\/schema\/person\/image\/\",\"url\":\"https:\/\/secure.gravatar.com\/avatar\/336d582af371d335bff2670ac6c0a13c?s=96&d=mm&r=g\",\"contentUrl\":\"https:\/\/secure.gravatar.com\/avatar\/336d582af371d335bff2670ac6c0a13c?s=96&d=mm&r=g\",\"caption\":\"admin\"},\"sameAs\":[\"http:\/\/www.laziointernational.it\/wp\"],\"url\":\"https:\/\/www.lazioinnova.it\/laziointernational\/author\/admin\/\"}]}<\/script>\n<!-- \/ Yoast SEO plugin. -->","yoast_head_json":{"title":"Il Caff\u00e8 dell\u2019Internazionalizzazione - Lazio International - Lazio Innova","robots":{"index":"index","follow":"follow","max-snippet":"max-snippet:-1","max-image-preview":"max-image-preview:large","max-video-preview":"max-video-preview:-1"},"canonical":"https:\/\/www.lazioinnova.it\/laziointernational\/2010\/03\/17\/il-caffe-dellinternazionalizzazione-933\/","og_locale":"it_IT","og_type":"article","og_title":"Il Caff\u00e8 dell\u2019Internazionalizzazione - Lazio International - Lazio Innova","og_description":"Roma, Spazio Informale - Via dei Cerchi, 75 20 dicembre 2010\u00a0- h.18 Le economie emergenti dell\u2019Estremo Oriente. Nuovi orizzonti per il sistema produttivo del Lazio Dalla Rete al Teatro d\u2019Impresa, una serie di appuntamenti per mettere in scena spunti di internazionalizzazione e idee imprenditoriali: un luogo per incontrarsi, due ore per parlare di paesi esteri e opportunit\u00e0 internazionali, un foro di discussione per mettere in scena idee e contenuti in tema di internazionalizzazione, un progetto per fare rete.","og_url":"https:\/\/www.lazioinnova.it\/laziointernational\/2010\/03\/17\/il-caffe-dellinternazionalizzazione-933\/","og_site_name":"Lazio International - Lazio Innova","article_published_time":"2010-03-17T10:16:06+00:00","author":"admin","twitter_card":"summary_large_image","twitter_misc":{"Scritto da":"admin","Tempo di lettura stimato":"8 minuti"},"schema":{"@context":"https:\/\/schema.org","@graph":[{"@type":"WebPage","@id":"https:\/\/www.lazioinnova.it\/laziointernational\/2010\/03\/17\/il-caffe-dellinternazionalizzazione-933\/","url":"https:\/\/www.lazioinnova.it\/laziointernational\/2010\/03\/17\/il-caffe-dellinternazionalizzazione-933\/","name":"Il Caff\u00e8 dell\u2019Internazionalizzazione - Lazio International - Lazio Innova","isPartOf":{"@id":"https:\/\/www.lazioinnova.it\/laziointernational\/#website"},"datePublished":"2010-03-17T10:16:06+00:00","dateModified":"2010-03-17T10:16:06+00:00","author":{"@id":"https:\/\/www.lazioinnova.it\/laziointernational\/#\/schema\/person\/06ba1706377e84a989f9f274331c7d10"},"breadcrumb":{"@id":"https:\/\/www.lazioinnova.it\/laziointernational\/2010\/03\/17\/il-caffe-dellinternazionalizzazione-933\/#breadcrumb"},"inLanguage":"it-IT","potentialAction":[{"@type":"ReadAction","target":["https:\/\/www.lazioinnova.it\/laziointernational\/2010\/03\/17\/il-caffe-dellinternazionalizzazione-933\/"]}]},{"@type":"BreadcrumbList","@id":"https:\/\/www.lazioinnova.it\/laziointernational\/2010\/03\/17\/il-caffe-dellinternazionalizzazione-933\/#breadcrumb","itemListElement":[{"@type":"ListItem","position":1,"name":"Home","item":"https:\/\/www.lazioinnova.it\/laziointernational\/"},{"@type":"ListItem","position":2,"name":"Il Caff\u00e8 dell\u2019Internazionalizzazione"}]},{"@type":"WebSite","@id":"https:\/\/www.lazioinnova.it\/laziointernational\/#website","url":"https:\/\/www.lazioinnova.it\/laziointernational\/","name":"Lazio International - Lazio Innova","description":"Lazio Innova","potentialAction":[{"@type":"SearchAction","target":{"@type":"EntryPoint","urlTemplate":"https:\/\/www.lazioinnova.it\/laziointernational\/?s={search_term_string}"},"query-input":{"@type":"PropertyValueSpecification","valueRequired":true,"valueName":"search_term_string"}}],"inLanguage":"it-IT"},{"@type":"Person","@id":"https:\/\/www.lazioinnova.it\/laziointernational\/#\/schema\/person\/06ba1706377e84a989f9f274331c7d10","name":"admin","image":{"@type":"ImageObject","inLanguage":"it-IT","@id":"https:\/\/www.lazioinnova.it\/laziointernational\/#\/schema\/person\/image\/","url":"https:\/\/secure.gravatar.com\/avatar\/336d582af371d335bff2670ac6c0a13c?s=96&d=mm&r=g","contentUrl":"https:\/\/secure.gravatar.com\/avatar\/336d582af371d335bff2670ac6c0a13c?s=96&d=mm&r=g","caption":"admin"},"sameAs":["http:\/\/www.laziointernational.it\/wp"],"url":"https:\/\/www.lazioinnova.it\/laziointernational\/author\/admin\/"}]}},"featured_image_src":null,"featured_image_src_square":null,"author_info":{"display_name":"admin","author_link":"https:\/\/www.lazioinnova.it\/laziointernational\/author\/admin\/"},"homepage_image":"","_links":{"self":[{"href":"https:\/\/www.lazioinnova.it\/laziointernational\/wp-json\/wp\/v2\/posts\/285","targetHints":{"allow":["GET"]}}],"collection":[{"href":"https:\/\/www.lazioinnova.it\/laziointernational\/wp-json\/wp\/v2\/posts"}],"about":[{"href":"https:\/\/www.lazioinnova.it\/laziointernational\/wp-json\/wp\/v2\/types\/post"}],"author":[{"embeddable":true,"href":"https:\/\/www.lazioinnova.it\/laziointernational\/wp-json\/wp\/v2\/users\/1"}],"replies":[{"embeddable":true,"href":"https:\/\/www.lazioinnova.it\/laziointernational\/wp-json\/wp\/v2\/comments?post=285"}],"version-history":[{"count":0,"href":"https:\/\/www.lazioinnova.it\/laziointernational\/wp-json\/wp\/v2\/posts\/285\/revisions"}],"wp:attachment":[{"href":"https:\/\/www.lazioinnova.it\/laziointernational\/wp-json\/wp\/v2\/media?parent=285"}],"wp:term":[{"taxonomy":"category","embeddable":true,"href":"https:\/\/www.lazioinnova.it\/laziointernational\/wp-json\/wp\/v2\/categories?post=285"},{"taxonomy":"post_tag","embeddable":true,"href":"https:\/\/www.lazioinnova.it\/laziointernational\/wp-json\/wp\/v2\/tags?post=285"}],"curies":[{"name":"wp","href":"https:\/\/api.w.org\/{rel}","templated":true}]}}