{"id":5391,"date":"2022-04-21T13:51:12","date_gmt":"2022-04-21T11:51:12","guid":{"rendered":"https:\/\/www.laziointernational.it\/?p=5391"},"modified":"2022-07-24T17:07:56","modified_gmt":"2022-07-24T15:07:56","slug":"manifestazione-di-interesse-per-la-partecipazione-a-roma-travel-show-salone-del-turismo-palazzo-dei-congressi-roma-6-8-maggio-2022","status":"publish","type":"post","link":"https:\/\/www.lazioinnova.it\/laziointernational\/2022\/04\/21\/manifestazione-di-interesse-per-la-partecipazione-a-roma-travel-show-salone-del-turismo-palazzo-dei-congressi-roma-6-8-maggio-2022\/","title":{"rendered":"Manifestazione di interesse per la partecipazione a Roma Travel Show \u2013 Salone del Turismo, Palazzo dei Congressi, Roma 6-8 maggio 2022"},"content":{"rendered":"\n<p>La Regione Lazio, per il tramite del soggetto attuatore Lazio Innova, Unioncamere Lazio e la Camera di Commercio di Roma nell\u2019ambio della partecipazione congiunta a manifestazioni fieristiche e allo scopo di sostenere il tessuto economico regionale, promuovono la presenza al Roma Travel Show \u2013 Salone del Turismo, che si svolger\u00e0 on site dal 6 all\u2019 8 maggio 2022, presso il Palazzo dei Congressi di Roma.<\/p>\n\n\n\n<p>All\u2019interno della manifestazione \u00e8 intenzione degli Enti organizzare uno spazio espositivo per ospitare gratuitamente 24 aziende di settore del Lazio. &nbsp;La partecipazione di 19 queste \u00e8 sostenuta con il contributo del POR FESR Lazio 2014-2020 e PR FESR 2021 \u2013 2027.<\/p>\n\n\n\n<p>L\u2019appuntamento, giunto alla seconda edizione, vuole contribuire alla riscoperta dell\u2019Italia come luogo dove trascorrere le vacanze, promuovendo iniziative ecosostenibili, percorsi enogastronomici, turismo lento e sostenendo ed incentivando la partecipazione degli operatori di questo comparto.<\/p>\n\n\n\n<p><br><strong>Settori merceologici<\/strong><\/p>\n\n\n\n<p>I settori merceologici ammessi sono:<\/p>\n\n\n\n<ol class=\"wp-block-list\" type=\"1\"><li>Agenzie di Viaggio<\/li><li>Tour Operator<\/li><li>alberghi e strutture ricettive<\/li><\/ol>\n\n\n\n<p>L\u2019obiettivo \u00e8 di fornire al viaggiatore un\u2019ampia scelta di proposte di viaggio e, al tempo stesso, offrire una risposta competente e professionale alla richiesta di garanzia, sicurezza ed assistenza, sia per una semplice vacanza che per un viaggio speciale.<\/p>\n\n\n\n<p><br><strong>Spazio espositivo \u00a0<\/strong><\/p>\n\n\n\n<ul class=\"wp-block-list\"><li>stand allestito 3&#215;2 con desk e sgabello, impianto elettrico, brandizzazione desk<\/li><li>n. 1 sgabello<\/li><li>impianto elettrico<\/li><\/ul>\n\n\n\n<p>Gli stand saranno allestiti con materiali che eviteranno qualsiasi tipo di plastica monouso e garantiranno l\u2019utilizzo di materiali riciclabili.<\/p>\n\n\n\n<p><br><strong>Accesso al Palazzo dei Congressi durante la Manifestazione<\/strong><\/p>\n\n\n\n<p>L\u2019accesso alla manifestazione sar\u00e0 consentito in conformit\u00e0 alle disposizioni vigenti per il contrasto ed il contenimento della diffusione del COVID-19.<\/p>\n\n\n\n<p><br><strong>Modalit\u00e0 di presentazione della domanda di partecipazione<\/strong><\/p>\n\n\n\n<p><strong>ISCRIZIONI CHIUSE<\/strong><\/p>\n\n\n\n<p><br><strong>Criteri di ammissibilit\u00e0 generali: \u00a0<\/strong><\/p>\n\n\n\n<ul class=\"wp-block-list\"><li>correttezza dell\u2019iter amministrativo di presentazione della domanda di partecipazione (rispetto delle modalit\u00e0 e dei tempi);<\/li><li>completezza della domanda di partecipazione.<\/li><\/ul>\n\n\n\n<p><br><strong>Requisiti di ammissibilit\u00e0 per le imprese: \u00a0<\/strong><\/p>\n\n\n\n<ul class=\"wp-block-list\"><li>coerenza dell\u2019attivit\u00e0 dell\u2019azienda con il settore o i settori economici cui la manifestazione \u00e8 rivolta;<\/li><li>essere MPMI, come classificate nell\u2019Allegato I del Regolamento (UE) n. 651\/2014, in forma singola o associata in Consorzi, Societ\u00e0 Consortili o Reti di imprese con personalit\u00e0 giuridica (Reti-soggetto), definite ai sensi dei commi 4-ter e 4-quater dell\u2019art. 3 del Decreto Legge n. 5 del 10 Febbraio 2009, convertito, con modificazioni, nella Legge n. 33 del 09 Aprile 2009 e ss.mm.ii., al momento della presentazione della manifestazione di interesse;<\/li><li>essere regolarmente iscritte nel Registro delle Imprese della C.C.I.A.A. competente per territorio e deve essere in regola, al momento della presentazione della manifestazione di interesse o comunque entro i termini di chiusura di presentazione della stessa, con il pagamento del diritto annuale e con la dichiarazione dell\u2019attivit\u00e0 esercitata;<\/li><li>esercitare, in relazione alla sede laziale, un\u2019attivit\u00e0 economica coerente con il settore;<\/li><li>non essere beneficiarie di agevolazioni pubbliche relative alla partecipazione alla manifestazione fieristica in questione n\u00e9 abbiano presentato domande di agevolazione per partecipare alla medesima manifestazione;<\/li><li>essere nel pieno e libero esercizio dei propri diritti, attive e non siano sottoposte n\u00e9 siano state sottoposte, nei cinque anni precedenti, a procedure di liquidazione volontaria, liquidazione coatta, fallimento, concordato preventivo (ad eccezione del concordato preventivo con continuit\u00e0 aziendale) ed ogni altra procedura concorsuale n\u00e9 abbiano in corso un procedimento per la dichiarazione di una delle suddette situazioni;<\/li><li>possedere capacit\u00e0 di contrarre ovvero non siano state oggetto di sanzione interdittiva o altra sanzione che comporti il divieto di contrarre con la Pubblica Amministrazione;<\/li><li>non avere Amministratori e\/o Legali Rappresentanti che siano stati condannati con sentenza passata in giudicato ovvero nei cui confronti sia stato emesso decreto penale di condanna divenuto irrevocabile o sentenza di applicazione della pena su richiesta, ai sensi dell\u2019art. 444 c.p.p., per reati gravi in danno dello Stato o della Comunit\u00e0 che incidono sulla moralit\u00e0 professionale (\u00e8 comunque causa di esclusione la condanna, con sentenza passata in giudicato, per reati di partecipazione ad un\u2019organizzazione criminale, corruzione, frode, riciclaggio);<\/li><li>non avere Amministratori e\/o Legali Rappresentanti che si siano resi colpevoli di false dichiarazioni nei rapporti con la Pubblica Amministrazione.<\/li><\/ul>\n\n\n\n<p><br><strong>Condizioni di esclusione<\/strong><\/p>\n\n\n\n<p>Sono escluse dalla partecipazione le imprese gi\u00e0 presenti alla manifestazione con un proprio stand e le imprese morose nei confronti degli organizzatori per somme relative a precedenti manifestazioni, ovvero morose nei confronti di altri organismi in collaborazione con i quali gli organizzatori promuovono le iniziative.<\/p>\n\n\n\n<p><br><strong>Criteri di selezione e comunicazione di ammissione<\/strong><\/p>\n\n\n\n<p>Gli spazi espositivi saranno assegnati a ciascuna impresa secondo l\u2019ordine cronologico di presentazione della Manifestazione di interesse, trattandosi di procedura a sportello.<\/p>\n\n\n\n<p>Nel caso in cui gli spazi espositivi messi a disposizione dall\u2019Ente organizzatore fossero inferiori alle richieste di partecipazione all\u2019iniziativa da parte delle imprese, si proceder\u00e0 all\u2019ammissione all\u2019evento secondo i seguenti criteri:<\/p>\n\n\n\n<ul class=\"wp-block-list\"><li>attinenza rispetto al prodotto\/servizio oggetto della manifestazione;<\/li><li>distribuzione sul territorio regionale;<\/li><li>copertura dei diversi segmenti di offerta.<\/li><\/ul>\n\n\n\n<p>Saranno selezionate in via prioritaria le imprese che non risultano gi\u00e0 beneficiarie dei Voucher di partecipazione gratuita ai Workshop BtoB del Roma Travel Show 2022, erogati dall\u2019Agenzia Regionale del Turismo.<\/p>\n\n\n\n<p>Le imprese ammesse riceveranno apposita comunicazione riguardo alle modalit\u00e0 di organizzazione e gestione del proprio stand e saranno invitate a confermare la propria partecipazione secondo i termini e le modalit\u00e0 contenute nella stessa. Il mancato rispetto dei termini comporter\u00e0 l\u2019esclusione dell\u2019azienda. La mancata partecipazione senza giustificato motivo potrebbe essere causa di esclusione dell\u2019impresa ad iniziative future organizzate da Regione Lazio, Unioncamere Lazio e Camera di Commercio di Roma.<\/p>\n\n\n\n<p>Si segnala, inoltre, che la suddetta manifestazione di interesse non vincola gli Enti promotori che si riservano, in qualsiasi momento, di poter annullare, qualora le circostanze lo richiedessero, l\u2019organizzazione della collettiva regionale alla Fiera in oggetto.<\/p>\n\n\n\n<p><br><strong>Regime di aiuto \u00a0<\/strong><\/p>\n\n\n\n<p>Considerata a volont\u00e0 degli Enti promotori di venire incontro alle esigenze delle imprese selezionate in collettiva, la partecipazione alla manifestazione \u00e8 gratuita, nel rispetto dei limiti del regime \u201cde minimis\u201d, fermo restando che rimangono a carico delle stesse le spese relative ad ogni ulteriore servizio extra di personalizzazione richiesto dalle imprese medesime.<\/p>\n\n\n\n<p>Il sostegno alle imprese si configura quale aiuto indiretto, per la partecipazione alle iniziative e manifestazioni promosse dalla Regione Lazio e sar\u00e0 concesso nel rispetto delle disposizioni di cui al Regolamento (UE) n.1407\/2013 del 18 dicembre 2013 relativo all\u2019applicazione degli articoli 107 e 108 del trattato sul funzionamento dell\u2019Unione Europea agli aiuti \u201cde minimis\u201d.<\/p>\n\n\n\n<p>A seguito dell\u2019obbligo di consultazione preventiva e di implementazione del Registro Nazionale degli Aiuti di Stato, di cui al Regolamento MISE n. 115 del 31 maggio 2017, gli importi relativi alle agevolazioni concesse verranno conseguentemente inseriti nel suddetto Registro, fino ad un importo massimo di \u20ac 2.562,00 (duemilacinquecentosessantadue\/00 euro) per impresa.<\/p>\n\n\n\n<p>Come previsto dall\u2019art. 3 par. 7 dello stesso Regolamento, qualora la concessione di nuovi aiuti \u201cde minimis\u201d comporti il superamento dei massimali previsti, nessuna delle nuove misure di aiuto pu\u00f2 beneficiare del Regolamento.<\/p>\n\n\n\n<p>L\u2019importo massimo delle agevolazioni in regime \u201cde minimis\u201d che possono essere concesse ad una medesima impresa in un triennio (l\u2019esercizio finanziario in corso e i due precedenti), senza la preventiva notifica ed autorizzazione da parte della Commissione Europea e senza che ci\u00f2 possa pregiudicare le condizioni di concorrenza tra le imprese, \u00e8 pari a \u20ac 200.000,00.<\/p>\n\n\n\n<p>In caso di superamento delle soglie predette, l\u2019agevolazione suindicata non potr\u00e0 essere concessa, neppure per la parte che non superi detti massimali.<\/p>\n\n\n\n<p>Si fa presente che ciascuna impresa pu\u00f2 monitorare l\u2019importo delle agevolazioni in regime \u201cde minimis\u201d di cui ha beneficiato a far data dal 12 agosto 2017, sul sito del Registro Nazionale degli Aiuti di Stato nella sezione Trasparenza al seguente link: <a href=\"https:\/\/eu-central-1.protection.sophos.com?d=rna.gov.it&amp;u=aHR0cHM6Ly93d3cucm5hLmdvdi5pdC9SZWdpc3Ryb05hemlvbmFsZVRyYXNwYXJlbnphL2ZhY2VzL3BhZ2VzL1RyYXNwYXJlbnphQWl1dG8uanNweA==&amp;i=NjBhZTRkZTQ0Zjc2ZTQwZTc5ZDI4Njhm&amp;t=YkFmeTVuM2cvUk9YdVY4TFN2eUhWYk1VOXgyQzYyejdxUm45T010Z1YvWT0=&amp;h=751fc84706644a2d8733ddf21b939cb6\">https:\/\/eu-central-1.protection.sophos.com?d=rna.gov.it&amp;u=aHR0cHM6Ly93d3cucm5hLmdvdi5pdC9SZWdpc3Ryb05hemlvbmFsZVRyYXNwYXJlbnphL2ZhY2VzL3BhZ2VzL1RyYXNwYXJlbnphQWl1dG8uanNweA==&amp;i=NjBhZTRkZTQ0Zjc2ZTQwZTc5ZDI4Njhm&amp;t=YkFmeTVuM2cvUk9YdVY4TFN2eUhWYk1VOXgyQzYyejdxUm45T010Z1YvWT0=&amp;h=751fc84706644a2d8733ddf21b939cb6<\/a><\/p>\n\n\n\n<p><br><strong>PRIVACY<\/strong><\/p>\n\n\n\n<p>I dati forniti saranno trattati dagli organizzatori in osservanza di quanto disposto dal Regolamento UE 679\/2016 sulla protezione dei dati personali.<\/p>\n\n\n\n<p><br>Per informazioni rivolgersi a:<\/p>\n\n\n\n<ul class=\"wp-block-list\"><li>Per la Regione, Lazio Innova S.p.A. &#8211; Internazionalizzazione &amp; Cluster: &#8211; e-mail: <a href=\"mailto:internazionalizzazione@lazioinnova.it\">internazionalizzazione@lazioinnova.it<\/a> &#8211; tel. 06.60.51.60<\/li><li>Camera di Commercio di Roma \u2013 Area III Promozione e Sviluppo &#8211; Servizio Filiere produttive e Fiere: e-mail: attivita.promozionali@rm.camcom.it&nbsp; &#8211; tel. 06.52082571 &#8211; 2065<\/li><li>Unioncamere Lazio \u2013 Area Promozione: e-mail: areapromozione@unioncamerelazio.it &#8211; tel. 06.699.40153.<\/li><\/ul>\n\n\n\n<p>Tutta la modulistica \u00e8 consultabile e scaricabile sui seguenti siti Istituzionali:<\/p>\n\n\n\n<p>www.laziointernational.it<\/p>\n\n\n\n<p>www.rm.camcom.it<\/p>\n\n\n\n<p>www.unioncamerelazio.it<\/p>\n","protected":false},"excerpt":{"rendered":"<p>La Regione Lazio, per il tramite del soggetto attuatore Lazio Innova, Unioncamere Lazio e la Camera di Commercio di Roma promuovono la partecipazione a Roma Travel Show \u2013 Salone del Turismo<\/p>\n","protected":false},"author":11,"featured_media":5583,"comment_status":"closed","ping_status":"closed","sticky":false,"template":"","format":"standard","meta":{"_acf_changed":false,"ghostkit_customizer_options":"","ghostkit_custom_css":"","ghostkit_custom_js_head":"","ghostkit_custom_js_foot":"","ghostkit_typography":"","footnotes":""},"categories":[2],"tags":[73,72,187],"class_list":["post-5391","post","type-post","status-publish","format-standard","has-post-thumbnail","hentry","category-fiere-e-iniziative-internazionali","tag-pmi","tag-regione-lazio","tag-turismo"],"acf":{"homepage_image":null},"yoast_head":"<!-- This site is optimized with the Yoast SEO plugin v24.2 - https:\/\/yoast.com\/wordpress\/plugins\/seo\/ -->\n<title>Manifestazione di interesse per la partecipazione a Roma Travel Show \u2013 Salone del Turismo, Palazzo dei Congressi, Roma 6-8 maggio 2022 - Lazio International - Lazio Innova<\/title>\n<meta name=\"description\" content=\"La Regione Lazio, per il tramite del soggetto attuatore Lazio Innova, Unioncamere Lazio e la Camera di Commercio di Roma promuovono la partecipazione a Roma Travel Show \u2013 Salone del Turismo\" \/>\n<meta name=\"robots\" content=\"index, follow, max-snippet:-1, max-image-preview:large, max-video-preview:-1\" \/>\n<link rel=\"canonical\" href=\"https:\/\/www.lazioinnova.it\/laziointernational\/2022\/04\/21\/manifestazione-di-interesse-per-la-partecipazione-a-roma-travel-show-salone-del-turismo-palazzo-dei-congressi-roma-6-8-maggio-2022\/\" \/>\n<meta property=\"og:locale\" content=\"it_IT\" \/>\n<meta property=\"og:type\" content=\"article\" \/>\n<meta property=\"og:title\" content=\"Manifestazione di interesse per la partecipazione a Roma Travel Show \u2013 Salone del Turismo, Palazzo dei Congressi, Roma 6-8 maggio 2022 - Lazio International - Lazio Innova\" \/>\n<meta property=\"og:description\" content=\"La Regione Lazio, per il tramite del soggetto attuatore Lazio Innova, Unioncamere Lazio e la Camera di Commercio di Roma promuovono la partecipazione a Roma Travel Show \u2013 Salone del Turismo\" \/>\n<meta property=\"og:url\" content=\"https:\/\/www.lazioinnova.it\/laziointernational\/2022\/04\/21\/manifestazione-di-interesse-per-la-partecipazione-a-roma-travel-show-salone-del-turismo-palazzo-dei-congressi-roma-6-8-maggio-2022\/\" \/>\n<meta property=\"og:site_name\" content=\"Lazio International - Lazio Innova\" \/>\n<meta property=\"article:published_time\" content=\"2022-04-21T11:51:12+00:00\" \/>\n<meta property=\"article:modified_time\" content=\"2022-07-24T15:07:56+00:00\" \/>\n<meta property=\"og:image\" content=\"https:\/\/www.lazioinnova.it\/laziointernational\/app\/uploads\/2022\/04\/roma-travel-show-1280x720-1.jpg\" \/>\n\t<meta property=\"og:image:width\" content=\"1280\" \/>\n\t<meta property=\"og:image:height\" content=\"720\" \/>\n\t<meta property=\"og:image:type\" content=\"image\/jpeg\" \/>\n<meta name=\"author\" content=\"Patrizia De Vincenzi\" \/>\n<meta name=\"twitter:card\" content=\"summary_large_image\" \/>\n<meta name=\"twitter:label1\" content=\"Scritto da\" \/>\n\t<meta name=\"twitter:data1\" content=\"Patrizia De Vincenzi\" \/>\n\t<meta name=\"twitter:label2\" content=\"Tempo di lettura stimato\" \/>\n\t<meta name=\"twitter:data2\" content=\"7 minuti\" \/>\n<script type=\"application\/ld+json\" class=\"yoast-schema-graph\">{\"@context\":\"https:\/\/schema.org\",\"@graph\":[{\"@type\":\"WebPage\",\"@id\":\"https:\/\/www.lazioinnova.it\/laziointernational\/2022\/04\/21\/manifestazione-di-interesse-per-la-partecipazione-a-roma-travel-show-salone-del-turismo-palazzo-dei-congressi-roma-6-8-maggio-2022\/\",\"url\":\"https:\/\/www.lazioinnova.it\/laziointernational\/2022\/04\/21\/manifestazione-di-interesse-per-la-partecipazione-a-roma-travel-show-salone-del-turismo-palazzo-dei-congressi-roma-6-8-maggio-2022\/\",\"name\":\"Manifestazione di interesse per la partecipazione a Roma Travel Show \u2013 Salone del Turismo, Palazzo dei Congressi, Roma 6-8 maggio 2022 - Lazio International - Lazio Innova\",\"isPartOf\":{\"@id\":\"https:\/\/www.lazioinnova.it\/laziointernational\/#website\"},\"primaryImageOfPage\":{\"@id\":\"https:\/\/www.lazioinnova.it\/laziointernational\/2022\/04\/21\/manifestazione-di-interesse-per-la-partecipazione-a-roma-travel-show-salone-del-turismo-palazzo-dei-congressi-roma-6-8-maggio-2022\/#primaryimage\"},\"image\":{\"@id\":\"https:\/\/www.lazioinnova.it\/laziointernational\/2022\/04\/21\/manifestazione-di-interesse-per-la-partecipazione-a-roma-travel-show-salone-del-turismo-palazzo-dei-congressi-roma-6-8-maggio-2022\/#primaryimage\"},\"thumbnailUrl\":\"https:\/\/www.lazioinnova.it\/laziointernational\/app\/uploads\/2022\/04\/roma-travel-show-1280x720-1.jpg\",\"datePublished\":\"2022-04-21T11:51:12+00:00\",\"dateModified\":\"2022-07-24T15:07:56+00:00\",\"author\":{\"@id\":\"https:\/\/www.lazioinnova.it\/laziointernational\/#\/schema\/person\/e10234da4fb4b74202a288833515d758\"},\"description\":\"La Regione Lazio, per il tramite del soggetto attuatore Lazio Innova, Unioncamere Lazio e la Camera di Commercio di Roma promuovono la partecipazione a Roma Travel Show \u2013 Salone del Turismo\",\"breadcrumb\":{\"@id\":\"https:\/\/www.lazioinnova.it\/laziointernational\/2022\/04\/21\/manifestazione-di-interesse-per-la-partecipazione-a-roma-travel-show-salone-del-turismo-palazzo-dei-congressi-roma-6-8-maggio-2022\/#breadcrumb\"},\"inLanguage\":\"it-IT\",\"potentialAction\":[{\"@type\":\"ReadAction\",\"target\":[\"https:\/\/www.lazioinnova.it\/laziointernational\/2022\/04\/21\/manifestazione-di-interesse-per-la-partecipazione-a-roma-travel-show-salone-del-turismo-palazzo-dei-congressi-roma-6-8-maggio-2022\/\"]}]},{\"@type\":\"ImageObject\",\"inLanguage\":\"it-IT\",\"@id\":\"https:\/\/www.lazioinnova.it\/laziointernational\/2022\/04\/21\/manifestazione-di-interesse-per-la-partecipazione-a-roma-travel-show-salone-del-turismo-palazzo-dei-congressi-roma-6-8-maggio-2022\/#primaryimage\",\"url\":\"https:\/\/www.lazioinnova.it\/laziointernational\/app\/uploads\/2022\/04\/roma-travel-show-1280x720-1.jpg\",\"contentUrl\":\"https:\/\/www.lazioinnova.it\/laziointernational\/app\/uploads\/2022\/04\/roma-travel-show-1280x720-1.jpg\",\"width\":1280,\"height\":720},{\"@type\":\"BreadcrumbList\",\"@id\":\"https:\/\/www.lazioinnova.it\/laziointernational\/2022\/04\/21\/manifestazione-di-interesse-per-la-partecipazione-a-roma-travel-show-salone-del-turismo-palazzo-dei-congressi-roma-6-8-maggio-2022\/#breadcrumb\",\"itemListElement\":[{\"@type\":\"ListItem\",\"position\":1,\"name\":\"Home\",\"item\":\"https:\/\/www.lazioinnova.it\/laziointernational\/\"},{\"@type\":\"ListItem\",\"position\":2,\"name\":\"Manifestazione di interesse per la partecipazione a Roma Travel Show \u2013 Salone del Turismo, Palazzo dei Congressi, Roma 6-8 maggio 2022\"}]},{\"@type\":\"WebSite\",\"@id\":\"https:\/\/www.lazioinnova.it\/laziointernational\/#website\",\"url\":\"https:\/\/www.lazioinnova.it\/laziointernational\/\",\"name\":\"Lazio International - Lazio Innova\",\"description\":\"Lazio Innova\",\"potentialAction\":[{\"@type\":\"SearchAction\",\"target\":{\"@type\":\"EntryPoint\",\"urlTemplate\":\"https:\/\/www.lazioinnova.it\/laziointernational\/?s={search_term_string}\"},\"query-input\":{\"@type\":\"PropertyValueSpecification\",\"valueRequired\":true,\"valueName\":\"search_term_string\"}}],\"inLanguage\":\"it-IT\"},{\"@type\":\"Person\",\"@id\":\"https:\/\/www.lazioinnova.it\/laziointernational\/#\/schema\/person\/e10234da4fb4b74202a288833515d758\",\"name\":\"Patrizia De Vincenzi\",\"image\":{\"@type\":\"ImageObject\",\"inLanguage\":\"it-IT\",\"@id\":\"https:\/\/www.lazioinnova.it\/laziointernational\/#\/schema\/person\/image\/\",\"url\":\"https:\/\/secure.gravatar.com\/avatar\/777ff3d0c0f2532b3bffb45cd4591008?s=96&d=mm&r=g\",\"contentUrl\":\"https:\/\/secure.gravatar.com\/avatar\/777ff3d0c0f2532b3bffb45cd4591008?s=96&d=mm&r=g\",\"caption\":\"Patrizia De Vincenzi\"},\"url\":\"https:\/\/www.lazioinnova.it\/laziointernational\/author\/p-devincenzi\/\"}]}<\/script>\n<!-- \/ Yoast SEO plugin. -->","yoast_head_json":{"title":"Manifestazione di interesse per la partecipazione a Roma Travel Show \u2013 Salone del Turismo, Palazzo dei Congressi, Roma 6-8 maggio 2022 - Lazio International - Lazio Innova","description":"La Regione Lazio, per il tramite del soggetto attuatore Lazio Innova, Unioncamere Lazio e la Camera di Commercio di Roma promuovono la partecipazione a Roma Travel Show \u2013 Salone del Turismo","robots":{"index":"index","follow":"follow","max-snippet":"max-snippet:-1","max-image-preview":"max-image-preview:large","max-video-preview":"max-video-preview:-1"},"canonical":"https:\/\/www.lazioinnova.it\/laziointernational\/2022\/04\/21\/manifestazione-di-interesse-per-la-partecipazione-a-roma-travel-show-salone-del-turismo-palazzo-dei-congressi-roma-6-8-maggio-2022\/","og_locale":"it_IT","og_type":"article","og_title":"Manifestazione di interesse per la partecipazione a Roma Travel Show \u2013 Salone del Turismo, Palazzo dei Congressi, Roma 6-8 maggio 2022 - Lazio International - Lazio Innova","og_description":"La Regione Lazio, per il tramite del soggetto attuatore Lazio Innova, Unioncamere Lazio e la Camera di Commercio di Roma promuovono la partecipazione a Roma Travel Show \u2013 Salone del Turismo","og_url":"https:\/\/www.lazioinnova.it\/laziointernational\/2022\/04\/21\/manifestazione-di-interesse-per-la-partecipazione-a-roma-travel-show-salone-del-turismo-palazzo-dei-congressi-roma-6-8-maggio-2022\/","og_site_name":"Lazio International - Lazio Innova","article_published_time":"2022-04-21T11:51:12+00:00","article_modified_time":"2022-07-24T15:07:56+00:00","og_image":[{"width":1280,"height":720,"url":"https:\/\/www.lazioinnova.it\/laziointernational\/app\/uploads\/2022\/04\/roma-travel-show-1280x720-1.jpg","type":"image\/jpeg"}],"author":"Patrizia De Vincenzi","twitter_card":"summary_large_image","twitter_misc":{"Scritto da":"Patrizia De Vincenzi","Tempo di lettura stimato":"7 minuti"},"schema":{"@context":"https:\/\/schema.org","@graph":[{"@type":"WebPage","@id":"https:\/\/www.lazioinnova.it\/laziointernational\/2022\/04\/21\/manifestazione-di-interesse-per-la-partecipazione-a-roma-travel-show-salone-del-turismo-palazzo-dei-congressi-roma-6-8-maggio-2022\/","url":"https:\/\/www.lazioinnova.it\/laziointernational\/2022\/04\/21\/manifestazione-di-interesse-per-la-partecipazione-a-roma-travel-show-salone-del-turismo-palazzo-dei-congressi-roma-6-8-maggio-2022\/","name":"Manifestazione di interesse per la partecipazione a Roma Travel Show \u2013 Salone del Turismo, Palazzo dei Congressi, Roma 6-8 maggio 2022 - Lazio International - Lazio Innova","isPartOf":{"@id":"https:\/\/www.lazioinnova.it\/laziointernational\/#website"},"primaryImageOfPage":{"@id":"https:\/\/www.lazioinnova.it\/laziointernational\/2022\/04\/21\/manifestazione-di-interesse-per-la-partecipazione-a-roma-travel-show-salone-del-turismo-palazzo-dei-congressi-roma-6-8-maggio-2022\/#primaryimage"},"image":{"@id":"https:\/\/www.lazioinnova.it\/laziointernational\/2022\/04\/21\/manifestazione-di-interesse-per-la-partecipazione-a-roma-travel-show-salone-del-turismo-palazzo-dei-congressi-roma-6-8-maggio-2022\/#primaryimage"},"thumbnailUrl":"https:\/\/www.lazioinnova.it\/laziointernational\/app\/uploads\/2022\/04\/roma-travel-show-1280x720-1.jpg","datePublished":"2022-04-21T11:51:12+00:00","dateModified":"2022-07-24T15:07:56+00:00","author":{"@id":"https:\/\/www.lazioinnova.it\/laziointernational\/#\/schema\/person\/e10234da4fb4b74202a288833515d758"},"description":"La Regione Lazio, per il tramite del soggetto attuatore Lazio Innova, Unioncamere Lazio e la Camera di Commercio di Roma promuovono la partecipazione a Roma Travel Show \u2013 Salone del Turismo","breadcrumb":{"@id":"https:\/\/www.lazioinnova.it\/laziointernational\/2022\/04\/21\/manifestazione-di-interesse-per-la-partecipazione-a-roma-travel-show-salone-del-turismo-palazzo-dei-congressi-roma-6-8-maggio-2022\/#breadcrumb"},"inLanguage":"it-IT","potentialAction":[{"@type":"ReadAction","target":["https:\/\/www.lazioinnova.it\/laziointernational\/2022\/04\/21\/manifestazione-di-interesse-per-la-partecipazione-a-roma-travel-show-salone-del-turismo-palazzo-dei-congressi-roma-6-8-maggio-2022\/"]}]},{"@type":"ImageObject","inLanguage":"it-IT","@id":"https:\/\/www.lazioinnova.it\/laziointernational\/2022\/04\/21\/manifestazione-di-interesse-per-la-partecipazione-a-roma-travel-show-salone-del-turismo-palazzo-dei-congressi-roma-6-8-maggio-2022\/#primaryimage","url":"https:\/\/www.lazioinnova.it\/laziointernational\/app\/uploads\/2022\/04\/roma-travel-show-1280x720-1.jpg","contentUrl":"https:\/\/www.lazioinnova.it\/laziointernational\/app\/uploads\/2022\/04\/roma-travel-show-1280x720-1.jpg","width":1280,"height":720},{"@type":"BreadcrumbList","@id":"https:\/\/www.lazioinnova.it\/laziointernational\/2022\/04\/21\/manifestazione-di-interesse-per-la-partecipazione-a-roma-travel-show-salone-del-turismo-palazzo-dei-congressi-roma-6-8-maggio-2022\/#breadcrumb","itemListElement":[{"@type":"ListItem","position":1,"name":"Home","item":"https:\/\/www.lazioinnova.it\/laziointernational\/"},{"@type":"ListItem","position":2,"name":"Manifestazione di interesse per la partecipazione a Roma Travel Show \u2013 Salone del Turismo, Palazzo dei Congressi, Roma 6-8 maggio 2022"}]},{"@type":"WebSite","@id":"https:\/\/www.lazioinnova.it\/laziointernational\/#website","url":"https:\/\/www.lazioinnova.it\/laziointernational\/","name":"Lazio International - Lazio Innova","description":"Lazio Innova","potentialAction":[{"@type":"SearchAction","target":{"@type":"EntryPoint","urlTemplate":"https:\/\/www.lazioinnova.it\/laziointernational\/?s={search_term_string}"},"query-input":{"@type":"PropertyValueSpecification","valueRequired":true,"valueName":"search_term_string"}}],"inLanguage":"it-IT"},{"@type":"Person","@id":"https:\/\/www.lazioinnova.it\/laziointernational\/#\/schema\/person\/e10234da4fb4b74202a288833515d758","name":"Patrizia De Vincenzi","image":{"@type":"ImageObject","inLanguage":"it-IT","@id":"https:\/\/www.lazioinnova.it\/laziointernational\/#\/schema\/person\/image\/","url":"https:\/\/secure.gravatar.com\/avatar\/777ff3d0c0f2532b3bffb45cd4591008?s=96&d=mm&r=g","contentUrl":"https:\/\/secure.gravatar.com\/avatar\/777ff3d0c0f2532b3bffb45cd4591008?s=96&d=mm&r=g","caption":"Patrizia De Vincenzi"},"url":"https:\/\/www.lazioinnova.it\/laziointernational\/author\/p-devincenzi\/"}]}},"featured_image_src":"https:\/\/www.lazioinnova.it\/laziointernational\/app\/uploads\/2022\/04\/roma-travel-show-1280x720-1.jpg","featured_image_src_square":"https:\/\/www.lazioinnova.it\/laziointernational\/app\/uploads\/2022\/04\/roma-travel-show-1280x720-1.jpg","author_info":{"display_name":"Patrizia De Vincenzi","author_link":"https:\/\/www.lazioinnova.it\/laziointernational\/author\/p-devincenzi\/"},"homepage_image":"","_links":{"self":[{"href":"https:\/\/www.lazioinnova.it\/laziointernational\/wp-json\/wp\/v2\/posts\/5391","targetHints":{"allow":["GET"]}}],"collection":[{"href":"https:\/\/www.lazioinnova.it\/laziointernational\/wp-json\/wp\/v2\/posts"}],"about":[{"href":"https:\/\/www.lazioinnova.it\/laziointernational\/wp-json\/wp\/v2\/types\/post"}],"author":[{"embeddable":true,"href":"https:\/\/www.lazioinnova.it\/laziointernational\/wp-json\/wp\/v2\/users\/11"}],"replies":[{"embeddable":true,"href":"https:\/\/www.lazioinnova.it\/laziointernational\/wp-json\/wp\/v2\/comments?post=5391"}],"version-history":[{"count":10,"href":"https:\/\/www.lazioinnova.it\/laziointernational\/wp-json\/wp\/v2\/posts\/5391\/revisions"}],"predecessor-version":[{"id":5819,"href":"https:\/\/www.lazioinnova.it\/laziointernational\/wp-json\/wp\/v2\/posts\/5391\/revisions\/5819"}],"wp:featuredmedia":[{"embeddable":true,"href":"https:\/\/www.lazioinnova.it\/laziointernational\/wp-json\/wp\/v2\/media\/5583"}],"wp:attachment":[{"href":"https:\/\/www.lazioinnova.it\/laziointernational\/wp-json\/wp\/v2\/media?parent=5391"}],"wp:term":[{"taxonomy":"category","embeddable":true,"href":"https:\/\/www.lazioinnova.it\/laziointernational\/wp-json\/wp\/v2\/categories?post=5391"},{"taxonomy":"post_tag","embeddable":true,"href":"https:\/\/www.lazioinnova.it\/laziointernational\/wp-json\/wp\/v2\/tags?post=5391"}],"curies":[{"name":"wp","href":"https:\/\/api.w.org\/{rel}","templated":true}]}}