{"id":6400,"date":"2022-07-13T19:05:48","date_gmt":"2022-07-13T17:05:48","guid":{"rendered":"https:\/\/www.laziointernational.it\/?p=6400"},"modified":"2022-08-01T10:42:40","modified_gmt":"2022-08-01T08:42:40","slug":"buchmesse-francoforte-manifestazione-di-interesse-per-la-collettiva-della-regione-lazio-alla-fiera-internazionale-del-libro-di-francoforte-francoforte-19-23-ottobre-2022","status":"publish","type":"post","link":"https:\/\/www.lazioinnova.it\/laziointernational\/2022\/07\/13\/buchmesse-francoforte-manifestazione-di-interesse-per-la-collettiva-della-regione-lazio-alla-fiera-internazionale-del-libro-di-francoforte-francoforte-19-23-ottobre-2022\/","title":{"rendered":"Manifestazione di interesse per la collettiva della Regione Lazio alla \u201cFiera Internazionale del Libro di Francoforte\u201d (19 \u2013 23 ottobre 2022)"},"content":{"rendered":"\n<p><br>La <strong>Regione Lazio<\/strong>, in collaborazione con<strong> Agenzia ICE e AIE &#8211; Associazione Italiana Editori<\/strong>, nel quadro delle attivit\u00e0 di internazionalizzazione <strong>a sostegno dell\u2019Industria dell\u2019editoria<\/strong> predisposte in linea a quanto previsto dal <em>Programma annuale di Attivit\u00e0 di Internazionalizzazione<\/em> \u2013 <em>Anno 2022<\/em>, intende partecipare, con una rappresentanza di imprese, alla \u201c<strong>Fiera Internazionale del Libro di Francoforte \u2013 Buchmesse<\/strong>\u201d. La fiera, che si svolger\u00e0 dal <strong>19 al 23 ottobre 2022<\/strong>, rappresenta a livello internazionale una tappa di assoluto rilievo per la <strong>negoziazione dei diritti d\u2019autore dell\u2019editoria.<\/strong><\/p>\n\n\n\n<p>All\u2019interno dell\u2019<strong>area espositiva comune dedicata alle Regioni<\/strong> <strong>coordinata da Agenzia ICE<\/strong>, la Regione Lazio sar\u00e0 presente nello stand di 160 mq per ospitare <strong>30 case editrici<\/strong> a cui saranno offerti <strong>tavoli a rotazione<\/strong>, secondo una agenda preordinata, per svolgere <strong>incontri B2B<\/strong>.<\/p>\n\n\n\n<p>Le case editrici laziali,&nbsp;che manifesteranno interesse alla partecipazione, potranno beneficiare <strong>gratuitamente<\/strong> dei seguenti servizi:<\/p>\n\n\n\n<ul class=\"wp-block-list\"><li>Postazioni di lavoro disponibili sulla base di una agenda a rotazione all\u2019interno dello \u201cSpazio Regioni\u201d di Agenzia ICE;<\/li><li>Predisposizione di una libreria comune per l\u2019esposizione dei libri;<\/li><li>Supporto alle attivit\u00e0 di business matching internazionale B2B;<\/li><li>Coinvolgimento in attivit\u00e0 di networking e community building;<\/li><li>Collegamento wi-fi;<\/li><li>Spazio magazzino\/ufficio comune;<\/li><li>Assistenza tecnica durante la permanenza in fiera;<\/li><li>Spedizione in Fiera dei materiali espositivi;<\/li><li>Realizzazione di materiali di comunicazione;<\/li><li>Presenza nel Catalogo Regionale dedicato al settore dell\u2019editoria del Lazio;<\/li><li>Partecipazione al Networking cocktail della Regione Lazio.<\/li><\/ul>\n\n\n\n<p><strong>Servizi preliminari:<\/strong><\/p>\n\n\n\n<ul class=\"wp-block-list\"><li>1 tessera di ingresso per ogni casa editrice;<\/li><li>Inserimento nel catalogo ufficiale della Fiera (solo le case editrici che si iscriveranno entro i termini avranno garantita la presenza all\u2019interno del Catalogo Cartaceo della <em>Frankfurter Buchmesse<\/em>);<\/li><li>Catalogo realizzato da AGENZIA ICE relativo alla collettiva italiana;<\/li><li>Campagna di comunicazione preliminare.<\/li><\/ul>\n\n\n\n<p><strong>Servizi in Fiera:<\/strong><\/p>\n\n\n\n<ul class=\"wp-block-list\"><li>Desk accoglienza con assistenza congiunta in fiera di personale ICE\/AIE;<\/li><li>Assistenza e interpretariato per esigenze di carattere generale.<\/li><\/ul>\n\n\n\n<p style=\"font-size:22px\"><br><strong>Modalit\u00e0 di presentazione della domanda di partecipazione<\/strong><\/p>\n\n\n\n<p class=\"has-vivid-green-cyan-color has-text-color\" style=\"font-size:22px\"><br><strong>ISCRIZIONI CHIUSE<\/strong><\/p>\n\n\n\n<p style=\"font-size:22px\"><br><strong>Criteri di ammissibilit\u00e0 generali<\/strong><\/p>\n\n\n\n<ul class=\"wp-block-list\"><li>correttezza dell&#8217;iter amministrativo di presentazione della domanda di partecipazione (rispetto delle modalit\u00e0 e dei tempi);<\/li><li>completezza della domanda di partecipazione.<\/li><\/ul>\n\n\n\n<p><strong>L\u2019opportunit\u00e0 di prendere parte alla collettiva del Lazio alla Buchmesse di Francoforte \u00e8 riservata a Case editrici in possesso dei seguenti requisiti:<\/strong><\/p>\n\n\n\n<ul class=\"wp-block-list\"><li>sede legale e\/o operativa nella regione Lazio<\/li><li>iscritte come MPMI nell\u2019apposita sezione speciale del Registro delle Imprese<\/li><li>essere iscritte al <a href=\"https:\/\/www.rna.gov.it\/RegistroNazionaleTrasparenza\/faces\/pages\/TrasparenzaAiuto.jspx\">RNA &#8211; Registro Nazionale degli Aiuti di Stato<\/a> e non avere superato la soglia dei massimali previsti dal <em>de minimis.<\/em><\/li><\/ul>\n\n\n\n<p style=\"font-size:22px\"><br><strong>Requisiti di ammissibilit\u00e0 per le imprese invitate a partecipare<\/strong><\/p>\n\n\n\n<ul class=\"wp-block-list\"><li>coerenza dell\u2019attivit\u00e0 dell\u2019azienda con il settore o i settori economici cui la manifestazione \u00e8 rivolta<\/li><li>essere MPMI, come classificate nell&#8217;Allegato I del Regolamento (UE) n. 651\/2014, in forma singola o associata in Consorzi, Societ\u00e0 Consortili o Reti di imprese con personalit\u00e0 giuridica (Reti-soggetto), definite ai sensi dei commi 4-ter e 4-quater dell&#8217;art. 3 del Decreto-legge n. 5 del 10 Febbraio 2009, convertito, con modificazioni, nella Legge n. 33 del 09 Aprile 2009 e ss.mm.ii., al momento della presentazione della manifestazione di interesse<\/li><li>essere regolarmente iscritte nel Registro delle Imprese della C.C.I.A.A. competente per territorio e deve essere in regola, al momento della presentazione della manifestazione di interesse o comunque entro i termini di chiusura di presentazione della stessa, con il pagamento del diritto annuale e con la dichiarazione dell\u2019attivit\u00e0 esercitata<\/li><li>esercitare, in relazione alla sede laziale, un\u2019attivit\u00e0 economica coerente con il settore<\/li><li>essere nel pieno e libero esercizio dei propri diritti, attive e non siano sottoposte n\u00e9 siano state sottoposte, nei cinque anni precedenti, a procedure di liquidazione volontaria, liquidazione coatta, fallimento, concordato preventivo (ad eccezione del concordato preventivo con continuit\u00e0 aziendale) ed ogni altra procedura concorsuale n\u00e9 abbiano in corso un procedimento per la dichiarazione di una delle suddette situazioni<\/li><li>possedere capacit\u00e0 di contrarre ovvero non siano state oggetto di sanzione interdittiva o altra sanzione che comporti il divieto di contrarre con la Pubblica Amministrazione<\/li><li>non avere Amministratori e\/o Legali Rappresentanti che siano stati condannati con sentenza passata in giudicato ovvero nei cui confronti sia stato emesso decreto penale di condanna divenuto irrevocabile o sentenza di applicazione della pena su richiesta, ai sensi dell\u2019art. 444 c.p.p., per reati gravi in danno dello Stato o della Comunit\u00e0 che incidono sulla moralit\u00e0 professionale (\u00e8 comunque causa di esclusione la condanna, con sentenza passata in giudicato, per reati di partecipazione ad un&#8217;organizzazione criminale, corruzione, frode, riciclaggio)<\/li><li>non avere Amministratori e\/o Legali Rappresentanti che si siano resi colpevoli di false dichiarazioni nei rapporti con la Pubblica Amministrazione.<\/li><\/ul>\n\n\n\n<p style=\"font-size:22px\"><br><strong>Criteri di selezione e comunicazione di ammissione<\/strong><\/p>\n\n\n\n<p>Sar\u00e0 stilata una graduatoria sulla base dell\u2019ordine cronologico di presentazione delle domande.<\/p>\n\n\n\n<p>A seguito dello svolgimento della procedura di selezione, tutti i soggetti che hanno sottoposto la candidatura riceveranno una comunicazione \u2013 all\u2019indirizzo e-mail indicato in sede di presentazione della manifestazione di interesse \u2013 circa l\u2019avvenuta selezione o meno all\u2019iniziativa in oggetto.&nbsp;<\/p>\n\n\n\n<p style=\"font-size:22px\"><br><strong>Regime di aiuto<\/strong><\/p>\n\n\n\n<p>Considerata a volont\u00e0 degli Enti promotori di venire incontro alle esigenze delle imprese selezionate in collettiva, la partecipazione alla manifestazione \u00e8 gratuita, nel rispetto dei limiti del regime <em>\u201cde minimis\u201d<\/em>, fermo restando che rimangono a carico delle stesse le spese relative ad ogni ulteriore servizio extra di personalizzazione richiesto dalle imprese medesime.<\/p>\n\n\n\n<p>Il sostegno alle imprese si configura quale aiuto indiretto, per la partecipazione alle iniziative e manifestazioni promosse dalla Regione Lazio e sar\u00e0 concesso nel rispetto delle disposizioni di cui al Regolamento (UE) n.1407\/2013 del 18 dicembre 2013 relativo all\u2019applicazione degli articoli 107 e 108 del trattato sul funzionamento dell\u2019Unione Europea agli aiuti \u201cde minimis\u201d.<\/p>\n\n\n\n<p>A seguito dell\u2019obbligo di consultazione preventiva e di implementazione del Registro Nazionale degli Aiuti di Stato, di cui al Regolamento MISE n. 115 del 31 maggio 2017, gli importi relativi alle agevolazioni concesse verranno conseguentemente inseriti nel suddetto Registro, <strong>fino ad un importo massimo di \u20ac 500,00 (cinquecento\/00) euro per impresa.<\/strong><\/p>\n\n\n\n<p>Come previsto dall\u2019art. 3 par. 7 dello stesso Regolamento, qualora la concessione di nuovi aiuti <em>\u201cde minimis<\/em>\u201d comporti il superamento dei massimali previsti, nessuna delle nuove misure di aiuto pu\u00f2 beneficiare del Regolamento.<\/p>\n\n\n\n<p>L\u2019importo massimo delle agevolazioni in regime <em>\u201cde minimis<\/em>\u201d che possono essere concesse ad una medesima impresa in un triennio (l\u2019esercizio finanziario in corso e i due precedenti), senza la preventiva notifica ed autorizzazione da parte della Commissione Europea e senza che ci\u00f2 possa pregiudicare le condizioni di concorrenza tra le imprese, \u00e8 pari a \u20ac 200.000,00.<\/p>\n\n\n\n<p>In caso di superamento delle soglie predette, l\u2019agevolazione suindicata non potr\u00e0 essere concessa, neppure per la parte che non superi detti massimali.<\/p>\n\n\n\n<p>Si fa presente che ciascuna impresa pu\u00f2 monitorare l\u2019importo delle agevolazioni in regime <em>\u201cde minimis\u201d<\/em> di cui ha beneficiato a far data dal 12 agosto 2017, sul sito del Registro Nazionale degli Aiuti di Stato nella sezione <em>Trasparenza<\/em> al seguente link:<\/p>\n\n\n\n<p><a href=\"https:\/\/www.rna.gov.it\/RegistroNazionaleTrasparenza\/faces\/pages\/TrasparenzaAiuto.jspx\">https:\/\/www.rna.gov.it\/RegistroNazionaleTrasparenza\/faces\/pages\/TrasparenzaAiuto.jspx<\/a><\/p>\n\n\n\n<p style=\"font-size:22px\"><br><strong>Privacy<\/strong><\/p>\n\n\n\n<p>I dati forniti saranno trattati dagli organizzatori in osservanza di quanto disposto dal Regolamento UE 679\/2016 sulla protezione dei dati personali.<\/p>\n\n\n\n<p><strong><em>Per informazioni rivolgersi a:<\/em><\/strong><\/p>\n\n\n\n<p>Per la Regione Lazio Innova S.p.A. &#8211; Internazionalizzazione &amp; Cluster:<\/p>\n\n\n\n<p>e-mail: <a href=\"mailto:internazionalizzazione@lazioinnova.it\">internazionalizzazione@lazioinnova.it<\/a> &#8211; tel. 06.60.51.60.<\/p>\n\n\n\n<p>Tutta la modulistica \u00e8 consultabile e scaricabile sul seguente sito Istituzionale:<\/p>\n\n\n\n<p>www.laziointernational.it<br><br><br><\/p>\n","protected":false},"excerpt":{"rendered":"<p>Area espositiva comune regionale di ICE Agenzia  &#8211; Le iscrizioni per le case editrici del Lazio sono state prorogate fino alle ore 16.00 di marted\u00ec 19 luglio 2022. <\/p>\n","protected":false},"author":14,"featured_media":6870,"comment_status":"closed","ping_status":"closed","sticky":false,"template":"","format":"standard","meta":{"_acf_changed":false,"ghostkit_customizer_options":"","ghostkit_custom_css":"","ghostkit_custom_js_head":"","ghostkit_custom_js_foot":"","ghostkit_typography":"","footnotes":""},"categories":[45,2],"tags":[266,71,61],"class_list":["post-6400","post","type-post","status-publish","format-standard","has-post-thumbnail","hentry","category-bandi-e-finanziamenti","category-fiere-e-iniziative-internazionali","tag-creativita","tag-editoria","tag-industria-culturale-e-audiovisivo"],"acf":{"homepage_image":null},"yoast_head":"<!-- This site is optimized with the Yoast SEO plugin v24.2 - https:\/\/yoast.com\/wordpress\/plugins\/seo\/ -->\n<title>Manifestazione di interesse per la collettiva della Regione Lazio alla \u201cFiera Internazionale del Libro di Francoforte\u201d (19 \u2013 23 ottobre 2022) - Lazio International - Lazio Innova<\/title>\n<meta name=\"description\" content=\"Area espositiva comune regionale di ICE Agenzia - Le case editrici del Lazio possono iscriversi fino al 19 luglio 2022 ore 10.00\" \/>\n<meta name=\"robots\" content=\"index, follow, max-snippet:-1, max-image-preview:large, max-video-preview:-1\" \/>\n<link rel=\"canonical\" href=\"https:\/\/www.lazioinnova.it\/laziointernational\/2022\/07\/13\/buchmesse-francoforte-manifestazione-di-interesse-per-la-collettiva-della-regione-lazio-alla-fiera-internazionale-del-libro-di-francoforte-francoforte-19-23-ottobre-2022\/\" \/>\n<meta property=\"og:locale\" content=\"it_IT\" \/>\n<meta property=\"og:type\" content=\"article\" \/>\n<meta property=\"og:title\" content=\"Manifestazione di interesse per la collettiva della Regione Lazio alla \u201cFiera Internazionale del Libro di Francoforte\u201d (19 \u2013 23 ottobre 2022) - Lazio International - Lazio Innova\" \/>\n<meta property=\"og:description\" content=\"Area espositiva comune regionale di ICE Agenzia - Le case editrici del Lazio possono iscriversi fino al 19 luglio 2022 ore 10.00\" \/>\n<meta property=\"og:url\" content=\"https:\/\/www.lazioinnova.it\/laziointernational\/2022\/07\/13\/buchmesse-francoforte-manifestazione-di-interesse-per-la-collettiva-della-regione-lazio-alla-fiera-internazionale-del-libro-di-francoforte-francoforte-19-23-ottobre-2022\/\" \/>\n<meta property=\"og:site_name\" content=\"Lazio International - Lazio Innova\" \/>\n<meta property=\"article:published_time\" content=\"2022-07-13T17:05:48+00:00\" \/>\n<meta property=\"article:modified_time\" content=\"2022-08-01T08:42:40+00:00\" \/>\n<meta property=\"og:image\" content=\"https:\/\/www.lazioinnova.it\/laziointernational\/app\/uploads\/2022\/07\/bcumesse-image-1.png\" \/>\n\t<meta property=\"og:image:width\" content=\"471\" \/>\n\t<meta property=\"og:image:height\" content=\"107\" \/>\n\t<meta property=\"og:image:type\" content=\"image\/png\" \/>\n<meta name=\"author\" content=\"Federica San\u00f2\" \/>\n<meta name=\"twitter:card\" content=\"summary_large_image\" \/>\n<meta name=\"twitter:label1\" content=\"Scritto da\" \/>\n\t<meta name=\"twitter:data1\" content=\"Federica San\u00f2\" \/>\n\t<meta name=\"twitter:label2\" content=\"Tempo di lettura stimato\" \/>\n\t<meta name=\"twitter:data2\" content=\"7 minuti\" \/>\n<script type=\"application\/ld+json\" class=\"yoast-schema-graph\">{\"@context\":\"https:\/\/schema.org\",\"@graph\":[{\"@type\":\"WebPage\",\"@id\":\"https:\/\/www.lazioinnova.it\/laziointernational\/2022\/07\/13\/buchmesse-francoforte-manifestazione-di-interesse-per-la-collettiva-della-regione-lazio-alla-fiera-internazionale-del-libro-di-francoforte-francoforte-19-23-ottobre-2022\/\",\"url\":\"https:\/\/www.lazioinnova.it\/laziointernational\/2022\/07\/13\/buchmesse-francoforte-manifestazione-di-interesse-per-la-collettiva-della-regione-lazio-alla-fiera-internazionale-del-libro-di-francoforte-francoforte-19-23-ottobre-2022\/\",\"name\":\"Manifestazione di interesse per la collettiva della Regione Lazio alla \u201cFiera Internazionale del Libro di Francoforte\u201d (19 \u2013 23 ottobre 2022) - Lazio International - Lazio Innova\",\"isPartOf\":{\"@id\":\"https:\/\/www.lazioinnova.it\/laziointernational\/#website\"},\"primaryImageOfPage\":{\"@id\":\"https:\/\/www.lazioinnova.it\/laziointernational\/2022\/07\/13\/buchmesse-francoforte-manifestazione-di-interesse-per-la-collettiva-della-regione-lazio-alla-fiera-internazionale-del-libro-di-francoforte-francoforte-19-23-ottobre-2022\/#primaryimage\"},\"image\":{\"@id\":\"https:\/\/www.lazioinnova.it\/laziointernational\/2022\/07\/13\/buchmesse-francoforte-manifestazione-di-interesse-per-la-collettiva-della-regione-lazio-alla-fiera-internazionale-del-libro-di-francoforte-francoforte-19-23-ottobre-2022\/#primaryimage\"},\"thumbnailUrl\":\"https:\/\/www.lazioinnova.it\/laziointernational\/app\/uploads\/2022\/07\/bcumesse-image-1.png\",\"datePublished\":\"2022-07-13T17:05:48+00:00\",\"dateModified\":\"2022-08-01T08:42:40+00:00\",\"author\":{\"@id\":\"https:\/\/www.lazioinnova.it\/laziointernational\/#\/schema\/person\/5d1178a88b916d4e208c2f7f7880adb7\"},\"description\":\"Area espositiva comune regionale di ICE Agenzia - Le case editrici del Lazio possono iscriversi fino al 19 luglio 2022 ore 10.00\",\"breadcrumb\":{\"@id\":\"https:\/\/www.lazioinnova.it\/laziointernational\/2022\/07\/13\/buchmesse-francoforte-manifestazione-di-interesse-per-la-collettiva-della-regione-lazio-alla-fiera-internazionale-del-libro-di-francoforte-francoforte-19-23-ottobre-2022\/#breadcrumb\"},\"inLanguage\":\"it-IT\",\"potentialAction\":[{\"@type\":\"ReadAction\",\"target\":[\"https:\/\/www.lazioinnova.it\/laziointernational\/2022\/07\/13\/buchmesse-francoforte-manifestazione-di-interesse-per-la-collettiva-della-regione-lazio-alla-fiera-internazionale-del-libro-di-francoforte-francoforte-19-23-ottobre-2022\/\"]}]},{\"@type\":\"ImageObject\",\"inLanguage\":\"it-IT\",\"@id\":\"https:\/\/www.lazioinnova.it\/laziointernational\/2022\/07\/13\/buchmesse-francoforte-manifestazione-di-interesse-per-la-collettiva-della-regione-lazio-alla-fiera-internazionale-del-libro-di-francoforte-francoforte-19-23-ottobre-2022\/#primaryimage\",\"url\":\"https:\/\/www.lazioinnova.it\/laziointernational\/app\/uploads\/2022\/07\/bcumesse-image-1.png\",\"contentUrl\":\"https:\/\/www.lazioinnova.it\/laziointernational\/app\/uploads\/2022\/07\/bcumesse-image-1.png\",\"width\":471,\"height\":107},{\"@type\":\"BreadcrumbList\",\"@id\":\"https:\/\/www.lazioinnova.it\/laziointernational\/2022\/07\/13\/buchmesse-francoforte-manifestazione-di-interesse-per-la-collettiva-della-regione-lazio-alla-fiera-internazionale-del-libro-di-francoforte-francoforte-19-23-ottobre-2022\/#breadcrumb\",\"itemListElement\":[{\"@type\":\"ListItem\",\"position\":1,\"name\":\"Home\",\"item\":\"https:\/\/www.lazioinnova.it\/laziointernational\/\"},{\"@type\":\"ListItem\",\"position\":2,\"name\":\"Manifestazione di interesse per la collettiva della Regione Lazio alla \u201cFiera Internazionale del Libro di Francoforte\u201d (19 \u2013 23 ottobre 2022)\"}]},{\"@type\":\"WebSite\",\"@id\":\"https:\/\/www.lazioinnova.it\/laziointernational\/#website\",\"url\":\"https:\/\/www.lazioinnova.it\/laziointernational\/\",\"name\":\"Lazio International - Lazio Innova\",\"description\":\"Lazio Innova\",\"potentialAction\":[{\"@type\":\"SearchAction\",\"target\":{\"@type\":\"EntryPoint\",\"urlTemplate\":\"https:\/\/www.lazioinnova.it\/laziointernational\/?s={search_term_string}\"},\"query-input\":{\"@type\":\"PropertyValueSpecification\",\"valueRequired\":true,\"valueName\":\"search_term_string\"}}],\"inLanguage\":\"it-IT\"},{\"@type\":\"Person\",\"@id\":\"https:\/\/www.lazioinnova.it\/laziointernational\/#\/schema\/person\/5d1178a88b916d4e208c2f7f7880adb7\",\"name\":\"Federica San\u00f2\",\"image\":{\"@type\":\"ImageObject\",\"inLanguage\":\"it-IT\",\"@id\":\"https:\/\/www.lazioinnova.it\/laziointernational\/#\/schema\/person\/image\/\",\"url\":\"https:\/\/secure.gravatar.com\/avatar\/624dba46808c88848f4bb830d970515c?s=96&d=mm&r=g\",\"contentUrl\":\"https:\/\/secure.gravatar.com\/avatar\/624dba46808c88848f4bb830d970515c?s=96&d=mm&r=g\",\"caption\":\"Federica San\u00f2\"},\"url\":\"https:\/\/www.lazioinnova.it\/laziointernational\/author\/f-sano\/\"}]}<\/script>\n<!-- \/ Yoast SEO plugin. -->","yoast_head_json":{"title":"Manifestazione di interesse per la collettiva della Regione Lazio alla \u201cFiera Internazionale del Libro di Francoforte\u201d (19 \u2013 23 ottobre 2022) - Lazio International - Lazio Innova","description":"Area espositiva comune regionale di ICE Agenzia - Le case editrici del Lazio possono iscriversi fino al 19 luglio 2022 ore 10.00","robots":{"index":"index","follow":"follow","max-snippet":"max-snippet:-1","max-image-preview":"max-image-preview:large","max-video-preview":"max-video-preview:-1"},"canonical":"https:\/\/www.lazioinnova.it\/laziointernational\/2022\/07\/13\/buchmesse-francoforte-manifestazione-di-interesse-per-la-collettiva-della-regione-lazio-alla-fiera-internazionale-del-libro-di-francoforte-francoforte-19-23-ottobre-2022\/","og_locale":"it_IT","og_type":"article","og_title":"Manifestazione di interesse per la collettiva della Regione Lazio alla \u201cFiera Internazionale del Libro di Francoforte\u201d (19 \u2013 23 ottobre 2022) - Lazio International - Lazio Innova","og_description":"Area espositiva comune regionale di ICE Agenzia - Le case editrici del Lazio possono iscriversi fino al 19 luglio 2022 ore 10.00","og_url":"https:\/\/www.lazioinnova.it\/laziointernational\/2022\/07\/13\/buchmesse-francoforte-manifestazione-di-interesse-per-la-collettiva-della-regione-lazio-alla-fiera-internazionale-del-libro-di-francoforte-francoforte-19-23-ottobre-2022\/","og_site_name":"Lazio International - Lazio Innova","article_published_time":"2022-07-13T17:05:48+00:00","article_modified_time":"2022-08-01T08:42:40+00:00","og_image":[{"width":471,"height":107,"url":"https:\/\/www.lazioinnova.it\/laziointernational\/app\/uploads\/2022\/07\/bcumesse-image-1.png","type":"image\/png"}],"author":"Federica San\u00f2","twitter_card":"summary_large_image","twitter_misc":{"Scritto da":"Federica San\u00f2","Tempo di lettura stimato":"7 minuti"},"schema":{"@context":"https:\/\/schema.org","@graph":[{"@type":"WebPage","@id":"https:\/\/www.lazioinnova.it\/laziointernational\/2022\/07\/13\/buchmesse-francoforte-manifestazione-di-interesse-per-la-collettiva-della-regione-lazio-alla-fiera-internazionale-del-libro-di-francoforte-francoforte-19-23-ottobre-2022\/","url":"https:\/\/www.lazioinnova.it\/laziointernational\/2022\/07\/13\/buchmesse-francoforte-manifestazione-di-interesse-per-la-collettiva-della-regione-lazio-alla-fiera-internazionale-del-libro-di-francoforte-francoforte-19-23-ottobre-2022\/","name":"Manifestazione di interesse per la collettiva della Regione Lazio alla \u201cFiera Internazionale del Libro di Francoforte\u201d (19 \u2013 23 ottobre 2022) - Lazio International - Lazio Innova","isPartOf":{"@id":"https:\/\/www.lazioinnova.it\/laziointernational\/#website"},"primaryImageOfPage":{"@id":"https:\/\/www.lazioinnova.it\/laziointernational\/2022\/07\/13\/buchmesse-francoforte-manifestazione-di-interesse-per-la-collettiva-della-regione-lazio-alla-fiera-internazionale-del-libro-di-francoforte-francoforte-19-23-ottobre-2022\/#primaryimage"},"image":{"@id":"https:\/\/www.lazioinnova.it\/laziointernational\/2022\/07\/13\/buchmesse-francoforte-manifestazione-di-interesse-per-la-collettiva-della-regione-lazio-alla-fiera-internazionale-del-libro-di-francoforte-francoforte-19-23-ottobre-2022\/#primaryimage"},"thumbnailUrl":"https:\/\/www.lazioinnova.it\/laziointernational\/app\/uploads\/2022\/07\/bcumesse-image-1.png","datePublished":"2022-07-13T17:05:48+00:00","dateModified":"2022-08-01T08:42:40+00:00","author":{"@id":"https:\/\/www.lazioinnova.it\/laziointernational\/#\/schema\/person\/5d1178a88b916d4e208c2f7f7880adb7"},"description":"Area espositiva comune regionale di ICE Agenzia - Le case editrici del Lazio possono iscriversi fino al 19 luglio 2022 ore 10.00","breadcrumb":{"@id":"https:\/\/www.lazioinnova.it\/laziointernational\/2022\/07\/13\/buchmesse-francoforte-manifestazione-di-interesse-per-la-collettiva-della-regione-lazio-alla-fiera-internazionale-del-libro-di-francoforte-francoforte-19-23-ottobre-2022\/#breadcrumb"},"inLanguage":"it-IT","potentialAction":[{"@type":"ReadAction","target":["https:\/\/www.lazioinnova.it\/laziointernational\/2022\/07\/13\/buchmesse-francoforte-manifestazione-di-interesse-per-la-collettiva-della-regione-lazio-alla-fiera-internazionale-del-libro-di-francoforte-francoforte-19-23-ottobre-2022\/"]}]},{"@type":"ImageObject","inLanguage":"it-IT","@id":"https:\/\/www.lazioinnova.it\/laziointernational\/2022\/07\/13\/buchmesse-francoforte-manifestazione-di-interesse-per-la-collettiva-della-regione-lazio-alla-fiera-internazionale-del-libro-di-francoforte-francoforte-19-23-ottobre-2022\/#primaryimage","url":"https:\/\/www.lazioinnova.it\/laziointernational\/app\/uploads\/2022\/07\/bcumesse-image-1.png","contentUrl":"https:\/\/www.lazioinnova.it\/laziointernational\/app\/uploads\/2022\/07\/bcumesse-image-1.png","width":471,"height":107},{"@type":"BreadcrumbList","@id":"https:\/\/www.lazioinnova.it\/laziointernational\/2022\/07\/13\/buchmesse-francoforte-manifestazione-di-interesse-per-la-collettiva-della-regione-lazio-alla-fiera-internazionale-del-libro-di-francoforte-francoforte-19-23-ottobre-2022\/#breadcrumb","itemListElement":[{"@type":"ListItem","position":1,"name":"Home","item":"https:\/\/www.lazioinnova.it\/laziointernational\/"},{"@type":"ListItem","position":2,"name":"Manifestazione di interesse per la collettiva della Regione Lazio alla \u201cFiera Internazionale del Libro di Francoforte\u201d (19 \u2013 23 ottobre 2022)"}]},{"@type":"WebSite","@id":"https:\/\/www.lazioinnova.it\/laziointernational\/#website","url":"https:\/\/www.lazioinnova.it\/laziointernational\/","name":"Lazio International - Lazio Innova","description":"Lazio Innova","potentialAction":[{"@type":"SearchAction","target":{"@type":"EntryPoint","urlTemplate":"https:\/\/www.lazioinnova.it\/laziointernational\/?s={search_term_string}"},"query-input":{"@type":"PropertyValueSpecification","valueRequired":true,"valueName":"search_term_string"}}],"inLanguage":"it-IT"},{"@type":"Person","@id":"https:\/\/www.lazioinnova.it\/laziointernational\/#\/schema\/person\/5d1178a88b916d4e208c2f7f7880adb7","name":"Federica San\u00f2","image":{"@type":"ImageObject","inLanguage":"it-IT","@id":"https:\/\/www.lazioinnova.it\/laziointernational\/#\/schema\/person\/image\/","url":"https:\/\/secure.gravatar.com\/avatar\/624dba46808c88848f4bb830d970515c?s=96&d=mm&r=g","contentUrl":"https:\/\/secure.gravatar.com\/avatar\/624dba46808c88848f4bb830d970515c?s=96&d=mm&r=g","caption":"Federica San\u00f2"},"url":"https:\/\/www.lazioinnova.it\/laziointernational\/author\/f-sano\/"}]}},"featured_image_src":"https:\/\/www.lazioinnova.it\/laziointernational\/app\/uploads\/2022\/07\/bcumesse-image-1.png","featured_image_src_square":"https:\/\/www.lazioinnova.it\/laziointernational\/app\/uploads\/2022\/07\/bcumesse-image-1.png","author_info":{"display_name":"Federica San\u00f2","author_link":"https:\/\/www.lazioinnova.it\/laziointernational\/author\/f-sano\/"},"homepage_image":"","_links":{"self":[{"href":"https:\/\/www.lazioinnova.it\/laziointernational\/wp-json\/wp\/v2\/posts\/6400","targetHints":{"allow":["GET"]}}],"collection":[{"href":"https:\/\/www.lazioinnova.it\/laziointernational\/wp-json\/wp\/v2\/posts"}],"about":[{"href":"https:\/\/www.lazioinnova.it\/laziointernational\/wp-json\/wp\/v2\/types\/post"}],"author":[{"embeddable":true,"href":"https:\/\/www.lazioinnova.it\/laziointernational\/wp-json\/wp\/v2\/users\/14"}],"replies":[{"embeddable":true,"href":"https:\/\/www.lazioinnova.it\/laziointernational\/wp-json\/wp\/v2\/comments?post=6400"}],"version-history":[{"count":15,"href":"https:\/\/www.lazioinnova.it\/laziointernational\/wp-json\/wp\/v2\/posts\/6400\/revisions"}],"predecessor-version":[{"id":6688,"href":"https:\/\/www.lazioinnova.it\/laziointernational\/wp-json\/wp\/v2\/posts\/6400\/revisions\/6688"}],"wp:featuredmedia":[{"embeddable":true,"href":"https:\/\/www.lazioinnova.it\/laziointernational\/wp-json\/wp\/v2\/media\/6870"}],"wp:attachment":[{"href":"https:\/\/www.lazioinnova.it\/laziointernational\/wp-json\/wp\/v2\/media?parent=6400"}],"wp:term":[{"taxonomy":"category","embeddable":true,"href":"https:\/\/www.lazioinnova.it\/laziointernational\/wp-json\/wp\/v2\/categories?post=6400"},{"taxonomy":"post_tag","embeddable":true,"href":"https:\/\/www.lazioinnova.it\/laziointernational\/wp-json\/wp\/v2\/tags?post=6400"}],"curies":[{"name":"wp","href":"https:\/\/api.w.org\/{rel}","templated":true}]}}