{"id":7459,"date":"2022-09-28T15:38:54","date_gmt":"2022-09-28T13:38:54","guid":{"rendered":"https:\/\/www.lazioinnova.it\/laziointernational\/?p=7459"},"modified":"2022-11-29T18:55:55","modified_gmt":"2022-11-29T17:55:55","slug":"maker-faire-rome-the-european-edition-mfr2022","status":"publish","type":"post","link":"https:\/\/www.lazioinnova.it\/laziointernational\/2022\/09\/28\/maker-faire-rome-the-european-edition-mfr2022\/","title":{"rendered":"Maker Faire Rome \u2013 The European Edition &#8211; #MFR2022"},"content":{"rendered":"\n<p><br><\/p>\n\n\n\n<p>La Regione Lazio, per il tramite del soggetto attuatore Lazio Innova, e la Camera di Commercio di Roma, nell\u2019ambito della Convenzione per la partecipazione congiunta a manifestazioni fieristiche e allo scopo di sostenere il tessuto economico regionale, selezionano <strong>5 imprese<\/strong> del Lazio per &nbsp;la <strong>partecipazione in collettiva alla Maker Faire Rome \u2013 The European Edition 2022 &#8211; #MFR2022, <\/strong>appuntamento dedicato all\u2019<strong>innovazione<\/strong> che si svolge in presenza presso il <strong>Gazometro <\/strong>di Roma nelle giornate <strong>dal 7 al 9 ottobre 2022<\/strong>.<\/p>\n\n\n\n<p>Giunta alla X edizione, # MFR2022 \u00e8 una manifestazione promossa e organizzata dalla <strong>Camera di Commercio di Roma<\/strong> attraverso la sua azienda speciale <strong>Innova Camera<\/strong>, su licenza e con la collaborazione di <strong>Make Community LLC<\/strong> e si inserisce nel quadro delle attivit\u00e0 regionali di internazionalizzazione a sostegno del sistema produttivo laziale, predisposte in linea al Programma annuale di Attivit\u00e0 di Internazionalizzazione \u2013 Anno 2022.<\/p>\n\n\n\n<p><strong>MFR2022<\/strong> \u00e8 &nbsp;il luogo in cui in cui i protagonisti dell\u2019innovazione europea si incontrano, si confrontano, scoprono le novit\u00e0 e fanno affari. L\u2019evento in presenza, in cui le aziende espongono la propria innovazione, si somma quindi al sito web ed agli eventi digitali, pensati per promuovere al meglio i prodotti e i servizi del partner, e al Canale Main, vero e proprio stage televisivo su cui si alternano importanti speaker internazionali.<\/p>\n\n\n\n<p>I numeri delle passate edizioni registrano 90.000 presenze medie annuali nel periodo 2013 \u2013 2019, oltre 100.000 visitatori unici in streaming per l\u2019edizione digitale del 2020 e 21.000 presenze per l\u2019evento fisico 2021 (massima capienza in rispetto normativa Covid-19). &nbsp;<\/p>\n\n\n\n<p>In questo contesto la <strong>Regione Lazio<\/strong> e la <strong>Camera di Commercio di Roma<\/strong> <strong>selezionano 5 imprese<\/strong> che saranno ospitate all\u2019interno dello <strong>stand regionale <\/strong>e la cui partecipazione \u00e8 sostenuta con il contributo del <strong>PR FESR Lazio 2021-2027<\/strong>.<\/p>\n\n\n\n<p><br><strong>Ambiti <\/strong>a cui si rivolge la Call:<\/p>\n\n\n\n<ul class=\"wp-block-list\"><li>Robotica,<\/li><li>Elettronica,<\/li><li>Manifattura Digitale,<\/li><li>Economia Circolare,<\/li><li>Intelligenza Artificiale,<\/li><li>Automazione e Domotica, IoT,<\/li><li>Aerospaziali,<\/li><li>STEM Education,<\/li><li>Agritech,<\/li><li>Arte,<\/li><li>Tecnologie per la Salute e lo Sport<\/li><\/ul>\n\n\n\n<p><br><strong>Spazio espositivo<\/strong><\/p>\n\n\n\n<p>La Regione Lazio ha previsto, in collaborazione con la Camera di Commercio di Roma, l\u2019allestimento di uno spazio espositivo che ospiter\u00e0 le 5 imprese selezionate le quali avranno a disposizione:&nbsp;<\/p>\n\n\n\n<ul class=\"wp-block-list\"><li>un pass ed un biglietto d\u2019ingresso<\/li><li>un desk completo di:<\/li><li>con grafica personalizzata<\/li><li>seduta<\/li><li>multipresa elettrica<\/li><li>collegamento elettrico<\/li><li>collegamento Internet<\/li><li>cestino.<\/li><\/ul>\n\n\n\n<p><br><strong>Modalit\u00e0 di presentazione della domanda di partecipazione<\/strong><\/p>\n\n\n\n<p style=\"font-size:22px\"><strong>ISCRIZIONI CHIUSE<\/strong><\/p>\n\n\n\n<p><br><strong>Criteri di ammissibilit\u00e0 generali<\/strong><\/p>\n\n\n\n<p>Le imprese che presentano domanda di partecipazione alla Maker Fair Roma 2022 devono rispettare i seguenti criteri di ammissibilit\u00e0:<\/p>\n\n\n\n<ul class=\"wp-block-list\"><li>Correttezza dell&#8217;iter amministrativo di presentazione della domanda di partecipazione (rispetto delle modalit\u00e0 e dei tempi);<\/li><li>Completezza della domanda di partecipazione.<\/li><\/ul>\n\n\n\n<p><br><strong>Requisiti di ammissibilit\u00e0 per le imprese<\/strong><\/p>\n\n\n\n<ul class=\"wp-block-list\"><li>MPMI, come classificate nell&#8217;Allegato I del Regolamento (UE) n. 651\/2014, in forma singola o associata in Consorzi, Societ\u00e0 Consortili o Reti di imprese con personalit\u00e0 giuridica (Reti-soggetto), definite ai sensi dei commi 4-ter e 4-quater dell&#8217;art. 3 del Decreto Legge n. 5 del&nbsp;10 Febbraio 2009, convertito, con modificazioni, nella Legge n. 33 del&nbsp;09 Aprile 2009&nbsp;e ss.mm.ii., al momento della presentazione della manifestazione di interesse;<\/li><li>essere regolarmente iscritti nel Registro delle Imprese della C.C.I.A.A. competente per territorio e deve essere in regola, al momento della presentazione della manifestazione di interesse o comunque entro i termini di chiusura di presentazione della stessa, con il pagamento del diritto annuale e con la dichiarazione dell\u2019attivit\u00e0 esercitata;<\/li><li>esercitare, in relazione alla sede laziale, un\u2019attivit\u00e0 economica coerente con il settore;<\/li><li>non essere beneficiarie di agevolazioni pubbliche relative alla partecipazione alla manifestazione fieristica in questione n\u00e9 abbiano presentato domande di agevolazione per partecipare alla medesima manifestazione;<\/li><li>essere nel pieno e libero esercizio dei propri diritti, attive e non siano sottoposte n\u00e9 siano state sottoposte, nei cinque anni precedenti, a procedure di liquidazione volontaria, liquidazione coatta, fallimento, concordato preventivo (ad eccezione del concordato preventivo con continuit\u00e0 aziendale) ed ogni altra procedura concorsuale n\u00e9 abbiano in corso un procedimento per la dichiarazione di una delle suddette situazioni;<\/li><li>possedere capacit\u00e0 di contrarre ovvero non siano state oggetto di sanzione interdittiva o altra sanzione che comporti il divieto di contrarre con la Pubblica Amministrazione;<\/li><li>non avere Amministratori e\/o Legali Rappresentanti che siano stati condannati con sentenza passata in giudicato ovvero nei cui confronti sia stato emesso decreto penale di condanna divenuto irrevocabile o sentenza di applicazione della pena su richiesta, ai sensi dell\u2019art. 444 c.p.p., per reati gravi in danno dello Stato o della Comunit\u00e0 che incidono sulla moralit\u00e0 professionale (\u00e8 comunque causa di esclusione la condanna, con sentenza passata in giudicato, per reati di partecipazione ad un&#8217;organizzazione criminale, corruzione, frode, riciclaggio);<\/li><li>non avere Amministratori e\/o Legali Rappresentanti che si siano resi colpevoli di false dichiarazioni nei rapporti con la Pubblica Amministrazione <\/li><\/ul>\n\n\n\n<p><br><strong>Criteri di selezione e comunicazione di ammissione<\/strong><\/p>\n\n\n\n<p>Le imprese ammesse alla partecipazione saranno selezionate sulla base dei seguenti criteri di valutazione (tra parentesi indicato il punteggio massimo di ciascun criterio):<\/p>\n\n\n\n<ol class=\"wp-block-list\" type=\"1\"><li>Contenuto innovativo del prodotto o servizio presentato (max 20 punti)<\/li><li>Prodotto o servizio b2b o, se b2c, con interesse a partnership industriali e\/o finanziarie (max 20 punti)<\/li><li>Prodotto o servizio gi\u00e0 industrializzato e pronto per il mercato, con interesse a sviluppo internazionale (max 20 punti)<\/li><li>Linee tecnologiche di sviluppo coerenti con uno o pi\u00f9 dei seguenti ambiti: Smart City, Smart Manufacturing, Energy &amp; Environment, Sostenibilit\u00e0, Economia Circolare, Internet of Things, Robotica (max 20 punti)<\/li><li>Collaborazioni e\/o referenze internazionali (max 20 punti).<\/li><\/ol>\n\n\n\n<p>Fermo il possesso dei requisiti indicati, saranno oggetto di selezione solo le prime 5 imprese che risulteranno aver ottenuto il maggiore punteggio in ragione della valutazione svolta secondo i criteri indicati nella presente manifestazione di interesse.<\/p>\n\n\n\n<p>Le imprese ammesse riceveranno <strong>apposita comunicazione<\/strong> riguardo alle modalit\u00e0 di organizzazione e gestione del proprio stand e saranno invitate a confermare la propria partecipazione secondo i termini e le modalit\u00e0 contenute nella stessa. Il mancato rispetto dei termini comporter\u00e0 l\u2019esclusione dell\u2019azienda. La mancata partecipazione senza giustificato motivo potrebbe essere causa di esclusione dell\u2019impresa ad iniziative future organizzate da Regione Lazio e Camera di Commercio di Roma.<\/p>\n\n\n\n<p>Si segnala, inoltre, che la suddetta manifestazione di interesse non vincola gli Enti promotori che si riservano, in qualsiasi momento, di poter annullare, qualora le circostanze lo richiedessero, l\u2019organizzazione della collettiva regionale alla Fiera in oggetto.<\/p>\n\n\n\n<p><br><strong>Condizioni di esclusione<\/strong><\/p>\n\n\n\n<p>Sono escluse dalla partecipazione le imprese gi\u00e0 presenti alla manifestazione con un proprio stand e le imprese morose nei confronti degli organizzatori per somme relative a precedenti manifestazioni, ovvero morose nei confronti di altri organismi in collaborazione con i quali gli organizzatori promuovono le iniziative<\/p>\n\n\n\n<p><br><strong>Regime di Aiuto<\/strong><\/p>\n\n\n\n<p>Considerata a volont\u00e0 degli Enti promotori di venire incontro alle esigenze delle imprese selezionate in collettiva, la partecipazione alla manifestazione \u00e8 gratuita, nel rispetto dei limiti del regime \u201cde minimis\u201d, fermo restando che rimangono a carico delle stesse le spese relative ad ogni ulteriore servizio extra di personalizzazione richiesto dalle imprese medesime.<\/p>\n\n\n\n<p>Il sostegno alle imprese si configura quale aiuto indiretto, per la partecipazione alle iniziative e manifestazioni promosse dalla Regione Lazio e sar\u00e0 concesso nel rispetto delle disposizioni di cui al Regolamento (UE) n.1407\/2013 del&nbsp;18 dicembre 2013&nbsp;relativo all\u2019applicazione degli articoli 107 e 108 del trattato sul funzionamento dell\u2019Unione Europea agli aiuti \u201cde minimis\u201d.<\/p>\n\n\n\n<p>A seguito dell\u2019obbligo di consultazione preventiva e di implementazione del Registro Nazionale degli Aiuti di Stato, di cui al Regolamento MISE n. 115 del&nbsp;31 maggio 2017, gli importi relativi alle agevolazioni concesse verranno conseguentemente inseriti nel suddetto Registro, fino ad un importo massimo di \u20ac 3.000,00 (tremila\/00) per impresa selezionata.<\/p>\n\n\n\n<p>Come previsto dall\u2019art. 3 par. 7 dello stesso Regolamento, qualora la concessione di nuovi aiuti \u201cde minimis\u201d comporti il superamento dei massimali previsti, nessuna delle nuove misure di aiuto pu\u00f2 beneficiare del Regolamento.<\/p>\n\n\n\n<p>L\u2019importo massimo delle agevolazioni in regime \u201cde minimis\u201d che possono essere concesse a una medesima impresa in un triennio (l\u2019esercizio finanziario in corso e i due precedenti), senza la preventiva notifica ed autorizzazione da parte della Commissione Europea e senza che ci\u00f2 possa pregiudicare le condizioni di concorrenza tra le imprese, \u00e8 pari a \u20ac 200.000,00.<\/p>\n\n\n\n<p>In caso di superamento delle soglie predette, l\u2019agevolazione suindicata non potr\u00e0 essere concessa, neppure per la parte che non superi detti massimali.<\/p>\n\n\n\n<p>Si fa presente che ciascuna impresa pu\u00f2 monitorare l\u2019importo delle agevolazioni in regime \u201cde minimis\u201d di cui ha beneficiato a far data dal&nbsp;12 agosto 2017, sul sito del Registro Nazionale degli Aiuti di Stato nella sezione Trasparenza al seguente link: <a href=\"https:\/\/www.rna.gov.it\/RegistroNazionaleTrasparenza\/faces\/pages\/TrasparenzaAiuto.jspx\" target=\"_blank\" rel=\"noreferrer noopener\">https:\/\/www.rna.gov.it\/RegistroNazionaleTrasparenza\/faces\/pages\/TrasparenzaAiuto.jspx<\/a><\/p>\n\n\n\n<p><br><strong>Privacy<\/strong><\/p>\n\n\n\n<p>I dati forniti saranno trattati dagli organizzatori in osservanza di quanto disposto dal Regolamento UE 679\/2016 sulla protezione dei dati personali.<\/p>\n\n\n\n<p><br><strong>Per informazioni rivolgersi a:<\/strong><\/p>\n\n\n\n<p>Regione Lazio &#8211; Lazio Innova S.p.A. \u2013 Area Internazionalizzazione &amp; Cluster<br>E-mail: internazionalizzazione@lazioinnova.it<br>Tel. 06.60.51.60<\/p>\n\n\n\n<p>Camera di Commercio di Roma \u2013 Area III Promozione e Sviluppo &#8211; Servizio Filiere produttive e Fiere:<br>e-mail: <a href=\"mailto:attivita.promozionali@rm.camcom.it\">attivita.promozionali@rm.camcom.it<\/a><br>tel. 06.52082571 &#8211; 2065<\/p>\n\n\n\n<p>Tutta la modulistica \u00e8 consultabile e scaricabile sui seguenti siti Istituzionali:<br><a href=\"http:\/\/www.laziointernational.it\/\" target=\"_blank\" rel=\"noreferrer noopener\">www.lazioinnova.it\/laziointernational<\/a><br><a href=\"http:\/\/www.rm.camcom.it\/\" target=\"_blank\" rel=\"noreferrer noopener\">www.rm.camcom.it<\/a><br><br><br><br><\/p>\n\n\n<div class=\"wp-block-image\">\n<figure class=\"aligncenter size-large is-resized\"><img loading=\"lazy\" decoding=\"async\" src=\"https:\/\/www.lazioinnova.it\/laziointernational\/app\/uploads\/2022\/11\/Blocco_Fondi_europei_positivo-1024x73.jpg\" alt=\"\" class=\"wp-image-8334\" width=\"697\" height=\"49\" srcset=\"https:\/\/www.lazioinnova.it\/laziointernational\/app\/uploads\/2022\/11\/Blocco_Fondi_europei_positivo-1024x73.jpg 1024w, https:\/\/www.lazioinnova.it\/laziointernational\/app\/uploads\/2022\/11\/Blocco_Fondi_europei_positivo-300x21.jpg 300w, https:\/\/www.lazioinnova.it\/laziointernational\/app\/uploads\/2022\/11\/Blocco_Fondi_europei_positivo-768x54.jpg 768w, https:\/\/www.lazioinnova.it\/laziointernational\/app\/uploads\/2022\/11\/Blocco_Fondi_europei_positivo-1536x109.jpg 1536w, https:\/\/www.lazioinnova.it\/laziointernational\/app\/uploads\/2022\/11\/Blocco_Fondi_europei_positivo.jpg 1678w\" sizes=\"auto, (max-width: 697px) 100vw, 697px\" \/><\/figure><\/div>","protected":false},"excerpt":{"rendered":"<p>Manifestazione di interesse per la partecipazione al MAKER FAIRE ROME \u2013 THE EUROPEAN EDITION &#8211; #MFR2022, Roma 7 \u2013 9 ottobre 2022<\/p>\n","protected":false},"author":2,"featured_media":7461,"comment_status":"closed","ping_status":"open","sticky":false,"template":"","format":"standard","meta":{"_acf_changed":false,"ghostkit_customizer_options":"","ghostkit_custom_css":"","ghostkit_custom_js_head":"","ghostkit_custom_js_foot":"","ghostkit_typography":"","footnotes":""},"categories":[45,63,2,269],"tags":[32,26,158,93,42,61,293,291,19,72,292,62],"class_list":["post-7459","post","type-post","status-publish","format-standard","has-post-thumbnail","hentry","category-bandi-e-finanziamenti","category-community-degli-innovatori","category-fiere-e-iniziative-internazionali","category-network","tag-aerospazio","tag-agro-industria","tag-ai","tag-camera-di-commercio-di-roma","tag-ict","tag-industria-culturale-e-audiovisivo","tag-iot","tag-maker-faire-2022","tag-multisettore","tag-regione-lazio","tag-robotica-2","tag-smart-cities-tech"],"acf":{"homepage_image":null},"yoast_head":"<!-- This site is optimized with the Yoast SEO plugin v24.2 - https:\/\/yoast.com\/wordpress\/plugins\/seo\/ -->\n<title>Maker Faire Rome \u2013 The European Edition - #MFR2022 - Lazio International - Lazio Innova<\/title>\n<meta name=\"description\" content=\"Manifestazione di interesse per la partecipazione al MAKER FAIRE ROME \u2013 THE EUROPEAN EDITION - #MFR2022, Roma 7 \u2013 9 ottobre 2022\" \/>\n<meta name=\"robots\" content=\"index, follow, max-snippet:-1, max-image-preview:large, max-video-preview:-1\" \/>\n<link rel=\"canonical\" href=\"https:\/\/www.lazioinnova.it\/laziointernational\/2022\/09\/28\/maker-faire-rome-the-european-edition-mfr2022\/\" \/>\n<meta property=\"og:locale\" content=\"it_IT\" \/>\n<meta property=\"og:type\" content=\"article\" \/>\n<meta property=\"og:title\" content=\"Maker Faire Rome \u2013 The European Edition - #MFR2022 - Lazio International - Lazio Innova\" \/>\n<meta property=\"og:description\" content=\"Manifestazione di interesse per la partecipazione al MAKER FAIRE ROME \u2013 THE EUROPEAN EDITION - #MFR2022, Roma 7 \u2013 9 ottobre 2022\" \/>\n<meta property=\"og:url\" content=\"https:\/\/www.lazioinnova.it\/laziointernational\/2022\/09\/28\/maker-faire-rome-the-european-edition-mfr2022\/\" \/>\n<meta property=\"og:site_name\" content=\"Lazio International - Lazio Innova\" \/>\n<meta property=\"article:published_time\" content=\"2022-09-28T13:38:54+00:00\" \/>\n<meta property=\"article:modified_time\" content=\"2022-11-29T17:55:55+00:00\" \/>\n<meta property=\"og:image\" content=\"https:\/\/www.lazioinnova.it\/laziointernational\/app\/uploads\/2022\/09\/IMMAGINE-ORIZZONTALE.png\" \/>\n\t<meta property=\"og:image:width\" content=\"1280\" \/>\n\t<meta property=\"og:image:height\" content=\"487\" \/>\n\t<meta property=\"og:image:type\" content=\"image\/png\" \/>\n<meta name=\"author\" content=\"Simona Carloppi\" \/>\n<meta name=\"twitter:card\" content=\"summary_large_image\" \/>\n<meta name=\"twitter:label1\" content=\"Scritto da\" \/>\n\t<meta name=\"twitter:data1\" content=\"Simona Carloppi\" \/>\n\t<meta name=\"twitter:label2\" content=\"Tempo di lettura stimato\" \/>\n\t<meta name=\"twitter:data2\" content=\"8 minuti\" \/>\n<script type=\"application\/ld+json\" class=\"yoast-schema-graph\">{\"@context\":\"https:\/\/schema.org\",\"@graph\":[{\"@type\":\"WebPage\",\"@id\":\"https:\/\/www.lazioinnova.it\/laziointernational\/2022\/09\/28\/maker-faire-rome-the-european-edition-mfr2022\/\",\"url\":\"https:\/\/www.lazioinnova.it\/laziointernational\/2022\/09\/28\/maker-faire-rome-the-european-edition-mfr2022\/\",\"name\":\"Maker Faire Rome \u2013 The European Edition - #MFR2022 - Lazio International - Lazio Innova\",\"isPartOf\":{\"@id\":\"https:\/\/www.lazioinnova.it\/laziointernational\/#website\"},\"primaryImageOfPage\":{\"@id\":\"https:\/\/www.lazioinnova.it\/laziointernational\/2022\/09\/28\/maker-faire-rome-the-european-edition-mfr2022\/#primaryimage\"},\"image\":{\"@id\":\"https:\/\/www.lazioinnova.it\/laziointernational\/2022\/09\/28\/maker-faire-rome-the-european-edition-mfr2022\/#primaryimage\"},\"thumbnailUrl\":\"https:\/\/www.lazioinnova.it\/laziointernational\/app\/uploads\/2022\/09\/IMMAGINE-ORIZZONTALE.png\",\"datePublished\":\"2022-09-28T13:38:54+00:00\",\"dateModified\":\"2022-11-29T17:55:55+00:00\",\"author\":{\"@id\":\"https:\/\/www.lazioinnova.it\/laziointernational\/#\/schema\/person\/c42136fe1dbbf753456b892800a5e2f2\"},\"description\":\"Manifestazione di interesse per la partecipazione al MAKER FAIRE ROME \u2013 THE EUROPEAN EDITION - #MFR2022, Roma 7 \u2013 9 ottobre 2022\",\"breadcrumb\":{\"@id\":\"https:\/\/www.lazioinnova.it\/laziointernational\/2022\/09\/28\/maker-faire-rome-the-european-edition-mfr2022\/#breadcrumb\"},\"inLanguage\":\"it-IT\",\"potentialAction\":[{\"@type\":\"ReadAction\",\"target\":[\"https:\/\/www.lazioinnova.it\/laziointernational\/2022\/09\/28\/maker-faire-rome-the-european-edition-mfr2022\/\"]}]},{\"@type\":\"ImageObject\",\"inLanguage\":\"it-IT\",\"@id\":\"https:\/\/www.lazioinnova.it\/laziointernational\/2022\/09\/28\/maker-faire-rome-the-european-edition-mfr2022\/#primaryimage\",\"url\":\"https:\/\/www.lazioinnova.it\/laziointernational\/app\/uploads\/2022\/09\/IMMAGINE-ORIZZONTALE.png\",\"contentUrl\":\"https:\/\/www.lazioinnova.it\/laziointernational\/app\/uploads\/2022\/09\/IMMAGINE-ORIZZONTALE.png\",\"width\":1280,\"height\":487},{\"@type\":\"BreadcrumbList\",\"@id\":\"https:\/\/www.lazioinnova.it\/laziointernational\/2022\/09\/28\/maker-faire-rome-the-european-edition-mfr2022\/#breadcrumb\",\"itemListElement\":[{\"@type\":\"ListItem\",\"position\":1,\"name\":\"Home\",\"item\":\"https:\/\/www.lazioinnova.it\/laziointernational\/\"},{\"@type\":\"ListItem\",\"position\":2,\"name\":\"Maker Faire Rome \u2013 The European Edition &#8211; #MFR2022\"}]},{\"@type\":\"WebSite\",\"@id\":\"https:\/\/www.lazioinnova.it\/laziointernational\/#website\",\"url\":\"https:\/\/www.lazioinnova.it\/laziointernational\/\",\"name\":\"Lazio International - Lazio Innova\",\"description\":\"Lazio Innova\",\"potentialAction\":[{\"@type\":\"SearchAction\",\"target\":{\"@type\":\"EntryPoint\",\"urlTemplate\":\"https:\/\/www.lazioinnova.it\/laziointernational\/?s={search_term_string}\"},\"query-input\":{\"@type\":\"PropertyValueSpecification\",\"valueRequired\":true,\"valueName\":\"search_term_string\"}}],\"inLanguage\":\"it-IT\"},{\"@type\":\"Person\",\"@id\":\"https:\/\/www.lazioinnova.it\/laziointernational\/#\/schema\/person\/c42136fe1dbbf753456b892800a5e2f2\",\"name\":\"Simona Carloppi\",\"image\":{\"@type\":\"ImageObject\",\"inLanguage\":\"it-IT\",\"@id\":\"https:\/\/www.lazioinnova.it\/laziointernational\/#\/schema\/person\/image\/\",\"url\":\"https:\/\/secure.gravatar.com\/avatar\/8d7fe71331ccbaeb40791de4715cc129?s=96&d=mm&r=g\",\"contentUrl\":\"https:\/\/secure.gravatar.com\/avatar\/8d7fe71331ccbaeb40791de4715cc129?s=96&d=mm&r=g\",\"caption\":\"Simona Carloppi\"},\"url\":\"https:\/\/www.lazioinnova.it\/laziointernational\/author\/s-carloppi\/\"}]}<\/script>\n<!-- \/ Yoast SEO plugin. -->","yoast_head_json":{"title":"Maker Faire Rome \u2013 The European Edition - #MFR2022 - Lazio International - Lazio Innova","description":"Manifestazione di interesse per la partecipazione al MAKER FAIRE ROME \u2013 THE EUROPEAN EDITION - #MFR2022, Roma 7 \u2013 9 ottobre 2022","robots":{"index":"index","follow":"follow","max-snippet":"max-snippet:-1","max-image-preview":"max-image-preview:large","max-video-preview":"max-video-preview:-1"},"canonical":"https:\/\/www.lazioinnova.it\/laziointernational\/2022\/09\/28\/maker-faire-rome-the-european-edition-mfr2022\/","og_locale":"it_IT","og_type":"article","og_title":"Maker Faire Rome \u2013 The European Edition - #MFR2022 - Lazio International - Lazio Innova","og_description":"Manifestazione di interesse per la partecipazione al MAKER FAIRE ROME \u2013 THE EUROPEAN EDITION - #MFR2022, Roma 7 \u2013 9 ottobre 2022","og_url":"https:\/\/www.lazioinnova.it\/laziointernational\/2022\/09\/28\/maker-faire-rome-the-european-edition-mfr2022\/","og_site_name":"Lazio International - Lazio Innova","article_published_time":"2022-09-28T13:38:54+00:00","article_modified_time":"2022-11-29T17:55:55+00:00","og_image":[{"width":1280,"height":487,"url":"https:\/\/www.lazioinnova.it\/laziointernational\/app\/uploads\/2022\/09\/IMMAGINE-ORIZZONTALE.png","type":"image\/png"}],"author":"Simona Carloppi","twitter_card":"summary_large_image","twitter_misc":{"Scritto da":"Simona Carloppi","Tempo di lettura stimato":"8 minuti"},"schema":{"@context":"https:\/\/schema.org","@graph":[{"@type":"WebPage","@id":"https:\/\/www.lazioinnova.it\/laziointernational\/2022\/09\/28\/maker-faire-rome-the-european-edition-mfr2022\/","url":"https:\/\/www.lazioinnova.it\/laziointernational\/2022\/09\/28\/maker-faire-rome-the-european-edition-mfr2022\/","name":"Maker Faire Rome \u2013 The European Edition - #MFR2022 - Lazio International - Lazio Innova","isPartOf":{"@id":"https:\/\/www.lazioinnova.it\/laziointernational\/#website"},"primaryImageOfPage":{"@id":"https:\/\/www.lazioinnova.it\/laziointernational\/2022\/09\/28\/maker-faire-rome-the-european-edition-mfr2022\/#primaryimage"},"image":{"@id":"https:\/\/www.lazioinnova.it\/laziointernational\/2022\/09\/28\/maker-faire-rome-the-european-edition-mfr2022\/#primaryimage"},"thumbnailUrl":"https:\/\/www.lazioinnova.it\/laziointernational\/app\/uploads\/2022\/09\/IMMAGINE-ORIZZONTALE.png","datePublished":"2022-09-28T13:38:54+00:00","dateModified":"2022-11-29T17:55:55+00:00","author":{"@id":"https:\/\/www.lazioinnova.it\/laziointernational\/#\/schema\/person\/c42136fe1dbbf753456b892800a5e2f2"},"description":"Manifestazione di interesse per la partecipazione al MAKER FAIRE ROME \u2013 THE EUROPEAN EDITION - #MFR2022, Roma 7 \u2013 9 ottobre 2022","breadcrumb":{"@id":"https:\/\/www.lazioinnova.it\/laziointernational\/2022\/09\/28\/maker-faire-rome-the-european-edition-mfr2022\/#breadcrumb"},"inLanguage":"it-IT","potentialAction":[{"@type":"ReadAction","target":["https:\/\/www.lazioinnova.it\/laziointernational\/2022\/09\/28\/maker-faire-rome-the-european-edition-mfr2022\/"]}]},{"@type":"ImageObject","inLanguage":"it-IT","@id":"https:\/\/www.lazioinnova.it\/laziointernational\/2022\/09\/28\/maker-faire-rome-the-european-edition-mfr2022\/#primaryimage","url":"https:\/\/www.lazioinnova.it\/laziointernational\/app\/uploads\/2022\/09\/IMMAGINE-ORIZZONTALE.png","contentUrl":"https:\/\/www.lazioinnova.it\/laziointernational\/app\/uploads\/2022\/09\/IMMAGINE-ORIZZONTALE.png","width":1280,"height":487},{"@type":"BreadcrumbList","@id":"https:\/\/www.lazioinnova.it\/laziointernational\/2022\/09\/28\/maker-faire-rome-the-european-edition-mfr2022\/#breadcrumb","itemListElement":[{"@type":"ListItem","position":1,"name":"Home","item":"https:\/\/www.lazioinnova.it\/laziointernational\/"},{"@type":"ListItem","position":2,"name":"Maker Faire Rome \u2013 The European Edition &#8211; #MFR2022"}]},{"@type":"WebSite","@id":"https:\/\/www.lazioinnova.it\/laziointernational\/#website","url":"https:\/\/www.lazioinnova.it\/laziointernational\/","name":"Lazio International - Lazio Innova","description":"Lazio Innova","potentialAction":[{"@type":"SearchAction","target":{"@type":"EntryPoint","urlTemplate":"https:\/\/www.lazioinnova.it\/laziointernational\/?s={search_term_string}"},"query-input":{"@type":"PropertyValueSpecification","valueRequired":true,"valueName":"search_term_string"}}],"inLanguage":"it-IT"},{"@type":"Person","@id":"https:\/\/www.lazioinnova.it\/laziointernational\/#\/schema\/person\/c42136fe1dbbf753456b892800a5e2f2","name":"Simona Carloppi","image":{"@type":"ImageObject","inLanguage":"it-IT","@id":"https:\/\/www.lazioinnova.it\/laziointernational\/#\/schema\/person\/image\/","url":"https:\/\/secure.gravatar.com\/avatar\/8d7fe71331ccbaeb40791de4715cc129?s=96&d=mm&r=g","contentUrl":"https:\/\/secure.gravatar.com\/avatar\/8d7fe71331ccbaeb40791de4715cc129?s=96&d=mm&r=g","caption":"Simona Carloppi"},"url":"https:\/\/www.lazioinnova.it\/laziointernational\/author\/s-carloppi\/"}]}},"featured_image_src":"https:\/\/www.lazioinnova.it\/laziointernational\/app\/uploads\/2022\/09\/IMMAGINE-ORIZZONTALE-600x400.png","featured_image_src_square":"https:\/\/www.lazioinnova.it\/laziointernational\/app\/uploads\/2022\/09\/IMMAGINE-ORIZZONTALE-600x487.png","author_info":{"display_name":"Simona Carloppi","author_link":"https:\/\/www.lazioinnova.it\/laziointernational\/author\/s-carloppi\/"},"homepage_image":"","_links":{"self":[{"href":"https:\/\/www.lazioinnova.it\/laziointernational\/wp-json\/wp\/v2\/posts\/7459","targetHints":{"allow":["GET"]}}],"collection":[{"href":"https:\/\/www.lazioinnova.it\/laziointernational\/wp-json\/wp\/v2\/posts"}],"about":[{"href":"https:\/\/www.lazioinnova.it\/laziointernational\/wp-json\/wp\/v2\/types\/post"}],"author":[{"embeddable":true,"href":"https:\/\/www.lazioinnova.it\/laziointernational\/wp-json\/wp\/v2\/users\/2"}],"replies":[{"embeddable":true,"href":"https:\/\/www.lazioinnova.it\/laziointernational\/wp-json\/wp\/v2\/comments?post=7459"}],"version-history":[{"count":11,"href":"https:\/\/www.lazioinnova.it\/laziointernational\/wp-json\/wp\/v2\/posts\/7459\/revisions"}],"predecessor-version":[{"id":8362,"href":"https:\/\/www.lazioinnova.it\/laziointernational\/wp-json\/wp\/v2\/posts\/7459\/revisions\/8362"}],"wp:featuredmedia":[{"embeddable":true,"href":"https:\/\/www.lazioinnova.it\/laziointernational\/wp-json\/wp\/v2\/media\/7461"}],"wp:attachment":[{"href":"https:\/\/www.lazioinnova.it\/laziointernational\/wp-json\/wp\/v2\/media?parent=7459"}],"wp:term":[{"taxonomy":"category","embeddable":true,"href":"https:\/\/www.lazioinnova.it\/laziointernational\/wp-json\/wp\/v2\/categories?post=7459"},{"taxonomy":"post_tag","embeddable":true,"href":"https:\/\/www.lazioinnova.it\/laziointernational\/wp-json\/wp\/v2\/tags?post=7459"}],"curies":[{"name":"wp","href":"https:\/\/api.w.org\/{rel}","templated":true}]}}