{"id":97,"date":"2008-06-12T16:49:01","date_gmt":"2008-06-12T14:49:01","guid":{"rendered":"http:\/\/www.laziointernational.it\/2008\/06\/12\/forum-bilaterale-internazionale-egitto-2008-464\/"},"modified":"2008-06-12T16:49:01","modified_gmt":"2008-06-12T14:49:01","slug":"forum-bilaterale-internazionale-egitto-2008-464","status":"publish","type":"post","link":"https:\/\/www.lazioinnova.it\/laziointernational\/2008\/06\/12\/forum-bilaterale-internazionale-egitto-2008-464\/","title":{"rendered":"Forum Bilaterale Internazionale &#8211; Egitto 2008"},"content":{"rendered":"<p><span class=\"date\">Il Cairo (Egitto),\u00a09-10 giugno\u00a02008<br \/><\/span><em><img loading=\"lazy\" decoding=\"async\" width=\"76\" src=\"\/files\/stories\/lazio_med_iii.gif\" alt=\"lazio_med\" height=\"74\" title=\"lazio_med\" \/>&#8220;Le imprese della cultura. Indotto economico e risorse. Sviluppo del patrimonio storico-culturale<\/em>\u201d<\/p>\n<p>La Regione Lazio, in collaborazione con Sviluppo Lazio ed altri organismi\u00a0del territorio, ha organizzato in Egitto una serie di eventi che hanno coinvolto il mondo dell\u2019arte, della cultura, della moda e del cinema, parallelamente allo svolgimento\u00a0della III^ edizione del\u00a0Festival Internazionale\u00a0<em>&#8220;Il Lazio tra Europa e Mediterraneo&#8221;<\/em> sul territorio laziale.<\/p>\n<p>\u00a0<\/p>\n<h5 class=\"linea\">FORUM BILATERALE INTERNAZIONALE<\/h5>\n<p>Il 9 giugno presso il Supreme Council of Culture\u00a0 si \u00e8 tenuto il Forum Bilaterale &#8220;<em>Le imprese della cultura. Indotto economico e risorse. Sviluppo del\u00a0 patrimonio storico-culturale<\/em>&#8220;, finalizzato ad indagare il\u00a0 rapporto tra Beni Culturali e Alta Tecnologia attraverso il dialogo tra i diversi soggetti operanti che hanno raccontato le proprie esperienze, evidenziando percorsi di sviluppo e strategie in grado di promuovere e sostenere un raccordo tra le istituzioni, le universit\u00e0, gli enti, gli istituti di ricerca ed il mondo imprenditoriale e formulando ipotesi per nuovi percorsi di cooperazione tra i vari paesi del Mediterraneo.<\/p>\n<p>Il Ministro della Cultura della Repubblica Araba d\u2019Egitto, Farouk Hosny, ha tenuto il discorso di apertura del forum, mentre a chiudere i lavori \u00e8 stato il Presidente della Regione Lazio, Piero Marrazzo.<br \/>Sono intervenuti l\u2019Assessore allo Sviluppo economico, Ricerca, Innovazione e Turismo, Claudio Mancini, e l\u2019Assessore alle PMI, Artigianato e Commercio, Francesco de Angelis, oltre a numerose personalit\u00e0 del mondo della cultura egiziana e laziale.<\/p>\n<p>\u00a0<\/p>\n<p style=\"color: #000000\">\u00a0<\/p>\n<h5 class=\"linea\">MOSTRE FOTOGRAFICHE e PROIEZIONI\u00a0<\/h5>\n<p>Il giorno 9 giugno sono state inaugurate, presso l\u2019Horizon One Gallery, due esposizioni:<\/p>\n<p>\u00a0<\/p>\n<h5 style=\"color: #1465b1\">Mostra fotografica e proiezione<\/h5>\n<p><strong>&#8220;<\/strong><em>Ciao Anna. Il centenario<\/em>&#8221; &#8211;\u00a0a\u00a0cura di Anna Maria Cuzzolaro con la collaborazione di Luca Magnani<\/p>\n<p>Mostra fotografica dedicata alla grande Anna Magnani, attrice italiana molto amata in Egitto, con foto inedite provenienti dall\u2019archivio di famiglia. L\u2019Atelier Gattinoni\u00a0 ha gentilmente prestato quattro suoi abiti, appartenuti alla Magnani,\u00a0che sono stati esposti insieme alle foto.<\/p>\n<p>\u00a0<\/p>\n<p>PROIEZIONE del film &#8220;<em>La sciantosa<\/em>&#8221; di Alfredo Giannetti (1970)\u00a0 presso l\u2019Opera House, Small Hall.<br \/>Pellicola inedita in Egitto, che riassume simbolicamente l\u2019intensit\u00e0 interpretativa, l\u2019innegabile professionalit\u00e0 e la levatura internazionale di Anna Magnani.<\/p>\n<p>\u00a0<\/p>\n<h5 style=\"color: #1465b1\">Mostra fotografica<\/h5>\n<p>&#8220;<em>Mediterraneo<\/em>&#8221; di Fulvio Roiter<\/p>\n<p>Nel 1987 il grande fotografo italiano ha pubblicato un intero portfolio dedicato all\u2019Egitto, di cui \u00e8 stata\u00a0 presentata, in questa occasione, una selezione particolarmente significativa.<\/p>\n<p>\u00a0<\/p>\n<h5 style=\"color: #1465b1\">Sfilata di moda<\/h5>\n<p><em>&#8220;Donna, Arte e Moda&#8221; &#8211; <\/em>Bilotta, Gattinoni,\u00a0Dagher \u00a0<\/p>\n<p>\u00a0<\/p>\n<p>La serata di gala con sfilata di alta moda, organizzata da Sviluppo Lazio, Ice ed AltaRoma, per la regia di Mazzini Eventi, si \u00e8 tenuta il giorno 10 giugno 2008 negli splendidi giardini del Manial Palace, dove, alla presenza del Ministro della Cultura Egiziano &#8211; Farouk Hosni &#8211; del Presidente della Regione Lazio &#8211; Pietro Marrazzo &#8211; dell\u2019Ambasciatore d\u2019Italia al Cairo &#8211; Claudio Pacifico &#8211; e di ospiti illustri e giornalisti hanno sfilato le collezioni di Gattinoni, Bilotta e del giovane stilista egiziano Dagher.<\/p>\n<p>\u00a0<\/p>\n<p>Gattinoni ha presentato una selezione di abiti, disegnati dal direttore creativo Guillermo Mariotto,<br \/>particolarmente ricercati nell\u2019accostamento di tessuti e accessori, mentre Bilotta ha proposto una serie di creazioni uniche nei tagli sartoriali e nei preziosi ricami.<\/p>\n<p>\u00a0<\/p>\n<p>La sfilata \u00e8 stata aperta dall&#8217;Assessore Francesco De Angelis e della presidentessa di AltaRoma, Nicoletta Fiorucci ed intramezzata dalle performances dei ballerini Kristian Cellini e Francesca Malacarne, a rappresentanza dello stretto connubio tra alta moda e arte.<\/p>\n<p>\u00a0<\/p>\n<p>Durante la sfilata \u00e8 stato proiettato in background\u00a0un video sulle collezioni dei tre stilisti partecipanti, realizzato il giorno 8 giugno da Alessandro Mazzini nell&#8217;area delle Piramidi, su speciale\u00a0concessione del Ministero della Cultura della Repubblica Araba d\u2019Egitto.<\/p>\n<p>\u00a0<\/p>\n<p class=\"download_titolo\">DOWNLOAD<\/p>\n<p><img loading=\"lazy\" decoding=\"async\" align=\"absMiddle\" width=\"21\" src=\"\/images\/logo_pdf.gif\" alt=\"pdf\" height=\"20\" \/>\u00a0<a href=\"docman\/documenti\/programma-cairo08\/download.html\" title=\"programma\">programma<\/a><\/p>\n<p style=\"text-align: center\">\u00a0<\/p>\n<p>La missione, nata come primo approccio di sistema, ha visto la partecipazione di\u00a0imprese laziali dei settori interessati (restauro, tecnologie applicate, recupero del patrimonio storico e culturale, merchandising).<\/p>\n<p style=\"text-align: center\">\u00a0<\/p>\n<p style=\"text-align: center\"><em>Woman, Art &amp; Fashion<\/em><\/p>\n<p style=\"text-align: center\"><a href=\"docman\/brochure-eventi\/lazio-life-style-in-egipt-2008\/download.html\" title=\"lazio life style in egipt 2008\"><img loading=\"lazy\" decoding=\"async\" width=\"165\" src=\"\/files\/stories\/cairo08_brochure.gif\" alt=\"brochure\" height=\"164\" \/><\/a><\/p>\n<p style=\"text-align: center\"><img loading=\"lazy\" decoding=\"async\" align=\"absMiddle\" width=\"21\" src=\"\/images\/logo_pdf.gif\" alt=\"pdf\" height=\"20\" \/>\u00a0<a href=\"docman\/brochure-eventi\/lazio-life-style-in-egipt-2008\/download.html\" title=\"lazio life style in egipt 2008\">download brochure<\/a><\/p>\n<p>\u00a0<\/p>\n<p>\u00a0<\/p>\n<h5 style=\"color: #1465b1; border-bottom: #9fa1a4 1px solid\">RASSEGNA STAMPA &#8211; <a href=\"downloads\/forum-internazionale-bilaterale-egitto-2008\/\">clicca qui<\/a><\/h5>\n<p style=\"color: #000000\"><img loading=\"lazy\" decoding=\"async\" align=\"right\" width=\"91\" src=\"\/images\/Edicola\/rassegna.gif\" alt=\"rassegna stampa\" height=\"62\" title=\"rassegna stampa\" \/><\/p>\n<h5 style=\"color: #000000\">Cultura, il Lazio verso l&#8217;Egitto<br \/><em>L&#8217;assessore allo Sviluppo, Mancini, al Cairo ha parlato dell&#8217;industria della nostra regione<\/em><\/h5>\n<p style=\"color: #000000\">Ciociaria Oggi &#8211; 10 giugno 2008\u00a0<\/p>\n<p style=\"color: #000000\">\u00a0<\/p>\n<h5 style=\"color: #000000\">E la Magnani diventa regina del Cairo<br \/><em>La collaborazione Italia-Egitto per rilanciare il museo pi\u00f9 antico del mondo<\/em><\/h5>\n<p style=\"color: #000000\">Il Messaggero &#8211; 10 giugno 2008<\/p>\n<p style=\"color: #000000\">\u00a0<\/p>\n<h5 style=\"color: #000000\">La cultura diventa hi-tech\u00a0<br \/><em>La Regione presenta in Egitto i progetti del Distretto tecnologico<\/em><\/h5>\n<p style=\"color: #000000\">Il Tempo Roma &#8211; 10 giugno 2008<\/p>\n<p style=\"color: #000000\">\u00a0<\/p>\n<p style=\"color: #000000\" class=\"img_titolo\">IMMAGINI<\/p>\n<p>Clicca sulle immagini per avviare la presentazione.\u00a0<\/p>\n<p>\u00a0<\/p>\n<h5 class=\"linea\">FORUM BILATERALE INTERNAZIONALE<\/h5>\n<p>{gallery}cairo_08\/forum{\/gallery}<\/p>\n<h5 class=\"linea\">MOSTRE FOTOGRAFICHE<\/h5>\n<p style=\"color: #000000\">{gallery}cairo_08\/mostra{\/gallery}<\/p>\n<h5 class=\"linea\">SFILATA DI MODA: Bilotta &#8211; Gattinoni &#8211; Dagher<\/h5>\n<p align=\"right\" style=\"color: #000000\">&gt;&gt;&gt; <a target=\"_blank\" href=\"http:\/\/www.altaroma.it\/Italiano\/Eventi.asp?cmd=view&amp;ID=30\" title=\"Altaroma\">Altre immagini dal sito di Altaroma<\/a><\/p>\n<p style=\"color: #000000\">{gallery}cairo_08\/sfilata{\/gallery}<\/p>\n<h5 class=\"linea\">SFILATA DI MODA: Reportage alle Piramidi<\/h5>\n<p align=\"right\" style=\"color: #000000\">&gt;&gt;&gt; <span style=\"color: #800080;\"><a target=\"_blank\" href=\"http:\/\/www.altaroma.it\/Italiano\/Eventi.asp?cmd=view&amp;ID=30\" title=\"Altaroma\">Altre immagini dal sito di Altaroma<\/a><\/span>\u00a0<\/p>\n<p style=\"color: #000000\">{gallery}cairo_08\/rep_piramidi{\/gallery}<\/p>\n<p align=\"right\" style=\"color: #000000\"><span style=\"color: #800080;\"><a target=\"_blank\" href=\"http:\/\/www.altaroma.it\/Italiano\/Eventi.asp?cmd=view&amp;ID=30\" title=\"Altaroma\"><\/a><\/span><\/p>\n<h5 class=\"linea\">FESTIVAL INTERNAZIONALE &#8220;Il Lazio tra Europa e Mediterraneo&#8221; &#8211; III Edizione<\/h5>\n<p>Promosso da Regione Lazio\u00a0in collaborazione con Sviluppo Lazio ed altre istituzioni, enti ed imprese rappresentative delle eccellenze del territorio laziale, il Festival Internazionale\u00a0<em>&#8220;Il Lazio tra Europa e Mediterraneo&#8221;<\/em>\u00a0\u00e8 un&#8217;iniziativa nata\u00a0nel 2006,\u00a0ideata e realizzata da Comunicare Organizzando Srl, sotto l\u2019Alto Patronato del Presidente della Repubblica Italiana e con il Patrocinio del Ministero degli Affari Esteri.<\/p>\n<p>\u00a0<\/p>\n<p>Il Festival\u00a0trae origine dalla volont\u00e0 di arricchire le relazioni strategiche tra l\u2019Europa e i Paesi del Mediterraneo, assegnando al Lazio un ruolo centrale in funzione di promotore di iniziative di sviluppo territoriale e di animatore del dialogo interculturale. Al fine di avvicinare maggiormente la realt\u00e0 territoriale laziale alle esigenze e alle specificit\u00e0 dei contesti locali, si \u00e8 deciso di &#8220;esportare&#8221;\u00a0parte dell&#8217;edizione 2008 del\u00a0Festival in Egitto,\u00a0al Cairo, dove saranno realizzati una serie di eventi che coinvolgeranno il mondo dell\u2019arte, della cultura, della moda e del cinema.<\/p>\n<p>\u00a0<\/p>\n<p class=\"info_titolo\">INFORMAZIONI<\/p>\n<p>Sviluppo Lazio S.p.A.<\/p>\n<p><em>Servizio Sviluppo Economico \u2013 Area Internazionalizzazione<\/em><\/p>\n<p><strong>Tel.<\/strong> 06-84568.291\/217\/229<\/p>\n<p><strong>Fax.<\/strong> 06-84568.332\/217<\/p>\n<p><strong>e-mail: <\/strong><a href=\"mailto:sprintlazio@agenziasviluppolazio.it\">sprintlazio@agenziasviluppolazio.it<\/a><\/p>\n<p>\u00a0\u00a0\u00a0\u00a0\u00a0\u00a0\u00a0\u00a0\u00a0\u00a0\u00a0 <a href=\"mailto:internazionalizzazione@agenziasviluppolazio.it\">internazionalizzazione@agenziasviluppolazio.it<\/a><\/p>\n","protected":false},"excerpt":{"rendered":"<p>Il Cairo (Egitto),\u00a09-10 giugno\u00a02008<br \/>\n&#8220;Le imprese della cultura. Indotto economico e risorse. Sviluppo del patrimonio storico-culturale\u201d<br \/>\nLa Regione Lazio, in collaborazione con Sviluppo Lazio ed altri organismi\u00a0del territorio, ha organizzato in Egitto una serie di eventi che hanno coinvolto il mondo dell\u2019arte, della cultura, della moda e del cinema, parallelamente allo svolgimento\u00a0della III^ edizione del\u00a0Festival Internazionale\u00a0&#8220;Il Lazio tra Europa e Mediterraneo&#8221; sul territorio laziale.<\/p>\n","protected":false},"author":1,"featured_media":0,"comment_status":"closed","ping_status":"closed","sticky":false,"template":"","format":"standard","meta":{"_acf_changed":false,"ghostkit_customizer_options":"","ghostkit_custom_css":"","ghostkit_custom_js_head":"","ghostkit_custom_js_foot":"","ghostkit_typography":"","footnotes":""},"categories":[2],"tags":[20],"class_list":["post-97","post","type-post","status-publish","format-standard","hentry","category-fiere-e-iniziative-internazionali","tag-mediterraneo"],"acf":{"homepage_image":null},"yoast_head":"<!-- This site is optimized with the Yoast SEO plugin v24.2 - https:\/\/yoast.com\/wordpress\/plugins\/seo\/ -->\n<title>Forum Bilaterale Internazionale - Egitto 2008 - Lazio International - Lazio Innova<\/title>\n<meta name=\"robots\" content=\"index, follow, max-snippet:-1, max-image-preview:large, max-video-preview:-1\" \/>\n<link rel=\"canonical\" href=\"https:\/\/www.lazioinnova.it\/laziointernational\/2008\/06\/12\/forum-bilaterale-internazionale-egitto-2008-464\/\" \/>\n<meta property=\"og:locale\" content=\"it_IT\" \/>\n<meta property=\"og:type\" content=\"article\" \/>\n<meta property=\"og:title\" content=\"Forum Bilaterale Internazionale - Egitto 2008 - Lazio International - Lazio Innova\" \/>\n<meta property=\"og:description\" content=\"Il Cairo (Egitto),\u00a09-10 giugno\u00a02008 &quot;Le imprese della cultura. Indotto economico e risorse. Sviluppo del patrimonio storico-culturale\u201d La Regione Lazio, in collaborazione con Sviluppo Lazio ed altri organismi\u00a0del territorio, ha organizzato in Egitto una serie di eventi che hanno coinvolto il mondo dell\u2019arte, della cultura, della moda e del cinema, parallelamente allo svolgimento\u00a0della III^ edizione del\u00a0Festival Internazionale\u00a0&quot;Il Lazio tra Europa e Mediterraneo&quot; sul territorio laziale.\" \/>\n<meta property=\"og:url\" content=\"https:\/\/www.lazioinnova.it\/laziointernational\/2008\/06\/12\/forum-bilaterale-internazionale-egitto-2008-464\/\" \/>\n<meta property=\"og:site_name\" content=\"Lazio International - Lazio Innova\" \/>\n<meta property=\"article:published_time\" content=\"2008-06-12T14:49:01+00:00\" \/>\n<meta name=\"author\" content=\"admin\" \/>\n<meta name=\"twitter:card\" content=\"summary_large_image\" \/>\n<meta name=\"twitter:label1\" content=\"Scritto da\" \/>\n\t<meta name=\"twitter:data1\" content=\"admin\" \/>\n\t<meta name=\"twitter:label2\" content=\"Tempo di lettura stimato\" \/>\n\t<meta name=\"twitter:data2\" content=\"5 minuti\" \/>\n<script type=\"application\/ld+json\" class=\"yoast-schema-graph\">{\"@context\":\"https:\/\/schema.org\",\"@graph\":[{\"@type\":\"WebPage\",\"@id\":\"https:\/\/www.lazioinnova.it\/laziointernational\/2008\/06\/12\/forum-bilaterale-internazionale-egitto-2008-464\/\",\"url\":\"https:\/\/www.lazioinnova.it\/laziointernational\/2008\/06\/12\/forum-bilaterale-internazionale-egitto-2008-464\/\",\"name\":\"Forum Bilaterale Internazionale - Egitto 2008 - Lazio International - Lazio Innova\",\"isPartOf\":{\"@id\":\"https:\/\/www.lazioinnova.it\/laziointernational\/#website\"},\"datePublished\":\"2008-06-12T14:49:01+00:00\",\"dateModified\":\"2008-06-12T14:49:01+00:00\",\"author\":{\"@id\":\"https:\/\/www.lazioinnova.it\/laziointernational\/#\/schema\/person\/06ba1706377e84a989f9f274331c7d10\"},\"breadcrumb\":{\"@id\":\"https:\/\/www.lazioinnova.it\/laziointernational\/2008\/06\/12\/forum-bilaterale-internazionale-egitto-2008-464\/#breadcrumb\"},\"inLanguage\":\"it-IT\",\"potentialAction\":[{\"@type\":\"ReadAction\",\"target\":[\"https:\/\/www.lazioinnova.it\/laziointernational\/2008\/06\/12\/forum-bilaterale-internazionale-egitto-2008-464\/\"]}]},{\"@type\":\"BreadcrumbList\",\"@id\":\"https:\/\/www.lazioinnova.it\/laziointernational\/2008\/06\/12\/forum-bilaterale-internazionale-egitto-2008-464\/#breadcrumb\",\"itemListElement\":[{\"@type\":\"ListItem\",\"position\":1,\"name\":\"Home\",\"item\":\"https:\/\/www.lazioinnova.it\/laziointernational\/\"},{\"@type\":\"ListItem\",\"position\":2,\"name\":\"Forum Bilaterale Internazionale &#8211; Egitto 2008\"}]},{\"@type\":\"WebSite\",\"@id\":\"https:\/\/www.lazioinnova.it\/laziointernational\/#website\",\"url\":\"https:\/\/www.lazioinnova.it\/laziointernational\/\",\"name\":\"Lazio International - Lazio Innova\",\"description\":\"Lazio Innova\",\"potentialAction\":[{\"@type\":\"SearchAction\",\"target\":{\"@type\":\"EntryPoint\",\"urlTemplate\":\"https:\/\/www.lazioinnova.it\/laziointernational\/?s={search_term_string}\"},\"query-input\":{\"@type\":\"PropertyValueSpecification\",\"valueRequired\":true,\"valueName\":\"search_term_string\"}}],\"inLanguage\":\"it-IT\"},{\"@type\":\"Person\",\"@id\":\"https:\/\/www.lazioinnova.it\/laziointernational\/#\/schema\/person\/06ba1706377e84a989f9f274331c7d10\",\"name\":\"admin\",\"image\":{\"@type\":\"ImageObject\",\"inLanguage\":\"it-IT\",\"@id\":\"https:\/\/www.lazioinnova.it\/laziointernational\/#\/schema\/person\/image\/\",\"url\":\"https:\/\/secure.gravatar.com\/avatar\/336d582af371d335bff2670ac6c0a13c?s=96&d=mm&r=g\",\"contentUrl\":\"https:\/\/secure.gravatar.com\/avatar\/336d582af371d335bff2670ac6c0a13c?s=96&d=mm&r=g\",\"caption\":\"admin\"},\"sameAs\":[\"http:\/\/www.laziointernational.it\/wp\"],\"url\":\"https:\/\/www.lazioinnova.it\/laziointernational\/author\/admin\/\"}]}<\/script>\n<!-- \/ Yoast SEO plugin. -->","yoast_head_json":{"title":"Forum Bilaterale Internazionale - Egitto 2008 - Lazio International - Lazio Innova","robots":{"index":"index","follow":"follow","max-snippet":"max-snippet:-1","max-image-preview":"max-image-preview:large","max-video-preview":"max-video-preview:-1"},"canonical":"https:\/\/www.lazioinnova.it\/laziointernational\/2008\/06\/12\/forum-bilaterale-internazionale-egitto-2008-464\/","og_locale":"it_IT","og_type":"article","og_title":"Forum Bilaterale Internazionale - Egitto 2008 - Lazio International - Lazio Innova","og_description":"Il Cairo (Egitto),\u00a09-10 giugno\u00a02008 \"Le imprese della cultura. Indotto economico e risorse. Sviluppo del patrimonio storico-culturale\u201d La Regione Lazio, in collaborazione con Sviluppo Lazio ed altri organismi\u00a0del territorio, ha organizzato in Egitto una serie di eventi che hanno coinvolto il mondo dell\u2019arte, della cultura, della moda e del cinema, parallelamente allo svolgimento\u00a0della III^ edizione del\u00a0Festival Internazionale\u00a0\"Il Lazio tra Europa e Mediterraneo\" sul territorio laziale.","og_url":"https:\/\/www.lazioinnova.it\/laziointernational\/2008\/06\/12\/forum-bilaterale-internazionale-egitto-2008-464\/","og_site_name":"Lazio International - Lazio Innova","article_published_time":"2008-06-12T14:49:01+00:00","author":"admin","twitter_card":"summary_large_image","twitter_misc":{"Scritto da":"admin","Tempo di lettura stimato":"5 minuti"},"schema":{"@context":"https:\/\/schema.org","@graph":[{"@type":"WebPage","@id":"https:\/\/www.lazioinnova.it\/laziointernational\/2008\/06\/12\/forum-bilaterale-internazionale-egitto-2008-464\/","url":"https:\/\/www.lazioinnova.it\/laziointernational\/2008\/06\/12\/forum-bilaterale-internazionale-egitto-2008-464\/","name":"Forum Bilaterale Internazionale - Egitto 2008 - Lazio International - Lazio Innova","isPartOf":{"@id":"https:\/\/www.lazioinnova.it\/laziointernational\/#website"},"datePublished":"2008-06-12T14:49:01+00:00","dateModified":"2008-06-12T14:49:01+00:00","author":{"@id":"https:\/\/www.lazioinnova.it\/laziointernational\/#\/schema\/person\/06ba1706377e84a989f9f274331c7d10"},"breadcrumb":{"@id":"https:\/\/www.lazioinnova.it\/laziointernational\/2008\/06\/12\/forum-bilaterale-internazionale-egitto-2008-464\/#breadcrumb"},"inLanguage":"it-IT","potentialAction":[{"@type":"ReadAction","target":["https:\/\/www.lazioinnova.it\/laziointernational\/2008\/06\/12\/forum-bilaterale-internazionale-egitto-2008-464\/"]}]},{"@type":"BreadcrumbList","@id":"https:\/\/www.lazioinnova.it\/laziointernational\/2008\/06\/12\/forum-bilaterale-internazionale-egitto-2008-464\/#breadcrumb","itemListElement":[{"@type":"ListItem","position":1,"name":"Home","item":"https:\/\/www.lazioinnova.it\/laziointernational\/"},{"@type":"ListItem","position":2,"name":"Forum Bilaterale Internazionale &#8211; Egitto 2008"}]},{"@type":"WebSite","@id":"https:\/\/www.lazioinnova.it\/laziointernational\/#website","url":"https:\/\/www.lazioinnova.it\/laziointernational\/","name":"Lazio International - Lazio Innova","description":"Lazio Innova","potentialAction":[{"@type":"SearchAction","target":{"@type":"EntryPoint","urlTemplate":"https:\/\/www.lazioinnova.it\/laziointernational\/?s={search_term_string}"},"query-input":{"@type":"PropertyValueSpecification","valueRequired":true,"valueName":"search_term_string"}}],"inLanguage":"it-IT"},{"@type":"Person","@id":"https:\/\/www.lazioinnova.it\/laziointernational\/#\/schema\/person\/06ba1706377e84a989f9f274331c7d10","name":"admin","image":{"@type":"ImageObject","inLanguage":"it-IT","@id":"https:\/\/www.lazioinnova.it\/laziointernational\/#\/schema\/person\/image\/","url":"https:\/\/secure.gravatar.com\/avatar\/336d582af371d335bff2670ac6c0a13c?s=96&d=mm&r=g","contentUrl":"https:\/\/secure.gravatar.com\/avatar\/336d582af371d335bff2670ac6c0a13c?s=96&d=mm&r=g","caption":"admin"},"sameAs":["http:\/\/www.laziointernational.it\/wp"],"url":"https:\/\/www.lazioinnova.it\/laziointernational\/author\/admin\/"}]}},"featured_image_src":null,"featured_image_src_square":null,"author_info":{"display_name":"admin","author_link":"https:\/\/www.lazioinnova.it\/laziointernational\/author\/admin\/"},"homepage_image":"","_links":{"self":[{"href":"https:\/\/www.lazioinnova.it\/laziointernational\/wp-json\/wp\/v2\/posts\/97","targetHints":{"allow":["GET"]}}],"collection":[{"href":"https:\/\/www.lazioinnova.it\/laziointernational\/wp-json\/wp\/v2\/posts"}],"about":[{"href":"https:\/\/www.lazioinnova.it\/laziointernational\/wp-json\/wp\/v2\/types\/post"}],"author":[{"embeddable":true,"href":"https:\/\/www.lazioinnova.it\/laziointernational\/wp-json\/wp\/v2\/users\/1"}],"replies":[{"embeddable":true,"href":"https:\/\/www.lazioinnova.it\/laziointernational\/wp-json\/wp\/v2\/comments?post=97"}],"version-history":[{"count":0,"href":"https:\/\/www.lazioinnova.it\/laziointernational\/wp-json\/wp\/v2\/posts\/97\/revisions"}],"wp:attachment":[{"href":"https:\/\/www.lazioinnova.it\/laziointernational\/wp-json\/wp\/v2\/media?parent=97"}],"wp:term":[{"taxonomy":"category","embeddable":true,"href":"https:\/\/www.lazioinnova.it\/laziointernational\/wp-json\/wp\/v2\/categories?post=97"},{"taxonomy":"post_tag","embeddable":true,"href":"https:\/\/www.lazioinnova.it\/laziointernational\/wp-json\/wp\/v2\/tags?post=97"}],"curies":[{"name":"wp","href":"https:\/\/api.w.org\/{rel}","templated":true}]}}