{"id":9901,"date":"2023-05-18T18:05:58","date_gmt":"2023-05-18T16:05:58","guid":{"rendered":"https:\/\/www.lazioinnova.it\/laziointernational\/?p=9901"},"modified":"2023-05-31T11:01:15","modified_gmt":"2023-05-31T09:01:15","slug":"manifestazione-di-interesse-partecipazione-a-ride-on-motodays","status":"publish","type":"post","link":"https:\/\/www.lazioinnova.it\/laziointernational\/2023\/05\/18\/manifestazione-di-interesse-partecipazione-a-ride-on-motodays\/","title":{"rendered":"Manifestazione di interesse: partecipazione a &#8220;Ride On &#8211; Motodays&#8221;"},"content":{"rendered":"<div class=\"wp-block-image\">\n<figure class=\"aligncenter size-full is-resized\"><img loading=\"lazy\" decoding=\"async\" src=\"https:\/\/www.lazioinnova.it\/laziointernational\/app\/uploads\/2023\/05\/CCIAA-Roma.png\" alt=\"\" class=\"wp-image-9911\" width=\"271\" height=\"81\" srcset=\"https:\/\/www.lazioinnova.it\/laziointernational\/app\/uploads\/2023\/05\/CCIAA-Roma.png 409w, https:\/\/www.lazioinnova.it\/laziointernational\/app\/uploads\/2023\/05\/CCIAA-Roma-300x90.png 300w\" sizes=\"auto, (max-width: 271px) 100vw, 271px\" \/><\/figure><\/div>\n\n\n<p><\/p>\n\n\n\n<p style=\"font-size:22px\"><strong><em>Termini per le candidature prorogati alle ore 12.00 di marted\u00ec 30 maggio.<\/em><\/strong><br><br>La<strong>&nbsp;Regione Lazio,<\/strong> attraverso il soggetto attuatore&nbsp;<strong>Lazio Innova,<\/strong> e la <strong>Camera di Commercio di Roma,<\/strong>&nbsp;nell\u2019ambito della partecipazione congiunta a iniziative e manifestazioni fieristiche per l\u2019anno 2023, intendono&nbsp;partecipare alla manifestazione fieristica \u201c<strong>Ride On \u2013 Motodays<\/strong>\u201d che si svolger\u00e0 dal 9 all\u201911 giugno 2023 presso la Fiera di Roma.<\/p>\n\n\n\n<p>La partecipazione prevede la realizzazione di una collettiva di <strong>n. 12 imprese&nbsp;<\/strong>del Lazio interessate a prendere parte alla manifestazione.<\/p>\n\n\n\n<p><strong>Ride On \u2013 moto, musica, solidariet\u00e0<\/strong> \u00e8 un evento motociclistico creato da Motodays per riunire i motociclisti del Centro Italia. &nbsp;L\u2019evento, che si svolger\u00e0 nelle ore pomeridiane e serali, coinvolge i Moto Club, che sono parte integrante della manifestazione, i cui elementi prioritari sono l\u2019esposizione e le <em>demo ride<\/em>, l\u2019intrattenimento e la solidariet\u00e0 verso il prossimo. L\u2019intrattenimento sar\u00e0 costituito da un ampio programma musicale, con un concerto serale a chiusura di ogni giornata. Non mancheranno anche le evoluzioni dei <em>riders<\/em> pi\u00f9 estremi negli spettacoli di <em>stunting<\/em>. Il pubblico presente potr\u00e0 partecipare alle <em>demo ride<\/em> dei modelli 2023 di alcuni brand, per provare i modelli di proprio interesse, oltre che a tutte le iniziative dei club partner, che caratterizzeranno sia la notte del 9 giugno, che la mattina del 10 e 11 giugno, con proposte di tour a cui ogni motociclista potr\u00e0 aderire.<\/p>\n\n\n\n<p><strong>Ride On <\/strong>supporter\u00e0, poi, direttamente la giornata \u201cMotociclisti Sotto gli Occhi di Elena\u201d del 10 giugno, con un progetto dedicato espressamente alla sicurezza in moto.<br><br><\/p>\n\n\n\n<p><strong>SPAZIO ESPOSITIVO<\/strong><\/p>\n\n\n\n<p>Ogni impresa ammessa alla collettiva regionale avr\u00e0 gratuitamente a disposizione uno stand di mq. 24 (6&#215;4) con due lati aperti allestito con moquette a terra ignifuga, pannellatura in legno verniciato fondale e laterale (ove previsto) \u2013 no fascione, impianto elettrico e di illuminazione, 1 multipresa, insegna con nome azienda, pannello grafico personalizzato 1&#215;1, &nbsp;e arredato con 1 tavolo e 2 sedie.<\/p>\n\n\n\n<p><strong>Servizi inclusi<\/strong><\/p>\n\n\n\n<ul class=\"wp-block-list\">\n<li>pulizia dello stand<\/li>\n\n\n\n<li>quota di iscrizione<\/li>\n\n\n\n<li>diritti e servizi di segreteria<\/li>\n\n\n\n<li>installazione della potenza elettrica fino a 2KW\/220, compreso quadro elettrico, allaccio e collaudo;<\/li>\n\n\n\n<li>estintore;<\/li>\n\n\n\n<li>assicurazione R.C.T. \u2013 R.C.O. e INCENDIO (quota base);<\/li>\n\n\n\n<li>diritti SIAE base (solo audio da supporto radio);<\/li>\n\n\n\n<li>n. 1 parcheggio auto all\u2019interno del Quartiere Fieristico;<\/li>\n\n\n\n<li>n. 2 Tessere Espositore;<\/li>\n\n\n\n<li>sorveglianza generale dei padiglioni e prevenzione generale antincendio.<br><br><\/li>\n<\/ul>\n\n\n\n<p>&nbsp;<strong>CATEGORIE MERCEOLOGICHE AMMESSE<\/strong><\/p>\n\n\n\n<ul class=\"wp-block-list\">\n<li>veicoli a trazione endotermica ed elettrica a 2 ruote (moto, scooter);<\/li>\n\n\n\n<li>ricambi e accessori per moto e scooter;<\/li>\n\n\n\n<li>abbigliamento tecnico e caschi;<\/li>\n\n\n\n<li>organizzazione tour in moto;<\/li>\n\n\n\n<li>veicoli elettrici per la mobilit\u00e0 dolce.<br><br><\/li>\n<\/ul>\n\n\n\n<p><strong>REQUISITI DI AMMISSIBILIT\u00c0 PER LE IMPRESE INVITATE A PARTECIPARE&nbsp;<\/strong><\/p>\n\n\n\n<p>L\u2019opportunit\u00e0 di prendere parte a Ride On &#8211; Motodays \u00e8 riservata alle imprese in possesso dei seguenti requisiti:&nbsp;<\/p>\n\n\n\n<ul class=\"wp-block-list\">\n<li>sede legale e\/o operativa nel Lazio;&nbsp;<\/li>\n\n\n\n<li>coerenza dell\u2019attivit\u00e0 dell\u2019azienda con il settore o i settori economici cui la manifestazione \u00e8 rivolta;<\/li>\n\n\n\n<li>essere MPMI, come classificate nell\u2019Allegato I del Regolamento (UE) n. 651\/2014, in forma singola o associata in Consorzi, Societ\u00e0 Consortili o Reti di imprese con personalit\u00e0 giuridica (Reti-soggetto), definite ai sensi dei commi 4-ter e 4-quater dell\u2019art. 3 del Decreto-legge n. 5 del 10 febbraio 2009, convertito, con modificazioni, nella Legge n. 33 del 09 Aprile 2009 e ss.mm.ii., al momento della presentazione della manifestazione di interesse;<\/li>\n\n\n\n<li>essere regolarmente iscritte nel Registro delle Imprese della C.C.I.A.A. competente per territorio e in regola, al momento della presentazione della manifestazione di interesse o comunque entro i termini di chiusura di presentazione della stessa, con il pagamento del diritto annuale e con la dichiarazione dell\u2019attivit\u00e0 esercitata;<\/li>\n\n\n\n<li>esercitare, in relazione alla sede laziale, un\u2019attivit\u00e0 economica coerente con il settore;<\/li>\n\n\n\n<li>non essere beneficiarie di agevolazioni pubbliche relative alla partecipazione alla manifestazione fieristica in questione e non avere presentato domande di agevolazione per partecipare alla medesima manifestazione;&nbsp;<\/li>\n\n\n\n<li>essere nel pieno e libero esercizio dei propri diritti, attive e non siano sottoposte n\u00e9 siano state sottoposte, nei cinque anni precedenti, a procedure di liquidazione volontaria, liquidazione coatta, fallimento, concordato preventivo (ad eccezione del concordato preventivo con continuit\u00e0 aziendale) ed ogni altra procedura concorsuale n\u00e9 abbiano in corso un procedimento per la dichiarazione di una delle suddette situazioni;<\/li>\n\n\n\n<li>possedere capacit\u00e0 di contrarre ovvero non siano state oggetto di sanzione interdittiva o altra sanzione che comporti il divieto di contrarre con la Pubblica Amministrazione;<\/li>\n\n\n\n<li>non avere Amministratori e\/o Legali Rappresentanti che siano stati condannati con sentenza passata in giudicato ovvero nei cui confronti sia stato emesso decreto penale di condanna divenuto irrevocabile o sentenza di applicazione della pena su richiesta, ai sensi dell\u2019art. 444 c.p.p., per reati gravi in danno dello Stato o della Comunit\u00e0 che incidono sulla moralit\u00e0 professionale (\u00e8 comunque causa di esclusione la condanna, con sentenza passata in giudicato, per reati di partecipazione ad un\u2019organizzazione criminale, corruzione, frode, riciclaggio);<\/li>\n\n\n\n<li>non avere Amministratori e\/o Legali Rappresentanti che si siano resi colpevoli di false dichiarazioni nei rapporti con la Pubblica Amministrazione;<\/li>\n\n\n\n<li>essere in regola con il versamento dei contributi previdenziali e assistenziali, accertabile mediante acquisizione del DURC, ovvero:<\/li>\n\n\n\n<li>&nbsp;non essere soggetti agli obblighi in materia di regolarit\u00e0 contributiva e, quindi, non essere tenuti all\u2019iscrizione presso alcun Ente previdenziale o assistenziale.<\/li>\n<\/ul>\n\n\n\n<p>Il possesso dei succitati requisiti \u00e8 attestato mediante dichiarazioni rese attraverso il modulo di manifestazione di interesse.&nbsp;<\/p>\n\n\n\n<p><em>Tali dichiarazioni possono essere verificate cos\u00ec come stabilito dall\u2019art. 71 comma 1 del D.P.R. 445 del 28.12.2000, come modificato dall\u2019art. 264 del D.L. 19 maggio 2020 n. 34, con applicazione, nel caso di dichiarazioni mendaci, della decadenza dai benefici e delle sanzioni penali, rispettivamente previste dagli artt. 75 e 76 del medesimo D.P.R., come da ultimo rese pi\u00f9 severe per effetto del citato articolo 264.&nbsp;<\/em><\/p>\n\n\n\n<p>\u00a0<br><strong>MODALIT\u00c0 DI PRESENTAZIONE DELLA DOMANDA DI PARTECIPAZIONE\u00a0<\/strong><\/p>\n\n\n\n<p><strong>ISCRIZIONI CHIUSE<\/strong><\/p>\n\n\n\n<p><a href=\"https:\/\/www.lazioinnova.it\/laziointernational\/partecipazione-a-ride-on%20motodays-2023\/%20&nbsp;\"><\/a><br><strong>CRITERI DI AMMISSIBILIT\u00c0 GENERALI&nbsp;<\/strong><\/p>\n\n\n\n<ul class=\"wp-block-list\">\n<li>Correttezza dell\u2019iter amministrativo di presentazione della domanda di partecipazione (rispetto delle modalit\u00e0 e dei tempi);&nbsp;<\/li>\n\n\n\n<li>Completezza della domanda di partecipazione.<br><br><\/li>\n<\/ul>\n\n\n\n<p><strong>CONDIZIONI DI ESCLUSIONE<\/strong><\/p>\n\n\n\n<p><strong>Sono escluse dalla partecipazione:<\/strong><\/p>\n\n\n\n<ul class=\"wp-block-list\">\n<li>le imprese gi\u00e0 presenti alla manifestazione con un proprio stand;<\/li>\n\n\n\n<li>le imprese morose nei confronti degli organizzatori per somme relative a precedenti manifestazioni, ovvero morose nei confronti di altri organismi in collaborazione con i quali gli organizzatori promuovono l\u2019iniziativa;<\/li>\n\n\n\n<li>le imprese che non abbiano sufficiente capienza del plafond \u201cde minimis\u201d di cui all\u2019art. 3, paragrafo 2 del Regolamento (UE) 1407\/2013.<\/li>\n<\/ul>\n\n\n\n<p>&nbsp;<br><strong>SELEZIONE&nbsp;<\/strong><\/p>\n\n\n\n<p>La selezione avverr\u00e0 a cura di un Nucleo di Valutazione composto da:&nbsp;<\/p>\n\n\n\n<ul class=\"wp-block-list\">\n<li>un rappresentante di Regione Lazio;<\/li>\n\n\n\n<li>un rappresentante di Camera di Commercio di Roma;<\/li>\n\n\n\n<li>un rappresentante di Lazio Innova.&nbsp;<br><br><\/li>\n<\/ul>\n\n\n\n<p><strong>CRITERI DI SELEZIONE E COMUNICAZIONE DI AMMISSIONE<\/strong>&nbsp;<\/p>\n\n\n\n<p>Gli spazi espositivi saranno assegnati a ciascuna impresa secondo l\u2019ordine cronologico di presentazione della Manifestazione di interesse, trattandosi di \u201cprocedura a sportello\u201d.<\/p>\n\n\n\n<p>Sar\u00e0 comunque predisposta una graduatoria delle domande ammesse alla quale si attinger\u00e0 qualora si dovessero registrare delle rinunce.<\/p>\n\n\n\n<p>Le imprese ammesse riceveranno apposita comunicazione via email riguardo alle modalit\u00e0 di organizzazione e gestione del proprio stand e saranno invitate a confermare la propria partecipazione secondo i termini e le modalit\u00e0 contenute nella stessa. Il mancato rispetto dei termini comporter\u00e0 l\u2019esclusione dell\u2019azienda. La mancata partecipazione senza giustificato motivo potrebbe essere causa di esclusione dell\u2019impresa ad iniziative future organizzate da Regione Lazio e Camera di Commercio di Roma.<\/p>\n\n\n\n<p>Si segnala, inoltre, che la suddetta manifestazione di interesse non vincola gli Enti promotori che si riservano, in qualsiasi momento, di poter annullare, qualora le circostanze lo richiedessero, l\u2019organizzazione della collettiva regionale alla Fiera in oggetto.<\/p>\n\n\n\n<p><br><strong>REGIME DI AIUTO&nbsp;<\/strong><\/p>\n\n\n\n<p>Considerata la volont\u00e0 degli Enti Promotori di venire incontro alle esigenze delle imprese selezionate, la partecipazione alla manifestazione \u00e8 gratuita, fermo restando che rimangono a carico delle stesse le spese relative ad ogni ulteriore servizio extra di personalizzazione richiesto dalle imprese medesime.<\/p>\n\n\n\n<p>I costi di partecipazione sono sostenuti dagli Enti promotori e tale sostegno alle imprese si configura quale aiuto indiretto, per la partecipazione alle iniziative e manifestazioni promosse dalla Regione Lazio e Camera di Commercio di Roma, e sar\u00e0 concesso nel rispetto delle disposizioni di cui al Regolamento (UE) n.1407\/2013 del 18 dicembre 2013 relativo all\u2019applicazione degli articoli 107 e 108 del trattato sul funzionamento dell\u2019Unione Europea agli aiuti \u201cde minimis\u201d.<\/p>\n\n\n\n<p>A seguito dell\u2019obbligo di consultazione preventiva e di implementazione del Registro Nazionale degli Aiuti di Stato, di cui al Regolamento MISE n. 115 del 31 maggio 2017, gli importi relativi alle agevolazioni concesse verranno conseguentemente inseriti nel suddetto Registro, fino ad un importo di&nbsp;<strong>massimo \u20ac 2.500,00<\/strong>&nbsp;iva inclusa, per ogni impresa ammessa. Come previsto dall\u2019art. 3 par. 7 dello stesso Regolamento, qualora la concessione di nuovi aiuti \u201cde minimis\u201d comporti il superamento dei massimali previsti, nessuna delle nuove misure di aiuto pu\u00f2 beneficiare del Regolamento. L\u2019importo massimo delle agevolazioni in regime \u201cde minimis\u201d che possono essere concesse ad una medesima impresa in un triennio (l\u2019esercizio finanziario in corso e i due precedenti), senza la preventiva notifica ed autorizzazione da parte della Commissione Europea e senza che ci\u00f2 possa pregiudicare le condizioni di concorrenza tra le imprese, \u00e8 pari a \u20ac 200.000,00.&nbsp;<\/p>\n\n\n\n<p><br>In caso di superamento delle soglie predette, l\u2019agevolazione suindicata non potr\u00e0 essere concessa, neppure per la parte che non superi detti massimali.<\/p>\n\n\n\n<p>&nbsp;<br>Si fa presente che ciascuna impresa pu\u00f2 monitorare l\u2019importo delle agevolazioni in regime \u201cde minimis\u201d di cui ha beneficiato a far data dal 12 agosto 2017, sul sito del Registro Nazionale degli Aiuti di Stato nella sezione Trasparenza al seguente Link:&nbsp;<a href=\"http:\/\/www.rna.gov.it\/RegistroNazionaleTrasparenza\/faces\/pages\/TrasparenzaAiuto.jspx\">https:\/\/www.rna.gov.it\/RegistroNazionaleTrasparenza\/faces\/pages\/TrasparenzaAiuto.jspx<\/a><\/p>\n\n\n\n<p><br>&nbsp;<strong>PRIVACY<\/strong><\/p>\n\n\n\n<p>I dati forniti saranno trattati dagli organizzatori in osservanza di quanto disposto dal Regolamento UE 679\/2016 sulla protezione dei dati personali.<br><\/p>\n\n\n\n<p><strong>Per informazioni rivolgersi a:<\/strong><\/p>\n\n\n\n<ul class=\"wp-block-list\">\n<li>Regione Lazio \u2013 Lazio Innova S.p.A. \u2013 Area Internazionalizzazione &amp; Cluster<br>e-mail:&nbsp;<a href=\"mailto:internazionalizzazione@lazioinnova.it\">internazionalizzazione@lazioinnova.it<\/a>&nbsp;\u2013 Tel. 06.60.51.60<\/li>\n\n\n\n<li>Camera di Commercio di Roma:<\/li>\n\n\n\n<li>Area III Promozione e Sviluppo \u2013 Servizio Filiere produttive e Fiere: e- mail:<a href=\"mailto:attivita.promozionali@rm.camcom.it\">&nbsp;attivita.promozionali@rm.camcom.it<\/a>&nbsp;\u2013 Tel. 06.52082571 \u2013 2065<\/li>\n\n\n\n<li>Sviluppo e Territorio&nbsp; &#8211; Azienda Speciale della Camera di Commercio di Roma per lo sviluppo e la crescita di Roma e del Lazio: e-mail <a href=\"mailto:Sviluppo@sviluppoeterritorio.camcom.it\">Sviluppo@sviluppoeterritorio.camcom.it<\/a> Tel. 066787758 &#8211;&nbsp; 06 69797165<\/li>\n<\/ul>\n\n\n\n<p>Tutta la modulistica \u00e8 consultabile e scaricabile sui seguenti siti Istituzionali:<\/p>\n\n\n\n<p><a href=\"http:\/\/www.lazioinnova.it\/laziointernational\">www.lazioinnova.it\/laziointernational<\/a>&nbsp;<br><a href=\"http:\/\/www.rm.camcom.it\/\">www.rm.camcom.it<\/a><br><a href=\"http:\/\/www.sviluppoeterritorio.camcom.it\" target=\"_blank\" rel=\"noreferrer noopener\">www.sviluppoeterritorio.camcom.it<\/a><br><br><br><\/p>\n","protected":false},"excerpt":{"rendered":"<p>Termini per le candidature prorogati alle ore 12.00 di marted\u00ec 30 maggio.<\/p>\n","protected":false},"author":2,"featured_media":9903,"comment_status":"closed","ping_status":"open","sticky":false,"template":"","format":"standard","meta":{"_acf_changed":false,"ghostkit_customizer_options":"","ghostkit_custom_css":"","ghostkit_custom_js_head":"","ghostkit_custom_js_foot":"","ghostkit_typography":"","footnotes":""},"categories":[45,2,269],"tags":[93,77,410,409,72,408],"class_list":["post-9901","post","type-post","status-publish","format-standard","has-post-thumbnail","hentry","category-bandi-e-finanziamenti","category-fiere-e-iniziative-internazionali","category-network","tag-camera-di-commercio-di-roma","tag-lazio-innova","tag-motocicli","tag-moveicoli","tag-regione-lazio","tag-scooter"],"acf":{"homepage_image":""},"yoast_head":"<!-- This site is optimized with the Yoast SEO plugin v24.2 - https:\/\/yoast.com\/wordpress\/plugins\/seo\/ -->\n<title>Manifestazione di interesse: partecipazione a &quot;Ride On - Motodays&quot; - Lazio International - Lazio Innova<\/title>\n<meta name=\"description\" content=\"Termini per le candidature prorogati alle ore 12.00 di marted\u00ec 30 maggio.\" \/>\n<meta name=\"robots\" content=\"index, follow, max-snippet:-1, max-image-preview:large, max-video-preview:-1\" \/>\n<link rel=\"canonical\" href=\"https:\/\/www.lazioinnova.it\/laziointernational\/2023\/05\/18\/manifestazione-di-interesse-partecipazione-a-ride-on-motodays\/\" \/>\n<meta property=\"og:locale\" content=\"it_IT\" \/>\n<meta property=\"og:type\" content=\"article\" \/>\n<meta property=\"og:title\" content=\"Manifestazione di interesse: partecipazione a &quot;Ride On - Motodays&quot; - Lazio International - Lazio Innova\" \/>\n<meta property=\"og:description\" content=\"Termini per le candidature prorogati alle ore 12.00 di marted\u00ec 30 maggio.\" \/>\n<meta property=\"og:url\" content=\"https:\/\/www.lazioinnova.it\/laziointernational\/2023\/05\/18\/manifestazione-di-interesse-partecipazione-a-ride-on-motodays\/\" \/>\n<meta property=\"og:site_name\" content=\"Lazio International - Lazio Innova\" \/>\n<meta property=\"article:published_time\" content=\"2023-05-18T16:05:58+00:00\" \/>\n<meta property=\"article:modified_time\" content=\"2023-05-31T09:01:15+00:00\" \/>\n<meta property=\"og:image\" content=\"https:\/\/www.lazioinnova.it\/laziointernational\/app\/uploads\/2023\/05\/rideon-B.jpg\" \/>\n\t<meta property=\"og:image:width\" content=\"1500\" \/>\n\t<meta property=\"og:image:height\" content=\"844\" \/>\n\t<meta property=\"og:image:type\" content=\"image\/jpeg\" \/>\n<meta name=\"author\" content=\"Simona Carloppi\" \/>\n<meta name=\"twitter:card\" content=\"summary_large_image\" \/>\n<meta name=\"twitter:label1\" content=\"Scritto da\" \/>\n\t<meta name=\"twitter:data1\" content=\"Simona Carloppi\" \/>\n\t<meta name=\"twitter:label2\" content=\"Tempo di lettura stimato\" \/>\n\t<meta name=\"twitter:data2\" content=\"9 minuti\" \/>\n<script type=\"application\/ld+json\" class=\"yoast-schema-graph\">{\"@context\":\"https:\/\/schema.org\",\"@graph\":[{\"@type\":\"WebPage\",\"@id\":\"https:\/\/www.lazioinnova.it\/laziointernational\/2023\/05\/18\/manifestazione-di-interesse-partecipazione-a-ride-on-motodays\/\",\"url\":\"https:\/\/www.lazioinnova.it\/laziointernational\/2023\/05\/18\/manifestazione-di-interesse-partecipazione-a-ride-on-motodays\/\",\"name\":\"Manifestazione di interesse: partecipazione a \\\"Ride On - Motodays\\\" - Lazio International - Lazio Innova\",\"isPartOf\":{\"@id\":\"https:\/\/www.lazioinnova.it\/laziointernational\/#website\"},\"primaryImageOfPage\":{\"@id\":\"https:\/\/www.lazioinnova.it\/laziointernational\/2023\/05\/18\/manifestazione-di-interesse-partecipazione-a-ride-on-motodays\/#primaryimage\"},\"image\":{\"@id\":\"https:\/\/www.lazioinnova.it\/laziointernational\/2023\/05\/18\/manifestazione-di-interesse-partecipazione-a-ride-on-motodays\/#primaryimage\"},\"thumbnailUrl\":\"https:\/\/www.lazioinnova.it\/laziointernational\/app\/uploads\/2023\/05\/rideon-B.jpg\",\"datePublished\":\"2023-05-18T16:05:58+00:00\",\"dateModified\":\"2023-05-31T09:01:15+00:00\",\"author\":{\"@id\":\"https:\/\/www.lazioinnova.it\/laziointernational\/#\/schema\/person\/c42136fe1dbbf753456b892800a5e2f2\"},\"description\":\"Termini per le candidature prorogati alle ore 12.00 di marted\u00ec 30 maggio.\",\"breadcrumb\":{\"@id\":\"https:\/\/www.lazioinnova.it\/laziointernational\/2023\/05\/18\/manifestazione-di-interesse-partecipazione-a-ride-on-motodays\/#breadcrumb\"},\"inLanguage\":\"it-IT\",\"potentialAction\":[{\"@type\":\"ReadAction\",\"target\":[\"https:\/\/www.lazioinnova.it\/laziointernational\/2023\/05\/18\/manifestazione-di-interesse-partecipazione-a-ride-on-motodays\/\"]}]},{\"@type\":\"ImageObject\",\"inLanguage\":\"it-IT\",\"@id\":\"https:\/\/www.lazioinnova.it\/laziointernational\/2023\/05\/18\/manifestazione-di-interesse-partecipazione-a-ride-on-motodays\/#primaryimage\",\"url\":\"https:\/\/www.lazioinnova.it\/laziointernational\/app\/uploads\/2023\/05\/rideon-B.jpg\",\"contentUrl\":\"https:\/\/www.lazioinnova.it\/laziointernational\/app\/uploads\/2023\/05\/rideon-B.jpg\",\"width\":1500,\"height\":844},{\"@type\":\"BreadcrumbList\",\"@id\":\"https:\/\/www.lazioinnova.it\/laziointernational\/2023\/05\/18\/manifestazione-di-interesse-partecipazione-a-ride-on-motodays\/#breadcrumb\",\"itemListElement\":[{\"@type\":\"ListItem\",\"position\":1,\"name\":\"Home\",\"item\":\"https:\/\/www.lazioinnova.it\/laziointernational\/\"},{\"@type\":\"ListItem\",\"position\":2,\"name\":\"Manifestazione di interesse: partecipazione a &#8220;Ride On &#8211; Motodays&#8221;\"}]},{\"@type\":\"WebSite\",\"@id\":\"https:\/\/www.lazioinnova.it\/laziointernational\/#website\",\"url\":\"https:\/\/www.lazioinnova.it\/laziointernational\/\",\"name\":\"Lazio International - Lazio Innova\",\"description\":\"Lazio Innova\",\"potentialAction\":[{\"@type\":\"SearchAction\",\"target\":{\"@type\":\"EntryPoint\",\"urlTemplate\":\"https:\/\/www.lazioinnova.it\/laziointernational\/?s={search_term_string}\"},\"query-input\":{\"@type\":\"PropertyValueSpecification\",\"valueRequired\":true,\"valueName\":\"search_term_string\"}}],\"inLanguage\":\"it-IT\"},{\"@type\":\"Person\",\"@id\":\"https:\/\/www.lazioinnova.it\/laziointernational\/#\/schema\/person\/c42136fe1dbbf753456b892800a5e2f2\",\"name\":\"Simona Carloppi\",\"image\":{\"@type\":\"ImageObject\",\"inLanguage\":\"it-IT\",\"@id\":\"https:\/\/www.lazioinnova.it\/laziointernational\/#\/schema\/person\/image\/\",\"url\":\"https:\/\/secure.gravatar.com\/avatar\/8d7fe71331ccbaeb40791de4715cc129?s=96&d=mm&r=g\",\"contentUrl\":\"https:\/\/secure.gravatar.com\/avatar\/8d7fe71331ccbaeb40791de4715cc129?s=96&d=mm&r=g\",\"caption\":\"Simona Carloppi\"},\"url\":\"https:\/\/www.lazioinnova.it\/laziointernational\/author\/s-carloppi\/\"}]}<\/script>\n<!-- \/ Yoast SEO plugin. -->","yoast_head_json":{"title":"Manifestazione di interesse: partecipazione a \"Ride On - Motodays\" - Lazio International - Lazio Innova","description":"Termini per le candidature prorogati alle ore 12.00 di marted\u00ec 30 maggio.","robots":{"index":"index","follow":"follow","max-snippet":"max-snippet:-1","max-image-preview":"max-image-preview:large","max-video-preview":"max-video-preview:-1"},"canonical":"https:\/\/www.lazioinnova.it\/laziointernational\/2023\/05\/18\/manifestazione-di-interesse-partecipazione-a-ride-on-motodays\/","og_locale":"it_IT","og_type":"article","og_title":"Manifestazione di interesse: partecipazione a \"Ride On - Motodays\" - Lazio International - Lazio Innova","og_description":"Termini per le candidature prorogati alle ore 12.00 di marted\u00ec 30 maggio.","og_url":"https:\/\/www.lazioinnova.it\/laziointernational\/2023\/05\/18\/manifestazione-di-interesse-partecipazione-a-ride-on-motodays\/","og_site_name":"Lazio International - Lazio Innova","article_published_time":"2023-05-18T16:05:58+00:00","article_modified_time":"2023-05-31T09:01:15+00:00","og_image":[{"width":1500,"height":844,"url":"https:\/\/www.lazioinnova.it\/laziointernational\/app\/uploads\/2023\/05\/rideon-B.jpg","type":"image\/jpeg"}],"author":"Simona Carloppi","twitter_card":"summary_large_image","twitter_misc":{"Scritto da":"Simona Carloppi","Tempo di lettura stimato":"9 minuti"},"schema":{"@context":"https:\/\/schema.org","@graph":[{"@type":"WebPage","@id":"https:\/\/www.lazioinnova.it\/laziointernational\/2023\/05\/18\/manifestazione-di-interesse-partecipazione-a-ride-on-motodays\/","url":"https:\/\/www.lazioinnova.it\/laziointernational\/2023\/05\/18\/manifestazione-di-interesse-partecipazione-a-ride-on-motodays\/","name":"Manifestazione di interesse: partecipazione a \"Ride On - Motodays\" - Lazio International - Lazio Innova","isPartOf":{"@id":"https:\/\/www.lazioinnova.it\/laziointernational\/#website"},"primaryImageOfPage":{"@id":"https:\/\/www.lazioinnova.it\/laziointernational\/2023\/05\/18\/manifestazione-di-interesse-partecipazione-a-ride-on-motodays\/#primaryimage"},"image":{"@id":"https:\/\/www.lazioinnova.it\/laziointernational\/2023\/05\/18\/manifestazione-di-interesse-partecipazione-a-ride-on-motodays\/#primaryimage"},"thumbnailUrl":"https:\/\/www.lazioinnova.it\/laziointernational\/app\/uploads\/2023\/05\/rideon-B.jpg","datePublished":"2023-05-18T16:05:58+00:00","dateModified":"2023-05-31T09:01:15+00:00","author":{"@id":"https:\/\/www.lazioinnova.it\/laziointernational\/#\/schema\/person\/c42136fe1dbbf753456b892800a5e2f2"},"description":"Termini per le candidature prorogati alle ore 12.00 di marted\u00ec 30 maggio.","breadcrumb":{"@id":"https:\/\/www.lazioinnova.it\/laziointernational\/2023\/05\/18\/manifestazione-di-interesse-partecipazione-a-ride-on-motodays\/#breadcrumb"},"inLanguage":"it-IT","potentialAction":[{"@type":"ReadAction","target":["https:\/\/www.lazioinnova.it\/laziointernational\/2023\/05\/18\/manifestazione-di-interesse-partecipazione-a-ride-on-motodays\/"]}]},{"@type":"ImageObject","inLanguage":"it-IT","@id":"https:\/\/www.lazioinnova.it\/laziointernational\/2023\/05\/18\/manifestazione-di-interesse-partecipazione-a-ride-on-motodays\/#primaryimage","url":"https:\/\/www.lazioinnova.it\/laziointernational\/app\/uploads\/2023\/05\/rideon-B.jpg","contentUrl":"https:\/\/www.lazioinnova.it\/laziointernational\/app\/uploads\/2023\/05\/rideon-B.jpg","width":1500,"height":844},{"@type":"BreadcrumbList","@id":"https:\/\/www.lazioinnova.it\/laziointernational\/2023\/05\/18\/manifestazione-di-interesse-partecipazione-a-ride-on-motodays\/#breadcrumb","itemListElement":[{"@type":"ListItem","position":1,"name":"Home","item":"https:\/\/www.lazioinnova.it\/laziointernational\/"},{"@type":"ListItem","position":2,"name":"Manifestazione di interesse: partecipazione a &#8220;Ride On &#8211; Motodays&#8221;"}]},{"@type":"WebSite","@id":"https:\/\/www.lazioinnova.it\/laziointernational\/#website","url":"https:\/\/www.lazioinnova.it\/laziointernational\/","name":"Lazio International - Lazio Innova","description":"Lazio Innova","potentialAction":[{"@type":"SearchAction","target":{"@type":"EntryPoint","urlTemplate":"https:\/\/www.lazioinnova.it\/laziointernational\/?s={search_term_string}"},"query-input":{"@type":"PropertyValueSpecification","valueRequired":true,"valueName":"search_term_string"}}],"inLanguage":"it-IT"},{"@type":"Person","@id":"https:\/\/www.lazioinnova.it\/laziointernational\/#\/schema\/person\/c42136fe1dbbf753456b892800a5e2f2","name":"Simona Carloppi","image":{"@type":"ImageObject","inLanguage":"it-IT","@id":"https:\/\/www.lazioinnova.it\/laziointernational\/#\/schema\/person\/image\/","url":"https:\/\/secure.gravatar.com\/avatar\/8d7fe71331ccbaeb40791de4715cc129?s=96&d=mm&r=g","contentUrl":"https:\/\/secure.gravatar.com\/avatar\/8d7fe71331ccbaeb40791de4715cc129?s=96&d=mm&r=g","caption":"Simona Carloppi"},"url":"https:\/\/www.lazioinnova.it\/laziointernational\/author\/s-carloppi\/"}]}},"featured_image_src":"https:\/\/www.lazioinnova.it\/laziointernational\/app\/uploads\/2023\/05\/rideon-B-600x400.jpg","featured_image_src_square":"https:\/\/www.lazioinnova.it\/laziointernational\/app\/uploads\/2023\/05\/rideon-B-600x600.jpg","author_info":{"display_name":"Simona Carloppi","author_link":"https:\/\/www.lazioinnova.it\/laziointernational\/author\/s-carloppi\/"},"homepage_image":"","_links":{"self":[{"href":"https:\/\/www.lazioinnova.it\/laziointernational\/wp-json\/wp\/v2\/posts\/9901","targetHints":{"allow":["GET"]}}],"collection":[{"href":"https:\/\/www.lazioinnova.it\/laziointernational\/wp-json\/wp\/v2\/posts"}],"about":[{"href":"https:\/\/www.lazioinnova.it\/laziointernational\/wp-json\/wp\/v2\/types\/post"}],"author":[{"embeddable":true,"href":"https:\/\/www.lazioinnova.it\/laziointernational\/wp-json\/wp\/v2\/users\/2"}],"replies":[{"embeddable":true,"href":"https:\/\/www.lazioinnova.it\/laziointernational\/wp-json\/wp\/v2\/comments?post=9901"}],"version-history":[{"count":12,"href":"https:\/\/www.lazioinnova.it\/laziointernational\/wp-json\/wp\/v2\/posts\/9901\/revisions"}],"predecessor-version":[{"id":10073,"href":"https:\/\/www.lazioinnova.it\/laziointernational\/wp-json\/wp\/v2\/posts\/9901\/revisions\/10073"}],"wp:featuredmedia":[{"embeddable":true,"href":"https:\/\/www.lazioinnova.it\/laziointernational\/wp-json\/wp\/v2\/media\/9903"}],"wp:attachment":[{"href":"https:\/\/www.lazioinnova.it\/laziointernational\/wp-json\/wp\/v2\/media?parent=9901"}],"wp:term":[{"taxonomy":"category","embeddable":true,"href":"https:\/\/www.lazioinnova.it\/laziointernational\/wp-json\/wp\/v2\/categories?post=9901"},{"taxonomy":"post_tag","embeddable":true,"href":"https:\/\/www.lazioinnova.it\/laziointernational\/wp-json\/wp\/v2\/tags?post=9901"}],"curies":[{"name":"wp","href":"https:\/\/api.w.org\/{rel}","templated":true}]}}