{"id":9948,"date":"2023-05-24T13:21:39","date_gmt":"2023-05-24T11:21:39","guid":{"rendered":"https:\/\/www.lazioinnova.it\/laziointernational\/?p=9948"},"modified":"2023-06-22T16:15:23","modified_gmt":"2023-06-22T14:15:23","slug":"pr-fesr-lazio-2021-2027-eventi-e-manifestazioni-fieristiche-per-la-promozione-del-sistema-produttivo-del-lazio-anno-2023","status":"publish","type":"post","link":"https:\/\/www.lazioinnova.it\/laziointernational\/2023\/05\/24\/pr-fesr-lazio-2021-2027-eventi-e-manifestazioni-fieristiche-per-la-promozione-del-sistema-produttivo-del-lazio-anno-2023\/","title":{"rendered":"PR FESR LAZIO 2021-2027 \u2013 Eventi e Manifestazioni fieristiche"},"content":{"rendered":"\n<figure class=\"wp-block-image size-large\"><img loading=\"lazy\" decoding=\"async\" width=\"1024\" height=\"73\" src=\"https:\/\/www.lazioinnova.it\/laziointernational\/app\/uploads\/2022\/11\/Blocco_Fondi_europei_positivo-1024x73.jpg\" alt=\"\" class=\"wp-image-8334\" srcset=\"https:\/\/www.lazioinnova.it\/laziointernational\/app\/uploads\/2022\/11\/Blocco_Fondi_europei_positivo-1024x73.jpg 1024w, https:\/\/www.lazioinnova.it\/laziointernational\/app\/uploads\/2022\/11\/Blocco_Fondi_europei_positivo-300x21.jpg 300w, https:\/\/www.lazioinnova.it\/laziointernational\/app\/uploads\/2022\/11\/Blocco_Fondi_europei_positivo-768x54.jpg 768w, https:\/\/www.lazioinnova.it\/laziointernational\/app\/uploads\/2022\/11\/Blocco_Fondi_europei_positivo-1536x109.jpg 1536w, https:\/\/www.lazioinnova.it\/laziointernational\/app\/uploads\/2022\/11\/Blocco_Fondi_europei_positivo.jpg 1678w\" sizes=\"auto, (max-width: 1024px) 100vw, 1024px\" \/><\/figure>\n\n\n<div class=\"wp-block-image\">\n<figure class=\"aligncenter size-full is-resized\"><img loading=\"lazy\" decoding=\"async\" src=\"https:\/\/www.lazioinnova.it\/laziointernational\/app\/uploads\/2023\/05\/CCIAA-Roma.png\" alt=\"\" class=\"wp-image-9911\" width=\"221\" height=\"66\" srcset=\"https:\/\/www.lazioinnova.it\/laziointernational\/app\/uploads\/2023\/05\/CCIAA-Roma.png 409w, https:\/\/www.lazioinnova.it\/laziointernational\/app\/uploads\/2023\/05\/CCIAA-Roma-300x90.png 300w\" sizes=\"auto, (max-width: 221px) 100vw, 221px\" \/><\/figure><\/div>\n\n\n<p><br><\/p>\n\n\n\n<p>Con DGR n. 177 del 12\/05\/2023 \u00e8 stato approvato il Programma di manifestazioni ed eventi fieristici a cui la Regione Lazio parteciper\u00e0 nel 2023 in&nbsp;convenzione con la Camera di Commercio di Roma, con l\u2019obiettivo di:<\/p>\n\n\n\n<ul class=\"wp-block-list\">\n<li>promuovere le eccellenze e le filiere produttive del territorio;<\/li>\n\n\n\n<li>creare occasioni di incontro tra imprenditori laziali e operatori internazionali;<\/li>\n\n\n\n<li>attrarre investitori nazionali ed esteri;<\/li>\n\n\n\n<li>divulgare le politiche regionali a supporto delle PMI.<\/li>\n<\/ul>\n\n\n\n<p>Per ogni fiera inclusa nel Programma, nelle settimane che precedono l\u2019evento, sar\u00e0 pubblicato un avviso di manifestazione di interesse rivolto alle MPMI aventi sede legale o operativa nel Lazio e in possesso dei requisiti previsti dall\u2019avviso stesso.<\/p>\n\n\n\n<p>L\u2019avviso sar\u00e0 pubblicato sui siti web:<\/p>\n\n\n\n<ul class=\"wp-block-list\">\n<li><a href=\"http:\/\/www.lazioeuropa.it\/\" target=\"_blank\" rel=\"noreferrer noopener\">www.lazioeuropa.it<\/a><\/li>\n\n\n\n<li><a href=\"http:\/\/www.regione.lazio.it\/\" target=\"_blank\" rel=\"noreferrer noopener\">www.regione.lazio.it<\/a>&nbsp;<\/li>\n\n\n\n<li><a href=\"http:\/\/www.laziointernational.it\/\" target=\"_blank\" rel=\"noreferrer noopener\">www.lazioinnova.it\/laziointernational<\/a><\/li>\n\n\n\n<li><a href=\"https:\/\/www.rm.camcom.it\/pagina684_fiere.html%20\">https:\/\/www.rm.camcom.it\/pagina684_fiere.html<\/a><\/li>\n\n\n\n<li><a href=\"https:\/\/sviluppoeterritorio.camcom.it\/sviluppo-e-promozione\/filiere-produttive\/fiere-e-missioni\/\">https:\/\/sviluppoeterritorio.camcom.it\/sviluppo-e-promozione\/filiere-produttive\/fiere-e-missioni\/<\/a><\/li>\n<\/ul>\n\n\n\n<p>Rispondendo all\u2019avviso secondo le modalit\u00e0 specificate nello stesso, l\u2019impresa pu\u00f2 fare richiesta di ammissione alla manifestazione alla quale \u00e8 interessata e, se selezionata, partecipare alla collettiva regionale, dove avr\u00e0 a disposizione uno spazio espositivo e\/o altri servizi dedicati (B2B, networking, pitch, etc.).<\/p>\n\n\n\n<p>Per rimanere informati sui tempi di pubblicazione degli avvisi si pu\u00f2 inviare una e-mail a uno dei seguenti indirizzi:<\/p>\n\n\n\n<p><a href=\"mailto:internazionalizzazione@regione.lazio.it\">internazionalizzazione@regione.lazio.it<\/a><\/p>\n\n\n\n<p><a href=\"mailto:attivita.promozionali@rm.camcom.it\">attivita.promozionali@rm.camcom.it<\/a><\/p>\n\n\n\n<p><a href=\"mailto:sviluppo@sviluppoeterritorio.camcom.it\">sviluppo@sviluppoeterritorio.camcom.it<\/a><\/p>\n\n\n\n<p>specificando:<\/p>\n\n\n\n<ul class=\"wp-block-list\">\n<li>nome dell\u2019impresa;<\/li>\n\n\n\n<li>manifestazione a cui si intende partecipare;<\/li>\n\n\n\n<li>recapito e-mail e telefonico.<\/li>\n<\/ul>\n\n\n\n<p>Di seguito l\u2019elenco delle manifestazioni inserite nel calendario della Convenzione per il 2023:<\/p>\n\n\n\n<figure class=\"wp-block-table\"><table><tbody><tr><td><strong>DENOMINAZIONE MANIFESTAZIONE<\/strong><\/td><td><strong>LUOGO E DATE ORIENTATIVE DI SVOLGIMENTO<\/strong><\/td><\/tr><tr><td>Casaidea<\/td><td>Fiera di Roma, 18-26 marzo<\/td><\/tr><tr><td>Romics- ediz. primavera<\/td><td>Fiera di Roma, 30 marzo-2 aprile 2023<\/td><\/tr><tr><td>Vinitaly &#8211; Sol Agrifood<\/td><td>Verona, 2-5 aprile 2023<\/td><\/tr><tr><td>ARF! &#8211; Festival del Fumetto<\/td><td>Roma, 12-14 maggio 2023<\/td><\/tr><tr><td>Salone del Libro di Torino<\/td><td>Torino, 18-22 maggio 2023<\/td><\/tr><tr><td>Assaggi &#8211; Salone Agroalimentare Del Lazio<\/td><td>Viterbo, 19-22 maggio 2023<\/td><\/tr><tr><td>Roma Moto Days<\/td><td>Roma, 9-11 giugno 2023<\/td><\/tr><tr><td>We Make Future<\/td><td>Rimini, 15-17 giugno 2023<\/td><\/tr><tr><td>Vino per Roma<\/td><td>Roma, luglio 2023<\/td><\/tr><tr><td>Evootrends*<\/td><td><strong>Roma,18-20 dicembre 2023<\/strong>*<\/td><\/tr><tr><td>Cheese<\/td><td>Bra (TO), 15-18 settembre 2023<\/td><\/tr><tr><td>Romics Autunno<\/td><td>Roma, 5-8 ottobre 2023<\/td><\/tr><tr><td>Maker Faire<\/td><td>Roma, 20-22 ottobre 2023<\/td><\/tr><tr><td>SMAU Milano<\/td><td>Milano, 18-19 ottobre 2023<\/td><\/tr><tr><td>MIA <br>Mercato Internazionale dell\u2019Audiovisivo<\/td><td>Roma, 9-13 ottobre<\/td><\/tr><tr><td>Welfair \u2013 Il benessere in fiera<\/td><td>Roma, 18-20 ottobre 2023<\/td><\/tr><tr><td>Roma Sposa<\/td><td>Roma, 19-22 ottobre 2023<\/td><\/tr><tr><td>Codeway<\/td><td>Roma, ottobre 2023<\/td><\/tr><tr><td>Blue Planet Economy*<\/td><td><strong>Roma, 10-12 ottobre 2023<\/strong>*<\/td><\/tr><tr><td>MOA Casa<\/td><td>Roma, ottobre 2023<\/td><\/tr><tr><td>Rome Video Game Lab<\/td><td>Roma, novembre 2023<\/td><\/tr><tr><td>Ro.ME Museum Exhibition<\/td><td>Roma, 15-17 novembre 2023<\/td><\/tr><tr><td>Ecomondo<\/td><td>Rimini, 7-10 novembre 2023<\/td><\/tr><tr><td>Arte in nuvola<\/td><td>Roma, 6-10 dicembre 2023<\/td><\/tr><tr><td>Artigiano in fiera<\/td><td>Milano, 2-10 dicembre 2023<\/td><\/tr><tr><td>New Space Economy<\/td><td>Roma, 5-7 dicembre 2023<\/td><\/tr><tr><td>Pi\u00f9 libri pi\u00f9 liberi<\/td><td>Roma, 6-10 dicembre 2023<\/td><\/tr><\/tbody><\/table><figcaption class=\"wp-element-caption\"><strong>* date aggiornate<\/strong><\/figcaption><\/figure>\n\n\n\n<p><strong>Le date delle manifestazioni potrebbero subire variazioni.<\/strong><\/p>\n\n\n\n<p>L\u2019intervento \u00e8 finanziato tramite&nbsp;<strong>PR FESR Lazio 2021-2027<\/strong>&nbsp;e fondi della&nbsp;<strong>Camera di Commercio di Roma<\/strong>.<\/p>\n\n\n\n<p><br><br><br><\/p>\n","protected":false},"excerpt":{"rendered":"<p>Promozione del sistema produttivo del Lazio \u2013 Anno 2023.<br \/>\nOpportunit\u00e0 per startup e PMI.<\/p>\n","protected":false},"author":15,"featured_media":9951,"comment_status":"closed","ping_status":"open","sticky":false,"template":"","format":"standard","meta":{"_acf_changed":false,"ghostkit_customizer_options":"","ghostkit_custom_css":"","ghostkit_custom_js_head":"","ghostkit_custom_js_foot":"","ghostkit_typography":"","footnotes":""},"categories":[45,2,269],"tags":[93,165,353,19,72],"class_list":["post-9948","post","type-post","status-publish","format-standard","has-post-thumbnail","hentry","category-bandi-e-finanziamenti","category-fiere-e-iniziative-internazionali","category-network","tag-camera-di-commercio-di-roma","tag-fiere","tag-fiere-internazionali","tag-multisettore","tag-regione-lazio"],"acf":{"homepage_image":""},"yoast_head":"<!-- This site is optimized with the Yoast SEO plugin v24.2 - https:\/\/yoast.com\/wordpress\/plugins\/seo\/ -->\n<title>PR FESR LAZIO 2021-2027 \u2013 Eventi e Manifestazioni fieristiche - Lazio International - Lazio Innova<\/title>\n<meta name=\"description\" content=\"Promozione del sistema produttivo del Lazio \u2013 Anno 2023.Opportunit\u00e0 per startup e PMI.\" \/>\n<meta name=\"robots\" content=\"index, follow, max-snippet:-1, max-image-preview:large, max-video-preview:-1\" \/>\n<link rel=\"canonical\" href=\"https:\/\/www.lazioinnova.it\/laziointernational\/2023\/05\/24\/pr-fesr-lazio-2021-2027-eventi-e-manifestazioni-fieristiche-per-la-promozione-del-sistema-produttivo-del-lazio-anno-2023\/\" \/>\n<meta property=\"og:locale\" content=\"it_IT\" \/>\n<meta property=\"og:type\" content=\"article\" \/>\n<meta property=\"og:title\" content=\"PR FESR LAZIO 2021-2027 \u2013 Eventi e Manifestazioni fieristiche - Lazio International - Lazio Innova\" \/>\n<meta property=\"og:description\" content=\"Promozione del sistema produttivo del Lazio \u2013 Anno 2023.Opportunit\u00e0 per startup e PMI.\" \/>\n<meta property=\"og:url\" content=\"https:\/\/www.lazioinnova.it\/laziointernational\/2023\/05\/24\/pr-fesr-lazio-2021-2027-eventi-e-manifestazioni-fieristiche-per-la-promozione-del-sistema-produttivo-del-lazio-anno-2023\/\" \/>\n<meta property=\"og:site_name\" content=\"Lazio International - Lazio Innova\" \/>\n<meta property=\"article:published_time\" content=\"2023-05-24T11:21:39+00:00\" \/>\n<meta property=\"article:modified_time\" content=\"2023-06-22T14:15:23+00:00\" \/>\n<meta property=\"og:image\" content=\"https:\/\/www.lazioinnova.it\/laziointernational\/app\/uploads\/2023\/05\/fiere1.png\" \/>\n\t<meta property=\"og:image:width\" content=\"823\" \/>\n\t<meta property=\"og:image:height\" content=\"557\" \/>\n\t<meta property=\"og:image:type\" content=\"image\/png\" \/>\n<meta name=\"author\" content=\"Simona Saldi\" \/>\n<meta name=\"twitter:card\" content=\"summary_large_image\" \/>\n<meta name=\"twitter:label1\" content=\"Scritto da\" \/>\n\t<meta name=\"twitter:data1\" content=\"Simona Saldi\" \/>\n\t<meta name=\"twitter:label2\" content=\"Tempo di lettura stimato\" \/>\n\t<meta name=\"twitter:data2\" content=\"3 minuti\" \/>\n<script type=\"application\/ld+json\" class=\"yoast-schema-graph\">{\"@context\":\"https:\/\/schema.org\",\"@graph\":[{\"@type\":\"WebPage\",\"@id\":\"https:\/\/www.lazioinnova.it\/laziointernational\/2023\/05\/24\/pr-fesr-lazio-2021-2027-eventi-e-manifestazioni-fieristiche-per-la-promozione-del-sistema-produttivo-del-lazio-anno-2023\/\",\"url\":\"https:\/\/www.lazioinnova.it\/laziointernational\/2023\/05\/24\/pr-fesr-lazio-2021-2027-eventi-e-manifestazioni-fieristiche-per-la-promozione-del-sistema-produttivo-del-lazio-anno-2023\/\",\"name\":\"PR FESR LAZIO 2021-2027 \u2013 Eventi e Manifestazioni fieristiche - Lazio International - Lazio Innova\",\"isPartOf\":{\"@id\":\"https:\/\/www.lazioinnova.it\/laziointernational\/#website\"},\"primaryImageOfPage\":{\"@id\":\"https:\/\/www.lazioinnova.it\/laziointernational\/2023\/05\/24\/pr-fesr-lazio-2021-2027-eventi-e-manifestazioni-fieristiche-per-la-promozione-del-sistema-produttivo-del-lazio-anno-2023\/#primaryimage\"},\"image\":{\"@id\":\"https:\/\/www.lazioinnova.it\/laziointernational\/2023\/05\/24\/pr-fesr-lazio-2021-2027-eventi-e-manifestazioni-fieristiche-per-la-promozione-del-sistema-produttivo-del-lazio-anno-2023\/#primaryimage\"},\"thumbnailUrl\":\"https:\/\/www.lazioinnova.it\/laziointernational\/app\/uploads\/2023\/05\/fiere1.png\",\"datePublished\":\"2023-05-24T11:21:39+00:00\",\"dateModified\":\"2023-06-22T14:15:23+00:00\",\"author\":{\"@id\":\"https:\/\/www.lazioinnova.it\/laziointernational\/#\/schema\/person\/7cbe2b01abf9e66e3c12dd6c1af34b4a\"},\"description\":\"Promozione del sistema produttivo del Lazio \u2013 Anno 2023.Opportunit\u00e0 per startup e PMI.\",\"breadcrumb\":{\"@id\":\"https:\/\/www.lazioinnova.it\/laziointernational\/2023\/05\/24\/pr-fesr-lazio-2021-2027-eventi-e-manifestazioni-fieristiche-per-la-promozione-del-sistema-produttivo-del-lazio-anno-2023\/#breadcrumb\"},\"inLanguage\":\"it-IT\",\"potentialAction\":[{\"@type\":\"ReadAction\",\"target\":[\"https:\/\/www.lazioinnova.it\/laziointernational\/2023\/05\/24\/pr-fesr-lazio-2021-2027-eventi-e-manifestazioni-fieristiche-per-la-promozione-del-sistema-produttivo-del-lazio-anno-2023\/\"]}]},{\"@type\":\"ImageObject\",\"inLanguage\":\"it-IT\",\"@id\":\"https:\/\/www.lazioinnova.it\/laziointernational\/2023\/05\/24\/pr-fesr-lazio-2021-2027-eventi-e-manifestazioni-fieristiche-per-la-promozione-del-sistema-produttivo-del-lazio-anno-2023\/#primaryimage\",\"url\":\"https:\/\/www.lazioinnova.it\/laziointernational\/app\/uploads\/2023\/05\/fiere1.png\",\"contentUrl\":\"https:\/\/www.lazioinnova.it\/laziointernational\/app\/uploads\/2023\/05\/fiere1.png\",\"width\":823,\"height\":557},{\"@type\":\"BreadcrumbList\",\"@id\":\"https:\/\/www.lazioinnova.it\/laziointernational\/2023\/05\/24\/pr-fesr-lazio-2021-2027-eventi-e-manifestazioni-fieristiche-per-la-promozione-del-sistema-produttivo-del-lazio-anno-2023\/#breadcrumb\",\"itemListElement\":[{\"@type\":\"ListItem\",\"position\":1,\"name\":\"Home\",\"item\":\"https:\/\/www.lazioinnova.it\/laziointernational\/\"},{\"@type\":\"ListItem\",\"position\":2,\"name\":\"PR FESR LAZIO 2021-2027 \u2013 Eventi e Manifestazioni fieristiche\"}]},{\"@type\":\"WebSite\",\"@id\":\"https:\/\/www.lazioinnova.it\/laziointernational\/#website\",\"url\":\"https:\/\/www.lazioinnova.it\/laziointernational\/\",\"name\":\"Lazio International - Lazio Innova\",\"description\":\"Lazio Innova\",\"potentialAction\":[{\"@type\":\"SearchAction\",\"target\":{\"@type\":\"EntryPoint\",\"urlTemplate\":\"https:\/\/www.lazioinnova.it\/laziointernational\/?s={search_term_string}\"},\"query-input\":{\"@type\":\"PropertyValueSpecification\",\"valueRequired\":true,\"valueName\":\"search_term_string\"}}],\"inLanguage\":\"it-IT\"},{\"@type\":\"Person\",\"@id\":\"https:\/\/www.lazioinnova.it\/laziointernational\/#\/schema\/person\/7cbe2b01abf9e66e3c12dd6c1af34b4a\",\"name\":\"Simona Saldi\",\"image\":{\"@type\":\"ImageObject\",\"inLanguage\":\"it-IT\",\"@id\":\"https:\/\/www.lazioinnova.it\/laziointernational\/#\/schema\/person\/image\/\",\"url\":\"https:\/\/secure.gravatar.com\/avatar\/728241e61a8018eb4202d98d81c7c91a?s=96&d=mm&r=g\",\"contentUrl\":\"https:\/\/secure.gravatar.com\/avatar\/728241e61a8018eb4202d98d81c7c91a?s=96&d=mm&r=g\",\"caption\":\"Simona Saldi\"},\"url\":\"https:\/\/www.lazioinnova.it\/laziointernational\/author\/s-saldi\/\"}]}<\/script>\n<!-- \/ Yoast SEO plugin. -->","yoast_head_json":{"title":"PR FESR LAZIO 2021-2027 \u2013 Eventi e Manifestazioni fieristiche - Lazio International - Lazio Innova","description":"Promozione del sistema produttivo del Lazio \u2013 Anno 2023.Opportunit\u00e0 per startup e PMI.","robots":{"index":"index","follow":"follow","max-snippet":"max-snippet:-1","max-image-preview":"max-image-preview:large","max-video-preview":"max-video-preview:-1"},"canonical":"https:\/\/www.lazioinnova.it\/laziointernational\/2023\/05\/24\/pr-fesr-lazio-2021-2027-eventi-e-manifestazioni-fieristiche-per-la-promozione-del-sistema-produttivo-del-lazio-anno-2023\/","og_locale":"it_IT","og_type":"article","og_title":"PR FESR LAZIO 2021-2027 \u2013 Eventi e Manifestazioni fieristiche - Lazio International - Lazio Innova","og_description":"Promozione del sistema produttivo del Lazio \u2013 Anno 2023.Opportunit\u00e0 per startup e PMI.","og_url":"https:\/\/www.lazioinnova.it\/laziointernational\/2023\/05\/24\/pr-fesr-lazio-2021-2027-eventi-e-manifestazioni-fieristiche-per-la-promozione-del-sistema-produttivo-del-lazio-anno-2023\/","og_site_name":"Lazio International - Lazio Innova","article_published_time":"2023-05-24T11:21:39+00:00","article_modified_time":"2023-06-22T14:15:23+00:00","og_image":[{"width":823,"height":557,"url":"https:\/\/www.lazioinnova.it\/laziointernational\/app\/uploads\/2023\/05\/fiere1.png","type":"image\/png"}],"author":"Simona Saldi","twitter_card":"summary_large_image","twitter_misc":{"Scritto da":"Simona Saldi","Tempo di lettura stimato":"3 minuti"},"schema":{"@context":"https:\/\/schema.org","@graph":[{"@type":"WebPage","@id":"https:\/\/www.lazioinnova.it\/laziointernational\/2023\/05\/24\/pr-fesr-lazio-2021-2027-eventi-e-manifestazioni-fieristiche-per-la-promozione-del-sistema-produttivo-del-lazio-anno-2023\/","url":"https:\/\/www.lazioinnova.it\/laziointernational\/2023\/05\/24\/pr-fesr-lazio-2021-2027-eventi-e-manifestazioni-fieristiche-per-la-promozione-del-sistema-produttivo-del-lazio-anno-2023\/","name":"PR FESR LAZIO 2021-2027 \u2013 Eventi e Manifestazioni fieristiche - Lazio International - Lazio Innova","isPartOf":{"@id":"https:\/\/www.lazioinnova.it\/laziointernational\/#website"},"primaryImageOfPage":{"@id":"https:\/\/www.lazioinnova.it\/laziointernational\/2023\/05\/24\/pr-fesr-lazio-2021-2027-eventi-e-manifestazioni-fieristiche-per-la-promozione-del-sistema-produttivo-del-lazio-anno-2023\/#primaryimage"},"image":{"@id":"https:\/\/www.lazioinnova.it\/laziointernational\/2023\/05\/24\/pr-fesr-lazio-2021-2027-eventi-e-manifestazioni-fieristiche-per-la-promozione-del-sistema-produttivo-del-lazio-anno-2023\/#primaryimage"},"thumbnailUrl":"https:\/\/www.lazioinnova.it\/laziointernational\/app\/uploads\/2023\/05\/fiere1.png","datePublished":"2023-05-24T11:21:39+00:00","dateModified":"2023-06-22T14:15:23+00:00","author":{"@id":"https:\/\/www.lazioinnova.it\/laziointernational\/#\/schema\/person\/7cbe2b01abf9e66e3c12dd6c1af34b4a"},"description":"Promozione del sistema produttivo del Lazio \u2013 Anno 2023.Opportunit\u00e0 per startup e PMI.","breadcrumb":{"@id":"https:\/\/www.lazioinnova.it\/laziointernational\/2023\/05\/24\/pr-fesr-lazio-2021-2027-eventi-e-manifestazioni-fieristiche-per-la-promozione-del-sistema-produttivo-del-lazio-anno-2023\/#breadcrumb"},"inLanguage":"it-IT","potentialAction":[{"@type":"ReadAction","target":["https:\/\/www.lazioinnova.it\/laziointernational\/2023\/05\/24\/pr-fesr-lazio-2021-2027-eventi-e-manifestazioni-fieristiche-per-la-promozione-del-sistema-produttivo-del-lazio-anno-2023\/"]}]},{"@type":"ImageObject","inLanguage":"it-IT","@id":"https:\/\/www.lazioinnova.it\/laziointernational\/2023\/05\/24\/pr-fesr-lazio-2021-2027-eventi-e-manifestazioni-fieristiche-per-la-promozione-del-sistema-produttivo-del-lazio-anno-2023\/#primaryimage","url":"https:\/\/www.lazioinnova.it\/laziointernational\/app\/uploads\/2023\/05\/fiere1.png","contentUrl":"https:\/\/www.lazioinnova.it\/laziointernational\/app\/uploads\/2023\/05\/fiere1.png","width":823,"height":557},{"@type":"BreadcrumbList","@id":"https:\/\/www.lazioinnova.it\/laziointernational\/2023\/05\/24\/pr-fesr-lazio-2021-2027-eventi-e-manifestazioni-fieristiche-per-la-promozione-del-sistema-produttivo-del-lazio-anno-2023\/#breadcrumb","itemListElement":[{"@type":"ListItem","position":1,"name":"Home","item":"https:\/\/www.lazioinnova.it\/laziointernational\/"},{"@type":"ListItem","position":2,"name":"PR FESR LAZIO 2021-2027 \u2013 Eventi e Manifestazioni fieristiche"}]},{"@type":"WebSite","@id":"https:\/\/www.lazioinnova.it\/laziointernational\/#website","url":"https:\/\/www.lazioinnova.it\/laziointernational\/","name":"Lazio International - Lazio Innova","description":"Lazio Innova","potentialAction":[{"@type":"SearchAction","target":{"@type":"EntryPoint","urlTemplate":"https:\/\/www.lazioinnova.it\/laziointernational\/?s={search_term_string}"},"query-input":{"@type":"PropertyValueSpecification","valueRequired":true,"valueName":"search_term_string"}}],"inLanguage":"it-IT"},{"@type":"Person","@id":"https:\/\/www.lazioinnova.it\/laziointernational\/#\/schema\/person\/7cbe2b01abf9e66e3c12dd6c1af34b4a","name":"Simona Saldi","image":{"@type":"ImageObject","inLanguage":"it-IT","@id":"https:\/\/www.lazioinnova.it\/laziointernational\/#\/schema\/person\/image\/","url":"https:\/\/secure.gravatar.com\/avatar\/728241e61a8018eb4202d98d81c7c91a?s=96&d=mm&r=g","contentUrl":"https:\/\/secure.gravatar.com\/avatar\/728241e61a8018eb4202d98d81c7c91a?s=96&d=mm&r=g","caption":"Simona Saldi"},"url":"https:\/\/www.lazioinnova.it\/laziointernational\/author\/s-saldi\/"}]}},"featured_image_src":"https:\/\/www.lazioinnova.it\/laziointernational\/app\/uploads\/2023\/05\/fiere1-600x400.png","featured_image_src_square":"https:\/\/www.lazioinnova.it\/laziointernational\/app\/uploads\/2023\/05\/fiere1-600x557.png","author_info":{"display_name":"Simona Saldi","author_link":"https:\/\/www.lazioinnova.it\/laziointernational\/author\/s-saldi\/"},"homepage_image":"","_links":{"self":[{"href":"https:\/\/www.lazioinnova.it\/laziointernational\/wp-json\/wp\/v2\/posts\/9948","targetHints":{"allow":["GET"]}}],"collection":[{"href":"https:\/\/www.lazioinnova.it\/laziointernational\/wp-json\/wp\/v2\/posts"}],"about":[{"href":"https:\/\/www.lazioinnova.it\/laziointernational\/wp-json\/wp\/v2\/types\/post"}],"author":[{"embeddable":true,"href":"https:\/\/www.lazioinnova.it\/laziointernational\/wp-json\/wp\/v2\/users\/15"}],"replies":[{"embeddable":true,"href":"https:\/\/www.lazioinnova.it\/laziointernational\/wp-json\/wp\/v2\/comments?post=9948"}],"version-history":[{"count":10,"href":"https:\/\/www.lazioinnova.it\/laziointernational\/wp-json\/wp\/v2\/posts\/9948\/revisions"}],"predecessor-version":[{"id":10275,"href":"https:\/\/www.lazioinnova.it\/laziointernational\/wp-json\/wp\/v2\/posts\/9948\/revisions\/10275"}],"wp:featuredmedia":[{"embeddable":true,"href":"https:\/\/www.lazioinnova.it\/laziointernational\/wp-json\/wp\/v2\/media\/9951"}],"wp:attachment":[{"href":"https:\/\/www.lazioinnova.it\/laziointernational\/wp-json\/wp\/v2\/media?parent=9948"}],"wp:term":[{"taxonomy":"category","embeddable":true,"href":"https:\/\/www.lazioinnova.it\/laziointernational\/wp-json\/wp\/v2\/categories?post=9948"},{"taxonomy":"post_tag","embeddable":true,"href":"https:\/\/www.lazioinnova.it\/laziointernational\/wp-json\/wp\/v2\/tags?post=9948"}],"curies":[{"name":"wp","href":"https:\/\/api.w.org\/{rel}","templated":true}]}}